{"id":309292,"date":"2025-12-27T03:56:11","date_gmt":"2025-12-27T03:56:11","guid":{"rendered":"https:\/\/www.europesays.com\/es\/309292\/"},"modified":"2025-12-27T03:56:11","modified_gmt":"2025-12-27T03:56:11","slug":"la-odisea-trailer-supera-en-vistas-a-oppenheimer-y-es-el-mas-visto-en-la-carrera-de-christopher-nolan","status":"publish","type":"post","link":"https:\/\/www.europesays.com\/es\/309292\/","title":{"rendered":"La Odisea trailer supera en vistas a Oppenheimer y es el mas visto en la carrera de Christopher Nolan"},"content":{"rendered":"<p><a href=\"https:\/\/rpp.pe\/cine\/internacional\/la-odisea-christopher-nolan-lanza-el-primer-trailer-oficial-con-matt-damon-en-una-epica-travesia-de-regreso-a-casa-noticia-1668857\" title=\"La odisea\" rel=\"follow noopener nofollow\" target=\"_blank\">La Odisea<\/a>, la esperada pel\u00edcula \u00e9pica de <a href=\"https:\/\/rpp.pe\/cine\/internacional\/christopher-nolan-hara-una-nueva-pelicula-de-la-odisea-el-epico-poema-de-homero-revela-universal-pictures-noticia-1606187\" title=\"Christopher Nolan\" rel=\"follow noopener nofollow\" target=\"_blank\">Christopher Nolan<\/a>, ya empez\u00f3 a batir r\u00e9cords antes de su estreno en los cines de todo el mundo el 2026 \u00bfQu\u00e9 pas\u00f3? Resulta que el tr\u00e1iler oficial lanzado el \u00faltimo lunes 22 de diciembre ya se convirti\u00f3 en el avance m\u00e1s visto en la carrera del director ganador del \u00d3scar.<\/p>\n<p>Seg\u00fan informaci\u00f3n de la revista Forbes, compartida por la firma de an\u00e1lisis de datos de entretenimiento WaveMetrix, el tr\u00e1iler oficial de <a href=\"https:\/\/rpp.pe\/cine\/internacional\/christopher-nolan-la-odisea-estreno-actores-sinopsis-y-todo-sobre-la-nueva-pelicula-de-universal-pictures-noticia-1606848\" title=\"La Odisea\" rel=\"follow noopener nofollow\" target=\"_blank\">La Odisea<\/a> \u201cfue vista m\u00e1s de 121,4 millones de veces en diversas plataformas de redes sociales en sus primeras 24 horas\u201d.<\/p>\n<p>En efecto, el portal se\u00f1al\u00f3 que la cantidad de vistas del primer avance oficial del filme protagonizado por <a href=\"https:\/\/rpp.pe\/famosos\/celebridades\/jimmy-kimmel-revela-que-salvo-a-matt-damon-de-morir-asfixiado-noticia-1651224\" title=\"Matt Damon\" rel=\"follow noopener nofollow\" target=\"_blank\">Matt Damon<\/a> consigui\u00f3 \u201cm\u00e1s del doble de los 50 millones de vistas\u201d que obtuvo en su momento la exitosa pel\u00edcula <a href=\"https:\/\/rpp.pe\/cine\/internacional\/oppenheimer-turismo-en-los-alamos-se-dispara-gracias-a-la-pelicula-de-christopher-nolan-noticia-1538322\" title=\"Oppenheimer\" rel=\"follow noopener nofollow\" target=\"_blank\">Oppenheimer<\/a> en el primer d\u00eda.<\/p>\n<p>\u201cLa Odisea es el primer tr\u00e1iler de Nolan como director del \u00d3scar ya que <a href=\"https:\/\/rpp.pe\/cine\/internacional\/premios-oscar-2024-oppenheimer-gano-a-mejor-pelicula-noticia-1540068\" title=\"Oppenheimer\" rel=\"follow noopener nofollow\" target=\"_blank\">Oppenheimer<\/a> gan\u00f3 siete premios de la Academia el 2023, incluidos los de director (\u2026). Tambi\u00e9n fue el octavo tr\u00e1iler m\u00e1s vistos este a\u00f1o en 24 horas detr\u00e1s de <strong>El diablo viste a la moda<\/strong>, <strong>Moana<\/strong> y <strong>Lilo &amp; Stitch<\/strong>. Tambi\u00e9n fue el tr\u00e1iler de pel\u00edculas m\u00e1s vendido de Universal Pictures este 2025 por delante de <strong>Wicked: For Good<\/strong>, que logr\u00f3 113 millones de vistas en 24 horas\u201d, precisa Forbes basado en el reporte de WaveMetrix.<\/p>\n<p>Del mismo modo, se precis\u00f3 que el 27 % de las visualizaciones del tr\u00e1iler de <a href=\"https:\/\/rpp.pe\/cine\/internacional\/la-odisea-matt-damon-sera-odiseo-en-nueva-pelicula-de-christopher-nolan-con-universal-pictures-noticia-1616779\" title=\"La Odisea\" rel=\"follow noopener nofollow\" target=\"_blank\">La Odisea<\/a> provino de TikTok, seguidas de YouTube (26 %), Facebook (21 %), Instagram (18 %) y X (10 %) representando el resto de las visualizaciones, seg\u00fan el an\u00e1lisis de WaveMetrix.<\/p>\n<p>        <img decoding=\"async\" src=\"https:\/\/www.europesays.com\/es\/wp-content\/uploads\/2025\/12\/045604_1824279.jpg\"   alt=\"Christopher Nolan gan\u00f3 su primer \u00d3scar como director por la pel\u00edcula Oppenheimer.\" title=\"Christopher Nolan gan\u00f3 su primer \u00d3scar como director por la pel\u00edcula Oppenheimer\" loading=\"lazy\"\/><\/p>\n<p>    Christopher Nolan gan\u00f3 su primer \u00d3scar como director por la pel\u00edcula Oppenheimer. |<br \/>\n    Fuente: EFE   <\/p>\n<p>\u00bfQu\u00e9 se vio en el primer tr\u00e1iler de La Odisea?<\/p>\n<p>El filme sigue el viaje de <strong>Odiseo<\/strong>, el h\u00e9roe griego interpretado por <a href=\"https:\/\/rpp.pe\/cine\/internacional\/la-odisea-matt-damon-sera-odiseo-en-nueva-pelicula-de-christopher-nolan-con-universal-pictures-noticia-1616779\" title=\"Matt Damon\" rel=\"follow noopener nofollow\" target=\"_blank\">Matt Damon<\/a>, en su largo y accidentado regreso a casa tras la Guerra de Troya. Entre las im\u00e1genes m\u00e1s impactantes del avance aparece el h\u00e9roe junto a sus hombres dentro del famoso caballo de Troya, as\u00ed como escenas de naufragios y combates que anticipan un viaje lleno de obst\u00e1culos.<\/p>\n<p>El tr\u00e1iler, de aproximadamente un minuto y medio, inicia en un campo de batalla cubierto de restos de soldados. Luego, vemos a un ej\u00e9rcito prepar\u00e1ndose para zarpar, mientras Odiseo (Damon) se arrodilla ante Agamen\u00f3n (<strong>Benny Safdie<\/strong>). \u201cTras a\u00f1os de guerra, nadie pod\u00eda interponerse entre mis hombres y su hogar. Ni siquiera yo\u201d, se escucha decir al protagonista.<\/p>\n<p>Las im\u00e1genes alternan entre el viaje de Odiseo y la incertidumbre que viven Pen\u00e9lope (<strong>Anne Hathaway<\/strong>) y Tel\u00e9maco (<strong>Tom Holland<\/strong>) ante su ausencia. El avance deja claro que el regreso no ser\u00e1 sencillo: la tripulaci\u00f3n se enfrenta a amenazas colosales, desde un c\u00edclope hasta lo que parece ser un ej\u00e9rcito de soldados ca\u00eddos que emerge de la tierra.<\/p>\n<p>        <img decoding=\"async\" src=\"https:\/\/www.europesays.com\/es\/wp-content\/uploads\/2025\/12\/455745_1824280.jpg\"   alt=\"Robert Pattinson act\u00faa en la nueva pel\u00edcula La Odisea, de Christopher Nolan.\" title=\"Robert Pattinson act\u00faa en la nueva pel\u00edcula La Odisea, de Christopher Nolan\" loading=\"lazy\"\/><\/p>\n<p>    Robert Pattinson act\u00faa en la nueva pel\u00edcula La Odisea, de Christopher Nolan. |<br \/>\n    Fuente: Universal Pictures   <\/p>\n<p>\u00bfCu\u00e1ndo se estrenar\u00e1 La Odisea en los cines?<\/p>\n<p>Universal Pictures program\u00f3 el estreno de la nueva pel\u00edcula <a href=\"https:\/\/rpp.pe\/cine\/internacional\/tom-holland-confirma-que-estara-en-la-nueva-pelicula-de-christopher-nolan-en-universal-matt-damon-noticia-1593546\" title=\"La Odisea\" rel=\"follow noopener nofollow\" target=\"_blank\">La Odisea<\/a>, de <a href=\"https:\/\/rpp.pe\/famosos\/celebridades\/christopher-nolan-es-nombrado-caballero-por-el-rey-carlos-iii-de-inglaterra-emma-thomas-oppenheimer-noticia-1605341\" title=\"Christopher Nolan\" rel=\"follow noopener nofollow\" target=\"_blank\">Christopher Nolan<\/a>, en los cines de Estados Unidos para el 17 de julio de 2026. Esperando tambi\u00e9n su llegada a Latinoam\u00e9rica, incluido el Per\u00fa.<\/p>\n<p>Cabe mencionar que esta pel\u00edcula se proyectar\u00e1 en formatos IMAX e IMAX 70 mm, y las entradas ya salieron a la venta con un a\u00f1o de antelaci\u00f3n.<\/p>\n<p>\u00bfDe qu\u00e9 tratar\u00e1 La Odisea, de Christopher Nolan?<\/p>\n<p><a title=\"La Odisea\" href=\"https:\/\/rpp.pe\/cine\/internacional\/la-odisea-se-filtra-el-teaser-de-la-nueva-pelicula-de-christopher-nolan-con-matt-damon-y-tom-holland-noticia-1644409\" target=\"_blank\" rel=\"follow noopener nofollow\">La Odisea<\/a>, de <a title=\"Christopher Nolan\" href=\"https:\/\/rpp.pe\/cine\/internacional\/christopher-nolan-tendra-nueva-pelicula-en-universal-para-el-2026-tras-exito-de-oppenheimer-matt-damon-noticia-1590220\" target=\"_blank\" rel=\"follow noopener nofollow\">Christopher Nolan<\/a>, se basar\u00e1 en el hist\u00f3rico poema de Odiseo, el h\u00e9roe griego quien emprende un peligroso viaje de 10 a\u00f1os para poder regresar a su hogar luego de la Guerra de Troya.\u00a0<\/p>\n<p>Si bien no hay una sinopsis oficial de la pel\u00edcula, Comicbook comparti\u00f3 un concepto de la \u00e9pica obra de<strong> Homero<\/strong> que podr\u00eda dar una idea del nuevo proyecto cinematogr\u00e1fico de Nolan.<\/p>\n<p>\u00abLa Odisea de Homero narra la historia de Odiseo y sus viajes a trav\u00e9s del mar Mediterr\u00e1neo en un intento de regresar a su hogar en \u00cdtaca despu\u00e9s de la Guerra de Troya, que dur\u00f3 una d\u00e9cada. Odiseo enfurece a Poseid\u00f3n y es perseguido &#8216;con una ira implacable&#8217;. El poema \u00e9pico presenta personajes m\u00edticos como Tel\u00e9maco, el hijo de Odiseo\/Ulises y Pen\u00e9lope; la diosa Atenea; el gigante tuerto c\u00edclope Polifemo, cegado por Odiseo; la brillante hechicera Circe; la lujuriosa diosa Calipso; y el vengativo dios del mar Poseid\u00f3n\u00bb, describe el portal especializado en cine.<\/p>\n<p>  <img decoding=\"async\" src=\"https:\/\/www.europesays.com\/es\/wp-content\/uploads\/2025\/12\/1824281the-odyssey-734013375-large-fotor-20251226185433jpg.jpg\"   title=\"La Odisea llegar\u00e1 a los cines de Estados Unidos el 16 de julio de 2026\" alt=\"La Odisea llegar\u00e1 a los cines de Estados Unidos el 16 de julio de 2026.\" loading=\"lazy\"\/><\/p>\n<p>La Odisea llegar\u00e1 a los cines de Estados Unidos el 16 de julio de 2026.Fuente: Universal Pictures<\/p>\n<p>\u00bfQui\u00e9n es qui\u00e9n en la pel\u00edcula La Odisea?<\/p>\n<ul>\n<li><strong>Matt Damon<\/strong> como Odiseo.<\/li>\n<li><strong>Anne Hathaway <\/strong>como Pen\u00e9lope.<\/li>\n<li><strong>Tom Holland<\/strong> como Tel\u00e9maco.<\/li>\n<li><strong>Zendaya<\/strong> como Atenea.<\/li>\n<li><strong>Lupita Nyong\u2019o <\/strong>como Clitemnestra.<\/li>\n<li><strong>Robert Pattinson<\/strong> como Ant\u00ednoo.<\/li>\n<li><strong>Charlize Theron<\/strong> como Circe.<\/li>\n<li><strong>Jon Bernthal<\/strong> como Menelao.<\/li>\n<li><strong>Benny Safdie<\/strong> como Agamen\u00f3n.<\/li>\n<li><strong>Mia Goth<\/strong> como Melanto.<\/li>\n<li><strong>Himesh Patel <\/strong>como Eur\u00edloco.<\/li>\n<li><strong>Will Yun Lee <\/strong>como otro de los compa\u00f1eros de Odiseo.<\/li>\n<li><strong>Jimmy Gonzales<\/strong> como Cefeo.<\/li>\n<\/ul>\n<p>Tambi\u00e9n participan: Elliot Page, John Leguizamo, Bill Irwin, Samantha Morton, Jesse Garc\u00eda, Rafi Gavron, Shiloh Fernandez, Corey Hawkins, Nick E. Tarabay, Maurice Compte, Michael Vlamis, Iddo Goldberg, Josh Stewart, Ryan Hurst, Anthony Molinari, Jovan Adepo, Logan Marshall-Green y James Remar.<\/p>\n<p>            <a href=\"https:\/\/www.whatsapp.com\/channel\/0029VZztxLS3gvWYKY1YWN1I\" class=\"button button--whatsapp button--nothov button--block flex-1\" rel=\"noopener noreferrer nofollow\" target=\"_blank\"><\/p>\n<p>              \u00danete a nuestro canal en WhatsApp<br \/>\n            <\/a><br \/>\n            <a href=\"https:\/\/news.google.com\/publications\/CAAiEPS-1PTwo1fhyncujsNXKmcqFAgKIhD0vtT08KNX4cp3Lo7DVypn?hl=es-419&amp;gl=PE&amp;ceid=PE%3Aes-419\" class=\"button button--transparent button--outline button--nothov button--block flex-1\" rel=\"noopener noreferrer nofollow\" target=\"_blank\"><\/p>\n<p>                  Siguenos en<br \/>\n                  <img decoding=\"async\" src=\"https:\/\/s2.rpp-noticias.io\/static\/dist\/img\/logo-googlenews.svg\" width=\"131\" height=\"20\" alt=\"Google News\" loading=\"lazy\"\/><\/p>\n<p>            <\/a><\/p>\n","protected":false},"excerpt":{"rendered":"La Odisea, la esperada pel\u00edcula \u00e9pica de Christopher Nolan, ya empez\u00f3 a batir r\u00e9cords antes de su estreno&hellip;\n","protected":false},"author":2,"featured_media":309293,"comment_status":"","ping_status":"","sticky":false,"template":"","format":"standard","meta":{"footnotes":""},"categories":[169],"tags":[8141,16313,43999,177,146,147,25,24,176,28201,5258,175,72905,46968,23,29418,183,28275],"class_list":{"0":"post-309292","1":"post","2":"type-post","3":"status-publish","4":"format-standard","5":"has-post-thumbnail","7":"category-cine","8":"tag-anne-hathaway","9":"tag-charlize-theron","10":"tag-christopher-nolan","11":"tag-cine","12":"tag-entertainment","13":"tag-entretenimiento","14":"tag-es","15":"tag-espana","16":"tag-film","17":"tag-la-odisea","18":"tag-matt-damon","19":"tag-movies","20":"tag-pelcula","21":"tag-robert-pattinson","22":"tag-spain","23":"tag-tom-holland","24":"tag-trailer","25":"tag-zendaya"},"share_on_mastodon":{"url":"https:\/\/pubeurope.com\/@es\/115789522102627842","error":""},"_links":{"self":[{"href":"https:\/\/www.europesays.com\/es\/wp-json\/wp\/v2\/posts\/309292","targetHints":{"allow":["GET"]}}],"collection":[{"href":"https:\/\/www.europesays.com\/es\/wp-json\/wp\/v2\/posts"}],"about":[{"href":"https:\/\/www.europesays.com\/es\/wp-json\/wp\/v2\/types\/post"}],"author":[{"embeddable":true,"href":"https:\/\/www.europesays.com\/es\/wp-json\/wp\/v2\/users\/2"}],"replies":[{"embeddable":true,"href":"https:\/\/www.europesays.com\/es\/wp-json\/wp\/v2\/comments?post=309292"}],"version-history":[{"count":0,"href":"https:\/\/www.europesays.com\/es\/wp-json\/wp\/v2\/posts\/309292\/revisions"}],"wp:featuredmedia":[{"embeddable":true,"href":"https:\/\/www.europesays.com\/es\/wp-json\/wp\/v2\/media\/309293"}],"wp:attachment":[{"href":"https:\/\/www.europesays.com\/es\/wp-json\/wp\/v2\/media?parent=309292"}],"wp:term":[{"taxonomy":"category","embeddable":true,"href":"https:\/\/www.europesays.com\/es\/wp-json\/wp\/v2\/categories?post=309292"},{"taxonomy":"post_tag","embeddable":true,"href":"https:\/\/www.europesays.com\/es\/wp-json\/wp\/v2\/tags?post=309292"}],"curies":[{"name":"wp","href":"https:\/\/api.w.org\/{rel}","templated":true}]}}