{"id":309298,"date":"2025-12-27T03:59:30","date_gmt":"2025-12-27T03:59:30","guid":{"rendered":"https:\/\/www.europesays.com\/es\/309298\/"},"modified":"2025-12-27T03:59:30","modified_gmt":"2025-12-27T03:59:30","slug":"sera-navidad-llega-este-sabado-al-auditorio-de-teror-con-pedro-manuel-afonso","status":"publish","type":"post","link":"https:\/\/www.europesays.com\/es\/309298\/","title":{"rendered":"\u2018Ser\u00e1 Navidad\u2019 llega este s\u00e1bado al Auditorio de Teror con Pedro Manuel Afonso"},"content":{"rendered":"<p><strong>Entradas disponibles para las funci\u00f3n a las 20:30 horas. Un espect\u00e1culo con m\u00e1s de una decena de m\u00fasicos para disfrutar en familia.<\/strong><\/p>\n<p class=\"my-2 [&amp;+p]:mt-4 [&amp;_strong:has(+br)]:inline-block [&amp;_strong:has(+br)]:pb-2\">El Auditorio de Teror presenta este s\u00e1bado 27 de diciembre, a las 20:30 horas, el espect\u00e1culo musical \u2018Ser\u00e1 Navidad\u2019, concebido para disfrutar en familia y contagiarse del esp\u00edritu festivo. Pedro Manuel Afonso, acompa\u00f1ado por m\u00e1s de diez destacados m\u00fasicos, desplegar\u00e1 un repertorio sorprendente que har\u00e1 vibrar, cantar y vivir intensamente la Navidad desde el primer acorde hasta el \u00faltimo. Un concierto de verdadera experiencia sensorial, donde la m\u00fasica se transforma en relato y la emoci\u00f3n es protagonista.<\/p>\n<p>Las\u00a0<a href=\"https:\/\/www.tureservaonline.es\/es\/events\/pedro-manuel-afonso-sera-navidad\" rel=\"nofollow noopener\" target=\"_blank\">entradas\u00a0<\/a> al precio de 10 \u20ac se pueden adquirir en el portal online <a style=\"color: #0000ff;\" href=\"https:\/\/www.tureservaonline.es\/es\/events\/pedro-manuel-afonso-sera-navidad\" rel=\"nofollow noopener\" target=\"_blank\">tureservaonlines.es<\/a> y en la taquilla del Auditorio \u00a0este viernes, de 17:00 a 19:00 horas; y dos horas antes de la funci\u00f3n.<\/p>\n<p class=\"my-2 [&amp;+p]:mt-4 [&amp;_strong:has(+br)]:inline-block [&amp;_strong:has(+br)]:pb-2\">Bajo la direcci\u00f3n musical de Manuel L\u00f3pez y la direcci\u00f3n art\u00edstica de Juanka, \u2018Ser\u00e1 Navidad\u2019 va mucho m\u00e1s all\u00e1 del cl\u00e1sico concierto navide\u00f1o; es una cita imprescindible para compartir en familia, redescubrir la magia de estas fechas y crear recuerdos inolvidables a\u00f1o tras a\u00f1o.<\/p>\n<p>\u00a0<\/p>\n<p>Compartir en redes sociales<\/p>\n","protected":false},"excerpt":{"rendered":"Entradas disponibles para las funci\u00f3n a las 20:30 horas. Un espect\u00e1culo con m\u00e1s de una decena de m\u00fasicos&hellip;\n","protected":false},"author":2,"featured_media":309299,"comment_status":"","ping_status":"","sticky":false,"template":"","format":"standard","meta":{"footnotes":""},"categories":[91],"tags":[146,147,25,24,23],"class_list":{"0":"post-309298","1":"post","2":"type-post","3":"status-publish","4":"format-standard","5":"has-post-thumbnail","7":"category-entretenimiento","8":"tag-entertainment","9":"tag-entretenimiento","10":"tag-es","11":"tag-espana","12":"tag-spain"},"share_on_mastodon":{"url":"https:\/\/pubeurope.com\/@es\/115789533707369282","error":""},"_links":{"self":[{"href":"https:\/\/www.europesays.com\/es\/wp-json\/wp\/v2\/posts\/309298","targetHints":{"allow":["GET"]}}],"collection":[{"href":"https:\/\/www.europesays.com\/es\/wp-json\/wp\/v2\/posts"}],"about":[{"href":"https:\/\/www.europesays.com\/es\/wp-json\/wp\/v2\/types\/post"}],"author":[{"embeddable":true,"href":"https:\/\/www.europesays.com\/es\/wp-json\/wp\/v2\/users\/2"}],"replies":[{"embeddable":true,"href":"https:\/\/www.europesays.com\/es\/wp-json\/wp\/v2\/comments?post=309298"}],"version-history":[{"count":0,"href":"https:\/\/www.europesays.com\/es\/wp-json\/wp\/v2\/posts\/309298\/revisions"}],"wp:featuredmedia":[{"embeddable":true,"href":"https:\/\/www.europesays.com\/es\/wp-json\/wp\/v2\/media\/309299"}],"wp:attachment":[{"href":"https:\/\/www.europesays.com\/es\/wp-json\/wp\/v2\/media?parent=309298"}],"wp:term":[{"taxonomy":"category","embeddable":true,"href":"https:\/\/www.europesays.com\/es\/wp-json\/wp\/v2\/categories?post=309298"},{"taxonomy":"post_tag","embeddable":true,"href":"https:\/\/www.europesays.com\/es\/wp-json\/wp\/v2\/tags?post=309298"}],"curies":[{"name":"wp","href":"https:\/\/api.w.org\/{rel}","templated":true}]}}