{"id":309314,"date":"2025-12-27T04:15:17","date_gmt":"2025-12-27T04:15:17","guid":{"rendered":"https:\/\/www.europesays.com\/es\/309314\/"},"modified":"2025-12-27T04:15:17","modified_gmt":"2025-12-27T04:15:17","slug":"al-dia-siguiente-estabamos-en-television","status":"publish","type":"post","link":"https:\/\/www.europesays.com\/es\/309314\/","title":{"rendered":"\u201cAl d\u00eda siguiente, est\u00e1bamos en televisi\u00f3n\u201d"},"content":{"rendered":"<p>Los hist\u00f3ricos <strong>Los del R\u00edo<\/strong> han visitado el plat\u00f3 de &#8216;\u00a1De Viernes!&#8217; para hacer balance de seis d\u00e9cadas de trayectoria musical, una carrera marcada por actuaciones internacionales, an\u00e9cdotas irrepetibles y encuentros con algunas de las figuras m\u00e1s relevantes de la historia de Espa\u00f1a. Entre ellas, el <strong>rey em\u00e9rito Juan Carlos I<\/strong>, cuya influencia, seg\u00fan han reconocido, fue decisiva en uno de los momentos clave de sus comienzos.<\/p>\n<p>El d\u00fao sevillano ha arrancado la entrevista repasando algunos de los episodios m\u00e1s emocionantes que han vivido en este 2025, un a\u00f1o especialmente simb\u00f3lico para ellos. Entre todos, han destacado uno muy concreto y totalmente inesperado: \u201cLo m\u00e1s emocionante ha sido <strong>la presencia de nuestro rey Juan Carlos en Abu Dabi<\/strong>, que no esper\u00e1bamos que estuviera all\u00ed dos horas y media en el espect\u00e1culo de Andr\u00e9s R\u00edo, que nos invit\u00f3 para cerrar el concierto\u201d.<\/p>\n<p><img loading=\"lazy\" decoding=\"async\"   src=\"https:\/\/www.europesays.com\/es\/wp-content\/uploads\/2025\/12\/de-viernes-los-del-rio_8b265453_251227002736_1200x669.webp.webp\" alt=\"De Viernes Los del R\u00edo\" class=\"lazyload\" width=\"1200\" height=\"669\" data-aspectratio=\"1200\/669\"\/><\/p>\n<p>El d\u00fao sevillano ha arrancado la entrevista repasando algunos de los episodios m\u00e1s emocionantes que han vivido en este 2025.<\/p>\n<p>&#13;Telecinco<\/p>\n<p>Seg\u00fan han contado, el monarca no solo asisti\u00f3 al evento, sino que disfrut\u00f3 activamente del espect\u00e1culo, como ha hecho en otras ocasiones a lo largo de los a\u00f1os. \u201c<strong>El rey tambi\u00e9n bail\u00f3 la \u2018Macarena\u2019<\/strong>. Con nosotros siempre baila\u201d, han dicho orgullosos de su capacidad para hacer que todo el mundo baile su \u00e9xito mundial.<\/p>\n<p>Un encuentro que marc\u00f3 un antes y un despu\u00e9s<\/p>\n<p>M\u00e1s all\u00e1 de esa reciente aparici\u00f3n en Abu Dabi, Los del R\u00edo han retrocedido en el tiempo para recordar c\u00f3mo fue su primer contacto con Juan Carlos I, cuando todav\u00eda era pr\u00edncipe. Un encuentro que, sin saberlo entonces, acabar\u00eda siendo determinante para su proyecci\u00f3n medi\u00e1tica: \u201cNosotros <strong>lo conocimos en el hotel Alfonso XIII<\/strong> cuando era pr\u00edncipe, con do\u00f1a Sof\u00eda. Al d\u00eda siguiente ten\u00edan una boda y tambi\u00e9n estuvimos nosotros\u201d.<\/p>\n<p><img loading=\"lazy\" decoding=\"async\"   src=\"https:\/\/www.europesays.com\/es\/wp-content\/uploads\/2025\/12\/de-viernes-los-del-rio_3f4e6ee9_251227002814_1200x672.webp.webp\" alt=\"De Viernes Los del r\u00edo\" class=\"lazyload\" width=\"1200\" height=\"672\" data-aspectratio=\"1200\/672\"\/><\/p>\n<p>Los del R\u00edo han retrocedido en el tiempo para recordar c\u00f3mo fue su primer contacto con Juan Carlos I.<\/p>\n<p>&#13;Telecinco<\/p>\n<p>Aquella coincidencia dio pie a <a href=\"https:\/\/www.lecturas.com\/actualidad\/hablamos-rio-conocimos-rey-emerito-cuando-era-principe-se-peleaba-nosotros-contando-chistes_153507\" target=\"_blank\" rel=\"nofollow noopener\">una an\u00e9cdota<\/a> que a\u00fan hoy recuerdan con humor y cari\u00f1o. \u201cNos dijo: \u2018Pero bueno, \u00bfvosotros qu\u00e9 est\u00e1is en todos sitios?\u2019 y nosotros le contestamos: \u2018Donde vaya usted, vamos nosotros\u2019\u201d.<\/p>\n<p>Sin embargo, el momento m\u00e1s revelador de la entrevista ha llegado cuando han explicado c\u00f3mo un comentario aparentemente anecd\u00f3tico acab\u00f3 abri\u00e9ndoles las puertas de la televisi\u00f3n, en una \u00e9poca en la que no lograban hacerse un hueco en la peque\u00f1a pantalla. Los del R\u00edo han relatado que fue <strong>durante el 41 cumplea\u00f1os de la reina Sof\u00eda<\/strong>, en una celebraci\u00f3n en la que tambi\u00e9n estaba presente el entonces presidente del Gobierno, Adolfo Su\u00e1rez.\u00a0<\/p>\n<p>\u201cEn aquella celebraci\u00f3n<strong> estaba Adolfo Su\u00e1rez, y tambi\u00e9n estuvimos nosotros<\/strong>. El rey quer\u00eda chistes y m\u00e1s chistes\u201d, han comentado. En ese ambiente distendido, el d\u00fao decidi\u00f3 lanzar una pregunta en tono de broma, sin imaginar las consecuencias: \u201cLe dijimos: \u2018Bueno, ya que estamos aqu\u00ed con personas tan importantes, \u00bfqu\u00e9 es lo que hay que hacer para que nos lleven a la televisi\u00f3n?\u2019\u201d.<\/p>\n<p><img loading=\"lazy\" decoding=\"async\"   src=\"https:\/\/www.europesays.com\/es\/wp-content\/uploads\/2025\/12\/de-viernes-los-del-rio_a36a3de8_251227002855_1200x669.webp.webp\" alt=\"De Viernes Los del R\u00edo\" class=\"lazyload\" width=\"1200\" height=\"669\" data-aspectratio=\"1200\/669\"\/><\/p>\n<p>Los del R\u00edo confiesan en &#8216;\u00a1De Viernes!&#8217; el papel que tuvo el rey Juan Carlos I en su carrera: \u201cAl d\u00eda siguiente, est\u00e1bamos en televisi\u00f3n\u201d<\/p>\n<p>&#13;Telecinco<\/p>\n<p>La reacci\u00f3n fue inmediata, aunque en ese momento nadie pens\u00f3 que la conversaci\u00f3n tendr\u00eda un recorrido real: \u201cTodos empezaron a re\u00edrse\u201d. Pero lo que parec\u00eda una simple chiste se convirti\u00f3 en el punto de inflexi\u00f3n definitivo en su carrera. Tal y como han confesado en &#8216;\u00a1De Viernes!&#8217;, la respuesta no tard\u00f3 en llegar:\u201c<strong>Al d\u00eda siguiente, ya est\u00e1bamos en televisi\u00f3n<\/strong>\u201d.<\/p>\n<p><img decoding=\"async\" src=\"https:\/\/www.europesays.com\/es\/wp-content\/uploads\/2025\/12\/infanta-elena_f70b0ef3_251226122643_800x800.webp.webp\" alt=\"Infanta Elena\" class=\"image lazyload\"\/><img loading=\"lazy\" decoding=\"async\" src=\"https:\/\/www.europesays.com\/es\/wp-content\/uploads\/2025\/12\/infanta-elena_f70b0ef3_251226122649_1280x720.webp.webp\" alt=\"Pilar Eyre, experta en realeza: \u201cEl rey Juan Carlos se neg\u00f3 a que la infanta Elena fuese reina\u201d\" class=\"image lazyload\" width=\"1280\" height=\"720\" data-aspectratio=\"1280\/720\"\/><\/p>\n<p>Una frase que resume a la perfecci\u00f3n c\u00f3mo funcionaban ciertas din\u00e1micas en aquella \u00e9poca y que evidencia el papel clave que jugaron figuras como Juan Carlos I y Adolfo Su\u00e1rez en el despegue medi\u00e1tico del d\u00fao.<\/p>\n","protected":false},"excerpt":{"rendered":"Los hist\u00f3ricos Los del R\u00edo han visitado el plat\u00f3 de &#8216;\u00a1De Viernes!&#8217; para hacer balance de seis d\u00e9cadas&hellip;\n","protected":false},"author":2,"featured_media":309315,"comment_status":"","ping_status":"","sticky":false,"template":"","format":"standard","meta":{"footnotes":""},"categories":[174],"tags":[255,146,147,25,24,256,23],"class_list":{"0":"post-309314","1":"post","2":"type-post","3":"status-publish","4":"format-standard","5":"has-post-thumbnail","7":"category-famosos","8":"tag-celebrities","9":"tag-entertainment","10":"tag-entretenimiento","11":"tag-es","12":"tag-espana","13":"tag-famosos","14":"tag-spain"},"share_on_mastodon":{"url":"https:\/\/pubeurope.com\/@es\/115789596633056079","error":""},"_links":{"self":[{"href":"https:\/\/www.europesays.com\/es\/wp-json\/wp\/v2\/posts\/309314","targetHints":{"allow":["GET"]}}],"collection":[{"href":"https:\/\/www.europesays.com\/es\/wp-json\/wp\/v2\/posts"}],"about":[{"href":"https:\/\/www.europesays.com\/es\/wp-json\/wp\/v2\/types\/post"}],"author":[{"embeddable":true,"href":"https:\/\/www.europesays.com\/es\/wp-json\/wp\/v2\/users\/2"}],"replies":[{"embeddable":true,"href":"https:\/\/www.europesays.com\/es\/wp-json\/wp\/v2\/comments?post=309314"}],"version-history":[{"count":0,"href":"https:\/\/www.europesays.com\/es\/wp-json\/wp\/v2\/posts\/309314\/revisions"}],"wp:featuredmedia":[{"embeddable":true,"href":"https:\/\/www.europesays.com\/es\/wp-json\/wp\/v2\/media\/309315"}],"wp:attachment":[{"href":"https:\/\/www.europesays.com\/es\/wp-json\/wp\/v2\/media?parent=309314"}],"wp:term":[{"taxonomy":"category","embeddable":true,"href":"https:\/\/www.europesays.com\/es\/wp-json\/wp\/v2\/categories?post=309314"},{"taxonomy":"post_tag","embeddable":true,"href":"https:\/\/www.europesays.com\/es\/wp-json\/wp\/v2\/tags?post=309314"}],"curies":[{"name":"wp","href":"https:\/\/api.w.org\/{rel}","templated":true}]}}