{"id":309316,"date":"2025-12-27T04:18:26","date_gmt":"2025-12-27T04:18:26","guid":{"rendered":"https:\/\/www.europesays.com\/es\/309316\/"},"modified":"2025-12-27T04:18:26","modified_gmt":"2025-12-27T04:18:26","slug":"arnau-martinez-tiene-que-aplicar-censura-a-carolina-sobe-por-lo-que-cuenta-de-gran-hermano-en-chico-de-revista","status":"publish","type":"post","link":"https:\/\/www.europesays.com\/es\/309316\/","title":{"rendered":"Arnau Mart\u00ednez tiene que aplicar censura a Carolina Sobe por lo que cuenta de &#8216;Gran Hermano&#8217; en &#8216;Chico de revista&#8217;"},"content":{"rendered":"\n<p> Aunque parezca que est\u00e1 todo contado, las celebridades televisivas siempre sorprenden con sus an\u00e9cdotas pasadas. Es lo que le ha ocurrido a<strong> Carolina Sobe en su visita improvisada al p\u00f3dcast de Arnau Mart\u00ednez<\/strong>, Chico de revista. <\/p>\n<p> Lo que empez\u00f3 como una charla entre amigos para desmontar costumbres navide\u00f1as, termin\u00f3 virando en los primeros pinitos de la tertuliana de No somos nadie en televisi\u00f3n. El periodista quiso saber de d\u00f3nde le viene <strong>ese car\u00e1cter fuerte que ya empez\u00f3 a mostrar en su debut como participante de Gran Hermano.<\/strong> <\/p>\n<p> Sobe fue una de las m\u00e1ximas protagonistas de GH 11, siendo eliminada por los telespectadores una semana despu\u00e9s de la ic\u00f3nica expulsi\u00f3n disciplinaria de Indhira Kalvani. La raz\u00f3n no fue otra que su mala boca, tal y como ella misma ha reconocido en el citado espacio de YouTube: <strong>\u00abLie una en la casa&#8230; Si no llega a ser por esa frase, yo, gano\u00bb.<\/strong> <\/p>\n<p> Pero tuvo que conformarse con 63 d\u00edas de encierro y ser la octava descalificada de aquella inolvidable hornada de &#8216;grandes hermanos&#8217;, entre los que se encontraba <strong>Arturo Requejo, con quien mantuvo un conflicto que la puso de patitas en la calle.<\/strong> Arnau insisti\u00f3 en esas palabras que supusieron la debacle de la participante en la extinta casa de Guadalix de la Sierra. <\/p>\n<p> \u00ab\u00bfQuieres que te corten el programa?\u00bb, le pregunt\u00f3 seriamente. \u00abEs que <strong>dije una burrada tan grande, gorda, obesa, m\u00f3rbida&#8230; <\/strong>Porque yo ven\u00eda de estar calentando en barrio, que en esa \u00e9poca yo era m\u00e1s de barrio que un banco para sentarte y comer pipas, y lleg\u00f3 un momento en el que Requejo se vino arriba y se puso tonto y yo<strong> le ech\u00e9 un juramento de estos de gitana, que me sali\u00f3 de la entra\u00f1a viva y lo solt\u00e9<\/strong>\u00ab. <\/p>\n<p>              <img decoding=\"async\" class=\"inTextNews__img\" alt=\"Foto: carolina-sobe-reality-gran-hermano-supervivientes\" src=\"https:\/\/www.europesays.com\/es\/wp-content\/uploads\/2025\/12\/f.elconfidencial.com\/original\/0a2\/e54\/913\/0a2e5491359c16a50f4fcc4a9db443a6.jpg\"  \/>     <\/p>\n<p>TE PUEDE INTERESAR<\/p>\n<p>      <a class=\"inTextNews__title\" href=\"https:\/\/www.elconfidencial.com\/television\/programas-tv\/2025-12-26\/carolina-sobe-reality-gran-hermano-supervivientes_4275093\/\" onclick=\"window.ECCO.emit(&#039;amplitude&#039;, { dataEventName: &#039;click_related_article_module&#039;, data: { related_article_url: &#039;https:\/\/www.elconfidencial.com\/television\/programas-tv\/2025-12-26\/carolina-sobe-reality-gran-hermano-supervivientes_4275093\/&#039;, related_article_author: &#039;Alvaro Rold\u00e1n&#039;, related_article_section: &#039;programas-tv&#039; } })\" rel=\"nofollow noopener\" target=\"_blank\"> Carolina Sobe reh\u00faye del mundo &#8216;reality&#8217;: la poderosa raz\u00f3n por la que tuvo que fichar por &#8216;Gran Hermano&#8217; y &#8216;Supervivientes&#8217; <\/a>   <\/p>\n<p>    \u00c1. Rold\u00e1n   <\/p>\n<p> \u00ab<strong>Me qued\u00e9 tan a gusto como si estuviese estre\u00f1ida y hubiese cagado veinte d\u00edas seguidos.<\/strong> Y Espa\u00f1a dijo: &#8216;\u00a1Qu\u00e9 burrada lo de la Sobe!\u00bb, recalc\u00f3 la ahora colaboradora de televisi\u00f3n, preparando a su compa\u00f1ero de Canal Quickie y Ten para rememorar un momento que fue otra de las pol\u00e9micas de aquella edici\u00f3n presentada por Mercedes Mil\u00e1. <\/p>\n<p> Ella misma quiso cerciorarse de que el programa aplicase censura antes de repetir la frase que le cost\u00f3 la salida inmediata por parte de la audiencia. Arnau qued\u00f3 boquiabierto y, efectivamente, la producci\u00f3n de <strong>Chico de revista tuvo que difuminar su boca y cortar el sonido, ante tal barbaridad <\/strong>que acababa de decir ante los micr\u00f3fonos. <\/p>\n<p> Aunque parezca que est\u00e1 todo contado, las celebridades televisivas siempre sorprenden con sus an\u00e9cdotas pasadas. Es lo que le ha ocurrido a<strong> Carolina Sobe en su visita improvisada al p\u00f3dcast de Arnau Mart\u00ednez<\/strong>, Chico de revista. <\/p>\n","protected":false},"excerpt":{"rendered":"Aunque parezca que est\u00e1 todo contado, las celebridades televisivas siempre sorprenden con sus an\u00e9cdotas pasadas. Es lo que&hellip;\n","protected":false},"author":2,"featured_media":309317,"comment_status":"","ping_status":"","sticky":false,"template":"","format":"standard","meta":{"footnotes":""},"categories":[171],"tags":[146,147,25,24,23,214],"class_list":{"0":"post-309316","1":"post","2":"type-post","3":"status-publish","4":"format-standard","5":"has-post-thumbnail","7":"category-tv","8":"tag-entertainment","9":"tag-entretenimiento","10":"tag-es","11":"tag-espana","12":"tag-spain","13":"tag-tv"},"share_on_mastodon":{"url":"https:\/\/pubeurope.com\/@es\/115789608364909837","error":""},"_links":{"self":[{"href":"https:\/\/www.europesays.com\/es\/wp-json\/wp\/v2\/posts\/309316","targetHints":{"allow":["GET"]}}],"collection":[{"href":"https:\/\/www.europesays.com\/es\/wp-json\/wp\/v2\/posts"}],"about":[{"href":"https:\/\/www.europesays.com\/es\/wp-json\/wp\/v2\/types\/post"}],"author":[{"embeddable":true,"href":"https:\/\/www.europesays.com\/es\/wp-json\/wp\/v2\/users\/2"}],"replies":[{"embeddable":true,"href":"https:\/\/www.europesays.com\/es\/wp-json\/wp\/v2\/comments?post=309316"}],"version-history":[{"count":0,"href":"https:\/\/www.europesays.com\/es\/wp-json\/wp\/v2\/posts\/309316\/revisions"}],"wp:featuredmedia":[{"embeddable":true,"href":"https:\/\/www.europesays.com\/es\/wp-json\/wp\/v2\/media\/309317"}],"wp:attachment":[{"href":"https:\/\/www.europesays.com\/es\/wp-json\/wp\/v2\/media?parent=309316"}],"wp:term":[{"taxonomy":"category","embeddable":true,"href":"https:\/\/www.europesays.com\/es\/wp-json\/wp\/v2\/categories?post=309316"},{"taxonomy":"post_tag","embeddable":true,"href":"https:\/\/www.europesays.com\/es\/wp-json\/wp\/v2\/tags?post=309316"}],"curies":[{"name":"wp","href":"https:\/\/api.w.org\/{rel}","templated":true}]}}