{"id":309322,"date":"2025-12-27T04:22:11","date_gmt":"2025-12-27T04:22:11","guid":{"rendered":"https:\/\/www.europesays.com\/es\/309322\/"},"modified":"2025-12-27T04:22:11","modified_gmt":"2025-12-27T04:22:11","slug":"una-exposicion-que-muestra-la-dermatitis-atopica-grave","status":"publish","type":"post","link":"https:\/\/www.europesays.com\/es\/309322\/","title":{"rendered":"una exposici\u00f3n que muestra la dermatitis at\u00f3pica grave"},"content":{"rendered":"<p style=\"\">La imagen mental que la mayor\u00eda de los espa\u00f1oles tiene de la dermatitis at\u00f3pica dista mucho de la realidad que viven miles de pacientes cada d\u00eda. Y es que uno de cada tres ciudadanos no sabe identificar los s\u00edntomas y el 20% desconoce por completo  &#8230; c\u00f3mo act\u00faa esta enfermedad, seg\u00fan la encuesta &#8216;Mitos sobre la dermatitis at\u00f3pica&#8217;, realizada por Pfizer. Tampoco es un problema banal. Aquellos que la padecen conviven con una carga emocional, f\u00edsica y social, que en muchos casos permanece oculta a los ojos del resto de ciudadanos.<\/p>\n<p class=\"voc-p\" style=\"\">Para combatir este desconocimiento nace &#8216;Pieles perfectamente imperfectas&#8217;, una exposici\u00f3n organizada por Pfizer que recoge los relatos de seis personas con dermatitis at\u00f3pica grave y que aspira a hacer visible una condici\u00f3n que, pese a no ser mortal, puede llegar a ser devastadora. Las historias muestran la crudeza de su d\u00eda a d\u00eda, as\u00ed como de la necesidad de comprensi\u00f3n social y de la importancia de que sean escuchados. La exposici\u00f3n &#8216;Pieles imperfectas&#8217; ofrece un recorrido por la historia de seis pacientes.<\/p>\n<p>\nInfierno silencioso\n<\/p>\n<p class=\"voc-p\" style=\"\">La dermatitis at\u00f3pica se trata de una enfermedad inflamatoria cr\u00f3nica caracterizada por piel enrojecida, extremadamente seca y un picor intenso y persistente. <\/p>\n<p class=\"voc-p\" style=\"\">Puede aparecer en distintas partes del cuerpo y, aunque existen diferentes niveles-leve, moderado y grave-, <strong>el denominador com\u00fan es el prurito<\/strong> ( sensaci\u00f3n de picaz\u00f3n o escozor en la piel que provoca el deseo de rascarse), un s\u00edntoma tan constante y limitante <strong>que puede paralizar la vida diaria.<\/strong><\/p>\n<p class=\"voc-p\" style=\"\">Pablo de la Cueva, jefe de Servicio de Dermatolog\u00eda del Hospital General Gregorio Mara\u00f1on, explica las razones de la inflamaci\u00f3n: \u00ab<strong>La piel va a ser m\u00e1s susceptible a que la poluci\u00f3n y los alergenos<\/strong> puedan penetrar con mayor facilidad. Es un<a href=\"https:\/\/www.abc.es\/salud\/enfermedades\/abci-tratamientos-para-dermatitis-atopica-202109151512_noticia.html\" target=\"_self\" data-voc-vtm-id=\"in-text-traffic\" title=\" proceso inmunol\u00f3gico\" data-mrf-link=\"www.abc.es\" rel=\"nofollow noopener\"> proceso inmunol\u00f3gico<\/a> que hace que las c\u00e9lulas inflamatorias se acumulen, provocando inflamaci\u00f3n\u00ab. Se produce un proceso c\u00edclico de picor, rascado e inflamaci\u00f3n, que parece no tener fin.<\/p>\n<p class=\"voc-title\">\u00abLa desesperaci\u00f3n llega a tal punto que algunos pacientes recurren a trucos como colocarse placas de hielo para adormecer la piel y no sentirla\u00bb<\/p>\n<p class=\"voc-article-position__name\">Pablo de la Cueva<\/p>\n<p class=\"voc-article-position__employ\">Jefe de Dermatolog\u00eda del Hospital Gregorio Mara\u00f1\u00f3n<\/p>\n<p class=\"voc-p\" style=\"\">La dermatitis at\u00f3pica grave supone una barrera importante en la vida de los pacientes. Para los que sufren las formas graves, la piel nunca deja de sentirse: arde, tira, molesta, pica. La desesperaci\u00f3n llega a tal punto que algunos  recurren a trucos como colocarse <strong>placas de hielo sacadas del congelador<\/strong>, para adormecer la piel y no sentirla. \u00c1frica Luca de Tena, portavoz de la Asociaci\u00f3n de Afectados por la Dermatitis At\u00f3pica (AADA), explica c\u00f3mo es convivir con ello: \u00abHay pacientes que comentan que se rascan hasta dormidos, y cuando no pueden dormir, toda la atenci\u00f3n se focaliza en ese picor\u00bb.<\/p>\n<p class=\"voc-p\" style=\"\">Aunque la dermatitis at\u00f3pica es relativamente com\u00fan, el doctor De la Cueva considera que su forma grave resulta pr\u00e1cticamente <strong>invisible para el 80% de la poblaci\u00f3n<\/strong>. Esta falta de conocimiento alimenta estigmas y creencias err\u00f3neas. Un dato alarmante es que el 20% de la poblaci\u00f3n todav\u00eda cree que se trata de una enfermedad contagiosa, lo que a\u00f1ade un componente social de estigma y verg\u00fcenza que muchos pacientes arrastran desde la infancia. <\/p>\n<p class=\"voc-title\">\u00abEs importante que nos comprendan. Los pacientes estamos cansados de que la enfermedad se tome a la ligera\u00bb<\/p>\n<p class=\"voc-article-position__name\">Blanca, paciente con dermatitis<\/p>\n<p class=\"voc-p\" style=\"\">Blanca, una de las pacientes que han colaborado en la exposici\u00f3n, muestra la sensaci\u00f3n que comparten muchos pacientes: \u00abEs importante que nos comprendan. Los pacientes estamos cansados de que la enfermedad se tome a la ligera\u00bb.<\/p>\n<p class=\"voc-p\" style=\"\">Existen tambi\u00e9n muchas falsas creencias, y los pacientes llegan con todo tipo de remedios y consejos, que no est\u00e1n ajustados a la ciencia.  De la Cueva explica c\u00f3mo esta desinformaci\u00f3n afecta a la salud mental del paciente: \u00abEl sentimiento de culpa es brutal, muchos piensan que el estr\u00e9s es lo que les provoca la enfermedad\u00bb.<\/p>\n<p><img decoding=\"async\" loading=\"lazy\" src=\"https:\/\/www.europesays.com\/es\/wp-content\/uploads\/2025\/12\/unnamed (1)-U36732742820Ena-760x427@diario_abc.jpg\" class=\"voc-img\" width=\"760\" height=\"427\" alt=\"La exposici\u00f3n \u00abPieles imperfectas\u00bb, que ofrece un recorrido por las historias de seis pacientes\" data-voc-vtm-id=\"in-text-traffic\"\/><\/p>\n<p>La exposici\u00f3n \u00abPieles imperfectas\u00bb, que ofrece un recorrido por las historias de seis pacientes<\/p>\n<p>ABC<\/p>\n<p class=\"voc-p\" style=\"\">La carga psicol\u00f3gica es inmensa. Entre las comorbilidades m\u00e1s frecuentes se encuentran la depresi\u00f3n, la ansiedad y el TDAH. De la Cueva explica que: \u00abTodo el funcionamiento vital se ve alterado, <strong>hay mas ansiedad y m\u00e1s presi\u00f3n de suicidio<\/strong> sobre los pacientes\u00ab.<\/p>\n<p class=\"voc-p\" style=\"\">Sin embargo, la atenci\u00f3n a la salud mental no forma parte de los tratamientos de manera sistem\u00e1tica. Seg\u00fan los especialistas, <strong>menos de diez equipos dermatol\u00f3gicos en Espa\u00f1a cuentan con psic\u00f3logos integrados<\/strong>. Los pacientes manifiestan la necesidad de <a href=\"https:\/\/www.abc.es\/familia\/vida-sana\/abci-dermatitis-atopica-afecta-manera-notable-calidad-vida-ninos-202110210121_noticia.html\" target=\"_self\" data-voc-vtm-id=\"in-text-traffic\" title=\"una mayor ayuda psicol\u00f3gica\" data-mrf-link=\"www.abc.es\" rel=\"nofollow noopener\">una mayor ayuda psicol\u00f3gica<\/a>. Luca de Tena explica que \u00ablos pacientes llegan preguntando d\u00f3nde encontrar apoyo, y en consultas privadas piden que les recomienden psic\u00f3logos que conozcan de la patolog\u00eda\u00ab.<\/p>\n","protected":false},"excerpt":{"rendered":"La imagen mental que la mayor\u00eda de los espa\u00f1oles tiene de la dermatitis at\u00f3pica dista mucho de la&hellip;\n","protected":false},"author":2,"featured_media":309323,"comment_status":"","ping_status":"","sticky":false,"template":"","format":"standard","meta":{"footnotes":""},"categories":[92],"tags":[52203,9211,970,25,24,2003,12050,165,28450,12379,72914,1789,166,23],"class_list":{"0":"post-309322","1":"post","2":"type-post","3":"status-publish","4":"format-standard","5":"has-post-thumbnail","7":"category-salud","8":"tag-atopica","9":"tag-cuentan","10":"tag-dermatitis","11":"tag-es","12":"tag-espana","13":"tag-exposicion","14":"tag-grave","15":"tag-health","16":"tag-historias","17":"tag-invisible","18":"tag-pieles","19":"tag-revela","20":"tag-salud","21":"tag-spain"},"share_on_mastodon":{"url":"https:\/\/pubeurope.com\/@es\/115789624121908022","error":""},"_links":{"self":[{"href":"https:\/\/www.europesays.com\/es\/wp-json\/wp\/v2\/posts\/309322","targetHints":{"allow":["GET"]}}],"collection":[{"href":"https:\/\/www.europesays.com\/es\/wp-json\/wp\/v2\/posts"}],"about":[{"href":"https:\/\/www.europesays.com\/es\/wp-json\/wp\/v2\/types\/post"}],"author":[{"embeddable":true,"href":"https:\/\/www.europesays.com\/es\/wp-json\/wp\/v2\/users\/2"}],"replies":[{"embeddable":true,"href":"https:\/\/www.europesays.com\/es\/wp-json\/wp\/v2\/comments?post=309322"}],"version-history":[{"count":0,"href":"https:\/\/www.europesays.com\/es\/wp-json\/wp\/v2\/posts\/309322\/revisions"}],"wp:featuredmedia":[{"embeddable":true,"href":"https:\/\/www.europesays.com\/es\/wp-json\/wp\/v2\/media\/309323"}],"wp:attachment":[{"href":"https:\/\/www.europesays.com\/es\/wp-json\/wp\/v2\/media?parent=309322"}],"wp:term":[{"taxonomy":"category","embeddable":true,"href":"https:\/\/www.europesays.com\/es\/wp-json\/wp\/v2\/categories?post=309322"},{"taxonomy":"post_tag","embeddable":true,"href":"https:\/\/www.europesays.com\/es\/wp-json\/wp\/v2\/tags?post=309322"}],"curies":[{"name":"wp","href":"https:\/\/api.w.org\/{rel}","templated":true}]}}