{"id":309368,"date":"2025-12-27T05:06:30","date_gmt":"2025-12-27T05:06:30","guid":{"rendered":"https:\/\/www.europesays.com\/es\/309368\/"},"modified":"2025-12-27T05:06:30","modified_gmt":"2025-12-27T05:06:30","slug":"netflix-lanza-el-trailer-definitivo-de-la-primera-parte-de-los-bridgerton-4-con-benedict-enfrentando-su-gran-revolucion","status":"publish","type":"post","link":"https:\/\/www.europesays.com\/es\/309368\/","title":{"rendered":"Netflix lanza el tr\u00e1iler definitivo de la primera parte de &#8216;Los Bridgerton 4&#8217;, con Benedict enfrentando su gran revoluci\u00f3n"},"content":{"rendered":"<p class=\"article-text\">\n        <strong>Netflix <\/strong>contin\u00faa promocionando los nuevos episodios de <strong>Los Bridgerton<\/strong>, ahora con su avance definitivo descubriendo a todo lo que <strong>Benedict <\/strong>se enfrentar\u00e1 en la cuarta temporada. La plataforma lanza un <strong>tr\u00e1iler<\/strong> <strong>in\u00e9dito <\/strong>para calentar el estreno de la primera parte, que adaptan el libro Te doy mi coraz\u00f3n, cuya <a href=\"https:\/\/www.eldiario.es\/vertele\/videos\/trailers-y-avances\/netflix-divide-temporada-4-bridgerton-partes-fechas-estreno-nuevo-teaser_7_12679845.html\" target=\"_blank\" data-mrf-recirculation=\"links-noticia\" class=\"link\" rel=\"nofollow noopener\">fecha de estreno<\/a> est\u00e1 fijada para el <strong>jueves 29 de enero de 2026<\/strong>. Conviene recordar que la segunda parte ver\u00e1 la luz el jueves 26 de febrero.\n    <\/p>\n<p>    <a href=\"https:\/\/www.eldiario.es\/vertele\/videos\/trailers-y-avances\/netflix-divide-temporada-4-bridgerton-partes-fechas-estreno-nuevo-teaser_7_12679845.html\" data-mrf-recirculation=\"saber-mas\" data-dl-event=\"saber-mas\" rel=\"nofollow noopener\" target=\"_blank\"><\/p>\n<p class=\"know-more__title\">Netflix divide la temporada 4 de &#8216;Los Bridgerton&#8217; en dos partes, anuncia sus fechas de estreno y lanza un nuevo teaser<\/p>\n<p>            <img decoding=\"async\" class=\"lazy\" loading=\"lazy\" data-src=\"https:\/\/static.eldiario.es\/clip\/5556760b-4c72-43ff-9c64-61fb59d47c27_16-9-aspect-ratio_default_0.jpg\" src=\"data:image\/svg+xml,%3Csvg xmlns=\" http:=\"\" viewbox=\"0 0 880 495\" alt=\"Netflix divide la temporada 4 de 'Los Bridgerton' en dos partes, anuncia sus fechas de estreno y lanza un nuevo teaser\"\/><\/p>\n<p>                            <img decoding=\"async\" class=\"ni-multimedia\" src=\"https:\/\/www.eldiario.es\/assets\/img\/svg\/icons\/gallery-video.h-2e826467718e0ad0cb33a0bdb174f603.svg\" alt=\"Netflix divide la temporada 4 de 'Los Bridgerton' en dos partes, anuncia sus fechas de estreno y lanza un nuevo teaser\"\/><br \/>\n                        <\/a><\/p>\n<p class=\"article-text\">\n        La primera parte de la cuarta temporada se centra en el segundo de los hermanos Bridgerton. Hasta ahora, el personaje siempre se mostr\u00f3 como alguien bohemio y con una vida mucho menos ordenada que los dem\u00e1s. Sin embargo, vivir\u00e1 una aut\u00e9ntica <strong>revoluci\u00f3n interior<\/strong>: el <strong>amor <\/strong>y las convenciones establecidas por la sociedad de la \u00e9poca chocar\u00e1n dr\u00e1sticamente con sus<strong> deseos de libertad<\/strong>.\n    <\/p>\n<p class=\"article-text\">\n        En los sucesivos avances de Los Bridgerton, Netflix ya dej\u00f3 claro que la llegada de una misteriosa &#8216;<strong>Dama de Plata<\/strong>&#8216; en un baile de m\u00e1scaras se convertir\u00eda en un punto de inflexi\u00f3n. Benedict, siempre reticente a centrar la cabeza, siente la llamada del amor; y comenzar\u00e1 un largo camino para encontrar su identidad real. Como asegura la propia plataforma en el tr\u00e1iler, \u201ctras el velo de una m\u00e1scara, <strong>todo puede suceder<\/strong>\u201d.\n    <\/p>\n<p class=\"article-text\">\n        El protagonista Benedict Bridgerton es interpretado por <strong>Luke Thompson<\/strong>, quien compartir\u00e1 escena con la enigm\u00e1tica Sophie Baek, a quien da vida <strong>Yerin Ha<\/strong>. Componen el reparto otros artistas como <strong>Jonathan Bailey <\/strong>(Anthony Bridgerton), <strong>Victor Alli <\/strong>(Lord John Stirling), <strong>Adjoa Andoh <\/strong>(Lady Danbury), <strong>Julie Andrews <\/strong>(Lady Whistledown), <strong>Lorraine Ashbourne <\/strong>(Mrs. Varley), <strong>Masali Baduza <\/strong>(Michaela Stirling) y <strong>Nicola Coughlan <\/strong>(Pen\u00e9lope Bridgerton).\n    <\/p>\n<p class=\"article-text\">\n        Asimismo, el casting de Los Bridgerton lo completan <strong>Hannah Dodd <\/strong>(Francesca Stirling), <strong>Daniel Francis <\/strong>(Lord Marcus Anderson), <strong>Ruth Gemmell <\/strong>(Violet Bridgerton), <strong>Florence Hunt <\/strong>(Hyacinth Bridgerton), <strong>Martins Imhangbe <\/strong>(Will Mondrich), <strong>Claudia Jessie <\/strong>(Eloise Bridgerton), <strong>Luke Newton <\/strong>(Colin Bridgerton), <strong>Golda Rosheuvel <\/strong>(Queen Charlotte), <strong>Will Tilston <\/strong>(Gregory Bridgerton), <strong>Polly Walker <\/strong>(Portia Featherington), <strong>Emma Naomi <\/strong>(Alice Mondrich) y <strong>Hugh Sachs <\/strong>(Brimsley).\n    <\/p>\n<p>    <a href=\"https:\/\/www.eldiario.es\/vertele\/noticias\/mediaset-ficha-nacho-cano-reclamo-campanadas-sandra-barneda-xuso-jones_1_12870807.html\" data-mrf-recirculation=\"saber-mas-abajo\" data-dl-event=\"saber-mas-abajo\" rel=\"nofollow noopener\" target=\"_blank\"><\/p>\n<p class=\"know-more__title\">Mediaset ficha a Nacho Cano como reclamo para sus Campanadas con Sandra Barneda y Xuso Jones<\/p>\n<p>            <img decoding=\"async\" class=\"lazy\" loading=\"lazy\" data-src=\"https:\/\/static.eldiario.es\/clip\/0a511ed8-076f-4631-be6b-fd00fb4a174f_16-9-aspect-ratio_default_0.jpg\" src=\"data:image\/svg+xml,%3Csvg xmlns=\" http:=\"\" viewbox=\"0 0 880 495\" alt=\"Mediaset ficha a Nacho Cano como reclamo para sus Campanadas con Sandra Barneda y Xuso Jones\"\/><\/p>\n<p>                        <\/a><\/p>\n<p>    As\u00ed es la cuarta temporada de &#8216;Los Bridgerton&#8217;<\/p>\n<p class=\"article-text\">\n        El bohemio Benedict Bridgerton (Luke Thompson), segundo hijo de la familia, se niega a sentar la cabeza pese a las s\u00faplicas de su madre, lady Violet Bridgerton (Ruth Gemmell). Todo cambia en el baile de m\u00e1scaras que celebra Violet, cuando Benedict queda deslumbrado por una misteriosa dama con un vestido plateado. Con la ayuda a rega\u00f1adientes de su hermana Eloise (Claudia Jessie), Benedict decide participar en la sociedad para descubrir la identidad de la joven.\n    <\/p>\n","protected":false},"excerpt":{"rendered":"Netflix contin\u00faa promocionando los nuevos episodios de Los Bridgerton, ahora con su avance definitivo descubriendo a todo lo&hellip;\n","protected":false},"author":2,"featured_media":309369,"comment_status":"","ping_status":"","sticky":false,"template":"","format":"standard","meta":{"footnotes":""},"categories":[171],"tags":[2627,71116,1433,72920,146,147,25,24,3956,2629,26923,152,863,1078,922,23,183,214],"class_list":{"0":"post-309368","1":"post","2":"type-post","3":"status-publish","4":"format-standard","5":"has-post-thumbnail","7":"category-tv","8":"tag-2627","9":"tag-benedict","10":"tag-definitivo","11":"tag-enfrentando","12":"tag-entertainment","13":"tag-entretenimiento","14":"tag-es","15":"tag-espana","16":"tag-gran","17":"tag-lanza","18":"tag-los-bridgerton","19":"tag-netflix","20":"tag-parte","21":"tag-primera","22":"tag-revolucion","23":"tag-spain","24":"tag-trailer","25":"tag-tv"},"share_on_mastodon":{"url":"https:\/\/pubeurope.com\/@es\/115789797068425890","error":""},"_links":{"self":[{"href":"https:\/\/www.europesays.com\/es\/wp-json\/wp\/v2\/posts\/309368","targetHints":{"allow":["GET"]}}],"collection":[{"href":"https:\/\/www.europesays.com\/es\/wp-json\/wp\/v2\/posts"}],"about":[{"href":"https:\/\/www.europesays.com\/es\/wp-json\/wp\/v2\/types\/post"}],"author":[{"embeddable":true,"href":"https:\/\/www.europesays.com\/es\/wp-json\/wp\/v2\/users\/2"}],"replies":[{"embeddable":true,"href":"https:\/\/www.europesays.com\/es\/wp-json\/wp\/v2\/comments?post=309368"}],"version-history":[{"count":0,"href":"https:\/\/www.europesays.com\/es\/wp-json\/wp\/v2\/posts\/309368\/revisions"}],"wp:featuredmedia":[{"embeddable":true,"href":"https:\/\/www.europesays.com\/es\/wp-json\/wp\/v2\/media\/309369"}],"wp:attachment":[{"href":"https:\/\/www.europesays.com\/es\/wp-json\/wp\/v2\/media?parent=309368"}],"wp:term":[{"taxonomy":"category","embeddable":true,"href":"https:\/\/www.europesays.com\/es\/wp-json\/wp\/v2\/categories?post=309368"},{"taxonomy":"post_tag","embeddable":true,"href":"https:\/\/www.europesays.com\/es\/wp-json\/wp\/v2\/tags?post=309368"}],"curies":[{"name":"wp","href":"https:\/\/api.w.org\/{rel}","templated":true}]}}