{"id":309408,"date":"2025-12-27T05:40:51","date_gmt":"2025-12-27T05:40:51","guid":{"rendered":"https:\/\/www.europesays.com\/es\/309408\/"},"modified":"2025-12-27T05:40:51","modified_gmt":"2025-12-27T05:40:51","slug":"las-familias-interesadas-en-acoger-ninos-y-ninas-saharauis-durante-el-verano-ya-pueden-presentar-su-solicitud","status":"publish","type":"post","link":"https:\/\/www.europesays.com\/es\/309408\/","title":{"rendered":"Las familias interesadas en acoger ni\u00f1os y ni\u00f1as saharauis durante el verano ya pueden presentar su solicitud"},"content":{"rendered":"<p>El Programa de Vacaciones en Paz en Alcal\u00e1 de Henares se lleva desarrollando desde el a\u00f1o 2003, gracias a la aportaci\u00f3n que el Ayuntamiento de Alcal\u00e1 de Henares realiza a la Asociaci\u00f3n de Amigos del Pueblo Saharaui de Alcal\u00e1 de Henares.<\/p>\n<p>\u00a0<\/p>\n<p>La concejala de Participaci\u00f3n, Esther de Andr\u00e9s, ha explicado que se trata de un programa de sensibilizaci\u00f3n que organizan las Asociaciones de Amigos del Pueblo Saharaui junto con las Delegaciones del Frente Polisario en Espa\u00f1a, y el Ministerio de Juventud y Deporte de la Rep\u00fablica \u00c1rabe Saharaui Democr\u00e1tica (RASD).<\/p>\n<p>\u00a0<\/p>\n<p>\u201cGracias a este Programa \u2013ha explicado la edil- durante los dos meses de verano, julio y agosto, un grupo de ni\u00f1os y ni\u00f1as saharauis de los campamentos de Refugiados en Tinduf, Argelia, son acogidos de manera temporal por familias que viven en Alcal\u00e1. Son ni\u00f1os y ni\u00f1as de entre 8 y 12 a\u00f1os de edad, que en verano logran salir de las duras condiciones en las que viven, alej\u00e1ndose de las altas temperaturas del desierto argelino. Tambi\u00e9n se posibilita que se les realicen reconocimientos m\u00e9dicos y que reciban tratamientos especiales. Para mejorar sus condiciones b\u00e1sicas se les ofrecen comidas que cubran los nutrientes necesarios de forma equilibrada y tambi\u00e9n se fomenta el aprendizaje del castellano\u201d.<\/p>\n<p>\u00a0<\/p>\n<p>Las familias interesadas en acoger a estos ni\u00f1os y ni\u00f1as pueden ponerse en contacto con la asociaci\u00f3n a trav\u00e9s de email (vacacionesenpazalcala@gmail.com) o en el whatsapp 629275817.<\/p>\n<p>\u00a0<\/p>\n<p>El proyecto surge por la necesidad de que los ni\u00f1os y ni\u00f1as saharauis, que tuvieron que instalarse en los Campamentos de Refugiados Saharauis, pudieran distanciarse de esa realidad y de las carencias tanto sanitarias, alimenticias y climatol\u00f3gicas que viv\u00edan y que despu\u00e9s de m\u00e1s de 50 a\u00f1os siguen viviendo.<\/p>\n","protected":false},"excerpt":{"rendered":"El Programa de Vacaciones en Paz en Alcal\u00e1 de Henares se lleva desarrollando desde el a\u00f1o 2003, gracias&hellip;\n","protected":false},"author":2,"featured_media":309409,"comment_status":"","ping_status":"","sticky":false,"template":"","format":"standard","meta":{"footnotes":""},"categories":[8],"tags":[26007,17,18,25,24,13,14,11,19,20,9,10,15,16,23,12,21,22],"class_list":{"0":"post-309408","1":"post","2":"type-post","3":"status-publish","4":"format-standard","5":"has-post-thumbnail","7":"category-espana","8":"tag-ayuntamiento-de-alcala-de-henares","9":"tag-breaking-news","10":"tag-breakingnews","11":"tag-es","12":"tag-espana","13":"tag-featured-news","14":"tag-featurednews","15":"tag-headlines","16":"tag-latest-news","17":"tag-latestnews","18":"tag-news","19":"tag-noticias","20":"tag-noticias-destacadas","21":"tag-noticiasdestacadas","22":"tag-spain","23":"tag-titulares","24":"tag-ultimas-noticias","25":"tag-ultimasnoticias"},"share_on_mastodon":{"url":"https:\/\/pubeurope.com\/@es\/115789934297487320","error":""},"_links":{"self":[{"href":"https:\/\/www.europesays.com\/es\/wp-json\/wp\/v2\/posts\/309408","targetHints":{"allow":["GET"]}}],"collection":[{"href":"https:\/\/www.europesays.com\/es\/wp-json\/wp\/v2\/posts"}],"about":[{"href":"https:\/\/www.europesays.com\/es\/wp-json\/wp\/v2\/types\/post"}],"author":[{"embeddable":true,"href":"https:\/\/www.europesays.com\/es\/wp-json\/wp\/v2\/users\/2"}],"replies":[{"embeddable":true,"href":"https:\/\/www.europesays.com\/es\/wp-json\/wp\/v2\/comments?post=309408"}],"version-history":[{"count":0,"href":"https:\/\/www.europesays.com\/es\/wp-json\/wp\/v2\/posts\/309408\/revisions"}],"wp:featuredmedia":[{"embeddable":true,"href":"https:\/\/www.europesays.com\/es\/wp-json\/wp\/v2\/media\/309409"}],"wp:attachment":[{"href":"https:\/\/www.europesays.com\/es\/wp-json\/wp\/v2\/media?parent=309408"}],"wp:term":[{"taxonomy":"category","embeddable":true,"href":"https:\/\/www.europesays.com\/es\/wp-json\/wp\/v2\/categories?post=309408"},{"taxonomy":"post_tag","embeddable":true,"href":"https:\/\/www.europesays.com\/es\/wp-json\/wp\/v2\/tags?post=309408"}],"curies":[{"name":"wp","href":"https:\/\/api.w.org\/{rel}","templated":true}]}}