{"id":309410,"date":"2025-12-27T05:41:38","date_gmt":"2025-12-27T05:41:38","guid":{"rendered":"https:\/\/www.europesays.com\/es\/309410\/"},"modified":"2025-12-27T05:41:38","modified_gmt":"2025-12-27T05:41:38","slug":"dieciseis-jovenes-se-incorporaran-al-ayuntamiento-gracias-al-programa-activa-t-joven-ayuntamiento-de-alcala-la-real","status":"publish","type":"post","link":"https:\/\/www.europesays.com\/es\/309410\/","title":{"rendered":"Diecis\u00e9is j\u00f3venes se incorporar\u00e1n al Ayuntamiento gracias al programa Activa-T Joven \u2013 Ayuntamiento de Alcal\u00e1 la Real"},"content":{"rendered":"<p><strong>El proyecto \u201cTalento Joven Alcal\u00e1 la Real\u201d, financiado por la Junta de Andaluc\u00eda y la Uni\u00f3n Europea, fomentar\u00e1 la inserci\u00f3n laboral de personas entre 18 y 29 a\u00f1os<\/strong><\/p>\n<p>El <strong>Ayuntamiento de Alcal\u00e1 la Real<\/strong> ha recibido una subvenci\u00f3n de 197.100\u20ac de la Delegaci\u00f3n territorial de Empleo, Empresa y Trabajo Aut\u00f3nomo en la <strong>Junta de Andaluc\u00eda<\/strong>, financiado por la <strong>Uni\u00f3n Europea<\/strong> con cargo al Programa <strong>FSE+ Andaluc\u00eda 2021-2027<\/strong>, enmarcada en el Programa <strong>Activa-T Joven<\/strong>, para fomentar la inserci\u00f3n laboral en el \u00e1mbito local y mejorar la empleabilidad de las personas j\u00f3venes desempleadas inscritas en el sistema nacional de garant\u00eda juvenil (<strong>SNGJ<\/strong>).<\/p>\n<p>El colectivo <strong>destinatario<\/strong> de las contrataciones ser\u00e1n personas j\u00f3venes desempleadas, inscritas como demandantes de empleo no ocupadas en el Servicio Andaluz de Empleo (<strong>SAE<\/strong>), con edades comprendidas entre los 18 y 29 a\u00f1os, ambos inclusive, que sean beneficiarias del <strong>SNGJ<\/strong>.<\/p>\n<p>Los <strong>contratos<\/strong> tendr\u00e1n una duraci\u00f3n de seis meses, a jornada completa, en el marco de un proyecto de 12 meses de duraci\u00f3n, estando prevista las primeras incorporaciones para el mes de febrero de 2026.<\/p>\n<p>Los <strong>puestos<\/strong> contemplados en el Programa son: 2 Dise\u00f1adores\/as Gr\u00e1ficos\/as; 5 Empleado\/a Administrativo\/a, en general; 1 T\u00e9cnico\/a en Medio Ambiente; 2 Animadores\/as socioculturales; 1 Electricista de mantenimiento y reparaci\u00f3n, en general; 2 Herreros\/as forjadores\/as; 1 Ayudante de biblioteca y\/o documentaci\u00f3n; 1 T\u00e9cnico\/a. medio en organizaci\u00f3n y administraci\u00f3n de empresas; y 1 Promotor\/a de igualdad de oportunidades, en general.<\/p>\n<p><img fetchpriority=\"high\" decoding=\"async\" class=\"size-full wp-image-71569\" src=\"https:\/\/www.europesays.com\/es\/wp-content\/uploads\/2025\/12\/IMG_6607.jpeg\" alt=\"\" width=\"1179\" height=\"1643\"  \/><\/p>\n<p>La <strong>preselecci\u00f3n<\/strong> de las personas participantes se har\u00e1 a trav\u00e9s de una oferta gen\u00e9rica que el <strong>Ayuntamiento<\/strong> presentar\u00e1, con al menos un mes de antelaci\u00f3n al inicio del proyecto en la oficina local del <strong>SAE<\/strong>. Todas las personas interesadas y que cumplan los requisitos deber\u00e1n estar inscritas con car\u00e1cter previo a la gesti\u00f3n de la oferta en las ocupaciones solicitadas.<\/p>\n<p>El n\u00famero de contratos que este <strong>Ayuntamiento<\/strong> va a desarrollar son 16, de los que uno estar\u00e1 reservado a personas con discapacidad. Se enmarcar\u00e1n en los grupos de cotizaci\u00f3n del 2 al 8, tratando as\u00ed de proporcionar experiencia y formaci\u00f3n a los j\u00f3venes que, de partida, cuentan con menos capacitaci\u00f3n para acceder al mercado laboral.<\/p>\n<p>Las personas j\u00f3venes destinatarias recibir\u00e1n, adem\u00e1s, la tutorizaci\u00f3n por parte de personal t\u00e9cnico municipal y contar\u00e1n con acciones de orientaci\u00f3n a trav\u00e9s del asesoramiento especializado por parte de profesionales de la orientaci\u00f3n del <strong>Servicio Andaluz de Empleo<\/strong>.<\/p>\n<p>En cuanto a la forma de acceder al programa, el <strong>Ayuntamiento<\/strong> presentar\u00e1 las ofertas relacionadas con las ocupaciones solicitadas por las diferentes \u00e1reas municipales y desde la oficina local del <strong>SAE<\/strong> se derivar\u00e1n a dos personas candidatas por puesto solicitado que consten inscritas en las ocupaciones demandadas. Finalmente, ser\u00e1 el propio <b>Ayuntamiento<\/b> el responsable de realizar la selecci\u00f3n.<\/p>\n","protected":false},"excerpt":{"rendered":"El proyecto \u201cTalento Joven Alcal\u00e1 la Real\u201d, financiado por la Junta de Andaluc\u00eda y la Uni\u00f3n Europea, fomentar\u00e1&hellip;\n","protected":false},"author":2,"featured_media":309411,"comment_status":"","ping_status":"","sticky":false,"template":"","format":"standard","meta":{"footnotes":""},"categories":[5],"tags":[17,18,25,24,13,14,11,19,20,9,10,15,16,23,12,21,22],"class_list":{"0":"post-309410","1":"post","2":"type-post","3":"status-publish","4":"format-standard","5":"has-post-thumbnail","7":"category-titulares","8":"tag-breaking-news","9":"tag-breakingnews","10":"tag-es","11":"tag-espana","12":"tag-featured-news","13":"tag-featurednews","14":"tag-headlines","15":"tag-latest-news","16":"tag-latestnews","17":"tag-news","18":"tag-noticias","19":"tag-noticias-destacadas","20":"tag-noticiasdestacadas","21":"tag-spain","22":"tag-titulares","23":"tag-ultimas-noticias","24":"tag-ultimasnoticias"},"share_on_mastodon":{"url":"https:\/\/pubeurope.com\/@es\/115789934751138318","error":""},"_links":{"self":[{"href":"https:\/\/www.europesays.com\/es\/wp-json\/wp\/v2\/posts\/309410","targetHints":{"allow":["GET"]}}],"collection":[{"href":"https:\/\/www.europesays.com\/es\/wp-json\/wp\/v2\/posts"}],"about":[{"href":"https:\/\/www.europesays.com\/es\/wp-json\/wp\/v2\/types\/post"}],"author":[{"embeddable":true,"href":"https:\/\/www.europesays.com\/es\/wp-json\/wp\/v2\/users\/2"}],"replies":[{"embeddable":true,"href":"https:\/\/www.europesays.com\/es\/wp-json\/wp\/v2\/comments?post=309410"}],"version-history":[{"count":0,"href":"https:\/\/www.europesays.com\/es\/wp-json\/wp\/v2\/posts\/309410\/revisions"}],"wp:featuredmedia":[{"embeddable":true,"href":"https:\/\/www.europesays.com\/es\/wp-json\/wp\/v2\/media\/309411"}],"wp:attachment":[{"href":"https:\/\/www.europesays.com\/es\/wp-json\/wp\/v2\/media?parent=309410"}],"wp:term":[{"taxonomy":"category","embeddable":true,"href":"https:\/\/www.europesays.com\/es\/wp-json\/wp\/v2\/categories?post=309410"},{"taxonomy":"post_tag","embeddable":true,"href":"https:\/\/www.europesays.com\/es\/wp-json\/wp\/v2\/tags?post=309410"}],"curies":[{"name":"wp","href":"https:\/\/api.w.org\/{rel}","templated":true}]}}