{"id":309412,"date":"2025-12-27T05:49:12","date_gmt":"2025-12-27T05:49:12","guid":{"rendered":"https:\/\/www.europesays.com\/es\/309412\/"},"modified":"2025-12-27T05:49:12","modified_gmt":"2025-12-27T05:49:12","slug":"la-joya-de-la-masia-que-fracasa-en-la-nba-tras-rechazar-al-barca-de-basket-el-pasado-verano","status":"publish","type":"post","link":"https:\/\/www.europesays.com\/es\/309412\/","title":{"rendered":"La joya de la Mas\u00eda que fracasa en la NBA tras rechazar al Bar\u00e7a de basket el pasado verano"},"content":{"rendered":"<p>                <a href=\"https:\/\/cronicaglobal.elespanol.com\/culemania\/secciones\/\" class=\"kicker--section\" rel=\"nofollow noopener\" target=\"_blank\">Secciones<\/a><\/p>\n<p>\n    La joven perla de 21 a\u00f1os da un paso atr\u00e1s en su carrera despu\u00e9s de ser elegido en el Draft de la liga norteamericana\n<\/p>\n<p>    Noticias relacionadas<\/p>\n<p class=\"paragraph\" id=\"paragraph_1\">La <a href=\"https:\/\/cronicaglobal.elespanol.com\/culemania\/culemaniacos\/20251226\/barca-kobe-bryant-angeles-lakers-nike-equipacion\/1003742719181_0.html?utm_cmp_rs=linksinline\" target=\"_blank\" rel=\"nofollow noopener\">NBA<\/a> es, para muchos, el objetivo principal de la carrera de un jugador de baloncesto. La liga estadounidense atesora <strong>muchos factores atractivos para los profesionales<\/strong>, que, aparte de ganar mucho m\u00e1s dinero, disfrutan de una atenci\u00f3n medi\u00e1tica impresionante. Es por eso que muchos de ellos ven el baloncesto europeo tan solo como un trampol\u00edn a dicha competici\u00f3n. <strong>Un ejemplo perfecto es el de una perla de <a href=\"https:\/\/cronicaglobal.elespanol.com\/culemania\/secciones\/20251226\/fichaje-barca-femenino-esperar-pere-romeu-estrella\/1003742719159_0.html?utm_cmp_rs=linksinline\" target=\"_blank\" rel=\"nofollow noopener\">la Mas\u00eda<\/a>, que tras ser seleccionado en el Draft, ha fracasado en la NBA<\/strong>, y, ahora, debe dar un paso atr\u00e1s en su carrera.<\/p>\n<p>Del Bar\u00e7a a la NCAA pasando por la NBA<\/p>\n<p class=\"paragraph\" id=\"paragraph_2\">Se trata de <strong><a href=\"https:\/\/cronicaglobal.elespanol.com\/culemania\/secciones\/20250708\/jugador-barca-basket-dejara-pellizco-nba-laporta\/1003742671921_0.html?utm_cmp_rs=linksinline\" target=\"_blank\" rel=\"nofollow noopener\">James Nnaji<\/a><\/strong>. El p\u00edvot nigeriano de<strong> 21 a\u00f1os<\/strong> ha tomado la decisi\u00f3n de <strong>cambiar la NBA por la NCAA<\/strong>, la liga universitaria estadounidense. El motivo es muy simple. Este mismo verano trat\u00f3 de ganarse un hueco en la plantilla de los<strong> New York Knicks<\/strong>, pero termin\u00f3 por ser descartado. De hecho, hasta lleg\u00f3 a vestirse la camiseta de los knickerbockers en la<strong> Summer League<\/strong>, un torneo estival para j\u00f3venes promesas.<\/p>\n<p><img decoding=\"async\" alt=\"La Universidad de Baylor anuncia el fichaje de James Nnaji\" data-imgm=\"true\" height=\"854\" loading=\"lazy\"  src=\"https:\/\/www.europesays.com\/es\/wp-content\/uploads\/2025\/12\/1003742719217_15551661_1280x1706.jpg\"  width=\"640\"\/><\/p>\n<p>                                                            La Universidad de Baylor anuncia el fichaje de James Nnaji<\/p>\n<p>                    REDES<\/p>\n<p><img decoding=\"async\" alt=\"James Nnaji defiende a Victor Wembanyama en la Summer League 2023 de la NBA\" data-imgm=\"true\" height=\"180\" loading=\"lazy\"  src=\"https:\/\/www.europesays.com\/es\/wp-content\/uploads\/2025\/12\/1003742719218_15551694_1024x576.jpg\"  width=\"320\"\/><\/p>\n<p>                                                            James Nnaji defiende a Victor Wembanyama en la Summer League 2023 de la NBA<\/p>\n<p>                    REDES<\/p>\n<p class=\"paragraph\" id=\"paragraph_3\">Sin embargo, su juego <strong>no impresion\u00f3 a ning\u00fan conjunto de los 30 que forman parte de la NBA y Nnaji se qued\u00f3 sin equipo<\/strong>. Ahora, en plena competici\u00f3n de la NCAA, la Universidad de Baylor ha anunciado el fichaje del que en su momento fue <strong>una de las mayores perlas de la Mas\u00eda<\/strong>. La decisi\u00f3n de dar un paso atr\u00e1s en su carrera &#8211;de la NBA a la NCAA&#8211; es evidente. Quiere un escaparate de atenci\u00f3n para tratar de conseguir su debut so\u00f1ado en la m\u00e1xima liga de baloncesto del mundo.<\/p>\n<p>Descart\u00f3 el regreso<\/p>\n<p class=\"paragraph\" id=\"paragraph_4\">Asimismo, su caso representa un hecho hist\u00f3rico. Nunca antes un jugador que ya ha sido seleccionado en el Draft de la NBA hab\u00eda regresado a la Universidad.<strong> Nnaji fue el &#8216;pick&#8217; 31 del Draft de 2023, que lo mand\u00f3 a los Detroit Pistons<\/strong>. En ese momento, el p\u00edvot azulgrana decidi\u00f3 continuar su carrera en Europa y no viaj\u00f3 a Estados Unidos para empezar una nueva vida. Durante estos dos a\u00f1os, <strong>sus derechos de posesi\u00f3n han sido traspasados en dos ocasiones hasta llegar a los New York Knicks<\/strong>.<\/p>\n<p><img decoding=\"async\" alt=\"El Bar\u00e7a de basket se despide de James Nnaji, tras rescindir su contrato\" data-imgm=\"true\" height=\"180\" loading=\"lazy\"  src=\"https:\/\/www.europesays.com\/es\/wp-content\/uploads\/2025\/12\/1003742678914_14965844_1024x576.jpg\"  width=\"320\"\/><\/p>\n<p>                                                            El Bar\u00e7a de basket se despide de James Nnaji, tras rescindir su contrato<\/p>\n<p>                    FCB<\/p>\n<p><img decoding=\"async\" alt=\"James Nnaji realiza una acci\u00f3n defensiva en el Asvel-Bar\u00e7a de basket\" data-imgm=\"true\" height=\"180\" loading=\"lazy\"  src=\"https:\/\/www.europesays.com\/es\/wp-content\/uploads\/2025\/12\/847175473_14836168_1024x576.jpg\"  width=\"320\"\/><\/p>\n<p>                                                            James Nnaji realiza una acci\u00f3n defensiva en el Asvel-Bar\u00e7a de basket<\/p>\n<p>                    FCB<\/p>\n<p class=\"paragraph\" id=\"paragraph_5\">Lo m\u00e1s llamativo de su situaci\u00f3n es que, este verano<strong>, Nnaji dej\u00f3 muy claro que no estaba dispuesto a regresar al Bar\u00e7a de basket, con el que a\u00fan ten\u00eda contrato en vigor hasta 2027 antes de ser cortado<\/strong>. Asimismo, la opini\u00f3n era compartida: Joan Pe\u00f1arroya tampoco contaba con \u00e9l.<\/p>\n","protected":false},"excerpt":{"rendered":"Secciones La joven perla de 21 a\u00f1os da un paso atr\u00e1s en su carrera despu\u00e9s de ser elegido&hellip;\n","protected":false},"author":2,"featured_media":309413,"comment_status":"","ping_status":"","sticky":false,"template":"","format":"standard","meta":{"footnotes":""},"categories":[269],"tags":[299,298,168,25,24,4469,1725,4470,23,167],"class_list":{"0":"post-309412","1":"post","2":"type-post","3":"status-publish","4":"format-standard","5":"has-post-thumbnail","7":"category-baloncesto","8":"tag-baloncesto","9":"tag-basketball","10":"tag-deportes","11":"tag-es","12":"tag-espana","13":"tag-fcb-basket","14":"tag-nba","15":"tag-secciones","16":"tag-spain","17":"tag-sports"},"share_on_mastodon":{"url":"https:\/\/pubeurope.com\/@es\/115789966907238896","error":""},"_links":{"self":[{"href":"https:\/\/www.europesays.com\/es\/wp-json\/wp\/v2\/posts\/309412","targetHints":{"allow":["GET"]}}],"collection":[{"href":"https:\/\/www.europesays.com\/es\/wp-json\/wp\/v2\/posts"}],"about":[{"href":"https:\/\/www.europesays.com\/es\/wp-json\/wp\/v2\/types\/post"}],"author":[{"embeddable":true,"href":"https:\/\/www.europesays.com\/es\/wp-json\/wp\/v2\/users\/2"}],"replies":[{"embeddable":true,"href":"https:\/\/www.europesays.com\/es\/wp-json\/wp\/v2\/comments?post=309412"}],"version-history":[{"count":0,"href":"https:\/\/www.europesays.com\/es\/wp-json\/wp\/v2\/posts\/309412\/revisions"}],"wp:featuredmedia":[{"embeddable":true,"href":"https:\/\/www.europesays.com\/es\/wp-json\/wp\/v2\/media\/309413"}],"wp:attachment":[{"href":"https:\/\/www.europesays.com\/es\/wp-json\/wp\/v2\/media?parent=309412"}],"wp:term":[{"taxonomy":"category","embeddable":true,"href":"https:\/\/www.europesays.com\/es\/wp-json\/wp\/v2\/categories?post=309412"},{"taxonomy":"post_tag","embeddable":true,"href":"https:\/\/www.europesays.com\/es\/wp-json\/wp\/v2\/tags?post=309412"}],"curies":[{"name":"wp","href":"https:\/\/api.w.org\/{rel}","templated":true}]}}