{"id":309414,"date":"2025-12-27T05:50:19","date_gmt":"2025-12-27T05:50:19","guid":{"rendered":"https:\/\/www.europesays.com\/es\/309414\/"},"modified":"2025-12-27T05:50:19","modified_gmt":"2025-12-27T05:50:19","slug":"no-se-trata-de-reducir-mi-salario-a-la-mitad","status":"publish","type":"post","link":"https:\/\/www.europesays.com\/es\/309414\/","title":{"rendered":"No se trata de reducir mi salario a la mitad"},"content":{"rendered":"<p class=\"ft-text\">Apurando l<strong>as cortas vacaciones navide\u00f1as, Robert Lewandowski se pas\u00f3 este viernes por el canal de Youtube del periodista polaco Bogdan Rymanowski<\/strong>, que cuenta con casi 600.000 suscriptores y es uno de los m\u00e1s seguidos en su pa\u00eds.<\/p>\n<p class=\"ft-text\">Lewy, que tiene contrato hasta el 30 de junio con el Bar\u00e7a, todav\u00eda no ha deshojado la margarita sobre su futuro. Cabe la posibilidad, <a class=\"ft-link ft-link--decoration\" href=\"https:\/\/www.sport.es\/es\/noticias\/barca\/conversacion-pendiente-flick-lewandowski-125029917\" rel=\"nofollow noopener\" target=\"_blank\">como contamos en SPORT<\/a>, que siga de azulgrana si Flick y el \u00e1rea deportiva consideran que todav\u00eda tiene cosas por aportar, sobre todo en clave vestuario.<\/p>\n<p class=\"ft-text\"><strong>AMBICI\u00d3N<\/strong><\/p>\n<p class=\"ft-text\">\u00abTodav\u00eda tengo tiempo para tomar una decisi\u00f3n. Ahora mismo, <strong>no s\u00e9 d\u00f3nde quiero jugar<\/strong>. No hay necesidad de pensarlo todav\u00eda. No s\u00e9 qu\u00e9 direcci\u00f3n tomar, pero no tengo ninguna presi\u00f3n\u00bb, declar\u00f3 Robert acerca de cu\u00e1ndo habr\u00e1 novedades.<\/p>\n<p class=\"ft-text\">Sobre las claves para seguir, Lewy coment\u00f3 que \u00abno estoy hablando con el entrenador sobre clubes interesados. No se trata de reducir mi salario a la mitad. Mucho depende del plan del club y de lo que yo quiera\u00bb.<\/p>\n<p class=\"ft-text\"><strong>OBJETIVOS<\/strong><\/p>\n<p class=\"ft-text\">Entre otras cosas, el atacante habl\u00f3 de sus objetivos para este 2026: \u00abEspero que juguemos estos dos partidos de forma que nos ayuden a clasificarnos para el Mundial. <strong>Me gustar\u00eda tenerlo todo: clasificarme para la Mundial, el t\u00edtulo espa\u00f1ol, la Champions. Soy consciente de que estos son mis \u00faltimos a\u00f1os en el f\u00fatbol<\/strong>\u00ab, coment\u00f3 Lewy.<\/p>\n<blockquote class=\"ft-mol-quote\" data-aida-quote=\"\"><p>La situaci\u00f3n se ha estabilizado en el Bar\u00e7a<\/p><\/blockquote>\n<p class=\"ft-text\">Respecto a la situaci\u00f3n del Bar\u00e7a, el &#8216;9&#8217; asegura que<strong> \u00aben general, el equipo ha mostrado progreso en los \u00faltimos partidos. La situaci\u00f3n se ha estabilizado un poco.<\/strong> Y eso les ayuda a mostrar una mejor versi\u00f3n de s\u00ed mismos en el campo. El ambiente en el equipo era y es bueno\u00bb.<\/p>\n<p class=\"ft-text\">M\u00e1s sobre su temporada y la gran decisi\u00f3n: \u00abQuiz\u00e1s empiece a hablar de ello dentro de un tiempo, pero por ahora, tambi\u00e9n tuve un comienzo de temporada dif\u00edcil. Me lesion\u00e9 dos veces. Tambi\u00e9n me cost\u00f3 entrar, sabiendo cu\u00e1ntos partidos nos esperan en enero, febrero y marzo hasta el final. Tengo en mente que probablemente en la segunda parte de la temporada estar\u00eda bien prepararme f\u00edsicamente, no tener problemas de salud, simplemente darlo todo\u00bb.<\/p>\n<p class=\"ft-text\">Tiene otro reto importante Lewy con Polonia, clasificarse para la Copa del Mundo en unos playoffs muy duros: <strong>\u00abSon rivales dif\u00edciles para la selecci\u00f3n polaca. No ser\u00e1 f\u00e1cil. <\/strong>Pero jugamos contra Albania en casa, con el apoyo de nuestra afici\u00f3n, y eso nos da un impulso extra\u00bb.<\/p>\n<p><img decoding=\"async\" src=\"https:\/\/www.europesays.com\/es\/wp-content\/uploads\/2025\/12\/6f835de4-a3df-4910-83ec-35478c6c01ad_alta-libre-aspect-ratio_default_0.jpg\" width=\"1200\" height=\"800\" alt=\"Robert Lewandowski, en el banquillo del estadio Pedro Escart\u00edn durante el Guadalajar - FC Barcelona de la Copa del Rey 2025\/26\" class=\"ft-helper-img-rd\" loading=\"lazy\"\/><\/p>\n<p class=\"ft-helper-fontColor-quaternary ft-helper-fontSize-body-S ft-helper-spacer-t-xxs\">Robert Lewandowski, en el banquillo del estadio Pedro Escart\u00edn durante el Guadalajar &#8211; FC Barcelona de la Copa del Rey 2025\/26  \/ AP<\/p>\n<p class=\"ft-text\">M\u00e1s acerca del apartado personal, Lewy dej\u00f3 varias reflexiones: <strong> \u00abLlegar a la cima no es un arte, se trata de mantenerse ah\u00ed, y ese es el reto. <\/strong>Durante 15 o 20 a\u00f1os jugando al f\u00fatbol hemos estado constantemente poniendo a prueba y superando nuestros l\u00edmites f\u00edsicos, mentales y psicol\u00f3gicos\u00bb, confiesa Lewandowski, y enfatiza: \u00abTuve que derribar muchos muros para llegar ah\u00ed y demostrar que es posible\u00bb.<\/p>\n<p class=\"ft-text\">\u00abMuchas veces tom\u00e9 decisiones conscientes de que alguien quer\u00eda algo, esperaba algo de m\u00ed, pero sab\u00eda que solo era capaz de afrontar emocionalmente todo lo que suced\u00eda a mi alrededor hasta cierto punto\u00bb, analiza el &#8216;9&#8217;, que a\u00f1ade que <strong>\u00abno fui creado para cumplir las expectativas de todos<\/strong>, sino para realizar mi propio potencial\u00bb.<\/p>\n<p class=\"ft-text\">El anterior seleccionador polaco Michal Probierz le quit\u00f3 la capitan\u00eda y Lewy decidi\u00f3 dejar la selecci\u00f3n de forma temporal por su presencia en el banquillo. \u00abNo, no le tengo mucho cari\u00f1o\u00bb, comenta Robert Lewandowski, pero admite: <strong>\u00abCuando recib\u00ed la informaci\u00f3n (que le quitaban el brazalete), casi me caigo de la silla, pero despu\u00e9s de un tiempo se me escap\u00f3 y se me olvid\u00f3<\/strong>\u00ab.<\/p>\n","protected":false},"excerpt":{"rendered":"Apurando las cortas vacaciones navide\u00f1as, Robert Lewandowski se pas\u00f3 este viernes por el canal de Youtube del periodista&hellip;\n","protected":false},"author":2,"featured_media":309415,"comment_status":"","ping_status":"","sticky":false,"template":"","format":"standard","meta":{"footnotes":""},"categories":[268],"tags":[2296,11681,168,25,24,881,280,282,2848,17435,72926,281,23,167],"class_list":{"0":"post-309414","1":"post","2":"type-post","3":"status-publish","4":"format-standard","5":"has-post-thumbnail","7":"category-futbol","8":"tag-barca","9":"tag-champions","10":"tag-deportes","11":"tag-es","12":"tag-espana","13":"tag-fc-barcelona","14":"tag-football","15":"tag-futbol","16":"tag-futuro","17":"tag-lewandowski","18":"tag-lewy","19":"tag-soccer","20":"tag-spain","21":"tag-sports"},"share_on_mastodon":{"url":"https:\/\/pubeurope.com\/@es\/115789969839430178","error":""},"_links":{"self":[{"href":"https:\/\/www.europesays.com\/es\/wp-json\/wp\/v2\/posts\/309414","targetHints":{"allow":["GET"]}}],"collection":[{"href":"https:\/\/www.europesays.com\/es\/wp-json\/wp\/v2\/posts"}],"about":[{"href":"https:\/\/www.europesays.com\/es\/wp-json\/wp\/v2\/types\/post"}],"author":[{"embeddable":true,"href":"https:\/\/www.europesays.com\/es\/wp-json\/wp\/v2\/users\/2"}],"replies":[{"embeddable":true,"href":"https:\/\/www.europesays.com\/es\/wp-json\/wp\/v2\/comments?post=309414"}],"version-history":[{"count":0,"href":"https:\/\/www.europesays.com\/es\/wp-json\/wp\/v2\/posts\/309414\/revisions"}],"wp:featuredmedia":[{"embeddable":true,"href":"https:\/\/www.europesays.com\/es\/wp-json\/wp\/v2\/media\/309415"}],"wp:attachment":[{"href":"https:\/\/www.europesays.com\/es\/wp-json\/wp\/v2\/media?parent=309414"}],"wp:term":[{"taxonomy":"category","embeddable":true,"href":"https:\/\/www.europesays.com\/es\/wp-json\/wp\/v2\/categories?post=309414"},{"taxonomy":"post_tag","embeddable":true,"href":"https:\/\/www.europesays.com\/es\/wp-json\/wp\/v2\/tags?post=309414"}],"curies":[{"name":"wp","href":"https:\/\/api.w.org\/{rel}","templated":true}]}}