{"id":309416,"date":"2025-12-27T05:51:24","date_gmt":"2025-12-27T05:51:24","guid":{"rendered":"https:\/\/www.europesays.com\/es\/309416\/"},"modified":"2025-12-27T05:51:24","modified_gmt":"2025-12-27T05:51:24","slug":"las-fotos-de-su-ultima-escapada-familiar-a-st-moritz","status":"publish","type":"post","link":"https:\/\/www.europesays.com\/es\/309416\/","title":{"rendered":"las fotos de su \u00faltima escapada familiar a St. Moritz"},"content":{"rendered":"<p id=\"ebe3PDxfA54\" data-wc=\"85\">Musa de la moda y prescriptora de tendencias, <a class=\"hm-link ho-link\" href=\"https:\/\/www.hola.com\/actualidad\/20240224249877\/chiara-ferragni-caso-pandoro-explicacion\/\" data-mrf-recirculation=\"article-body-link\" rel=\"nofollow noopener\" target=\"_blank\">Chiara Ferragni no renuncia al estilo ni en sus peores momentos.<\/a> Con un gorro y un chaquet\u00f3n de pelo blanco, la estrella italiana de las redes \u2014con 28 millones de seguidores\u2014 se ha convertido en una aut\u00e9ntica reina de las nieves en St. Moritz, donde ha pasado unos d\u00edas en familia. La propia Chiara ha compartido con sus seguidores que viajar a la estaci\u00f3n de esqu\u00ed alpina cada diciembre se ha convertido ya en una parada obligatoria.<\/p>\n<p>  <img src=\"https:\/\/www.europesays.com\/es\/wp-content\/uploads\/2025\/12\/ff972116539a-ph1mbx14122557.jpg\"   width=\"1080\" height=\"1800\" loading=\"lazy\" decoding=\"async\" alt=\"Chiara Ferragni paseando con su hermana, Valentina, y jugando con su hija, Vittoria\" fetchpriority=\"auto\" class=\"image ho-image\"\/>\u00a9 PHOTONEChiara Ferragni paseando con su hermana, Valentina, y jugando con su hija, Vittoria, la m\u00e1s peque\u00f1a de los dos que nacieron fruto de su relaci\u00f3n con Fedez<\/p>\n<p id=\"ebPHQ1sQ0ZG\" data-wc=\"112\">La\u00a0influencer y empresaria ha aprovechado el tiempo para esquiar y dar paseos con su hija Vittoria y su hermana, Valentina, con las que ha podido desconectar por unos momentos de la tormenta medi\u00e1tica y judicial a la que se enfrenta. <a class=\"hm-link ho-link\" href=\"https:\/\/www.hola.com\/actualidad\/20251219872921\/chiara-ferragni-se-enfrenta-a-20-meses-de-prision-por-pandoro-gate\/\" data-mrf-recirculation=\"article-body-link\" rel=\"nofollow noopener\" target=\"_blank\">La fiscal\u00eda de Mil\u00e1n ha solicitado una pena de un a\u00f1o y ocho meses de prisi\u00f3n para Chiara<\/a>, acusada de presunta estafa a consumidores en 2022, en el caso conocido como \u00abPandorogate\u00bb. De acuerdo con la acusaci\u00f3n, la influencer habr\u00eda utilizado a sus seguidores para difundir mensajes enga\u00f1osos, insinuando que una parte de las ventas de un pandoro con su marca se destinar\u00eda a fines ben\u00e9ficos, concretamente a un hospital infantil.\u00a0<\/p>\n<p id=\"egoZV7CjIbuo\" data-wc=\"68\">Desde que estall\u00f3 la pol\u00e9mica, no solo sus redes se han visto afectadas, perdiendo miles de seguidores, sino tambi\u00e9n multitud de contratos de publicidad, de los que ella vive. Sin embargo, <strong>sigue reiterando que se trata de un \u00aberror de comunicaci\u00f3n\u00bb<\/strong>, mientras que la Fiscal\u00eda, haciendo caso omiso, sostiene que se trata de una estafa agravada. Toda esta situaci\u00f3n se resolver\u00e1 en enero, cuando podremos conocer el veredicto.<\/p>\n<p>  <img src=\"https:\/\/www.europesays.com\/es\/wp-content\/uploads\/2025\/12\/d53f3e37f0f3-ph1mbx14122503.jpg\"   width=\"1080\" height=\"1800\" loading=\"lazy\" decoding=\"async\" alt=\"Chiara Ferragni ha aprovechado unos d\u00edas en familia en St. Moritz para desconectar\" fetchpriority=\"auto\" class=\"image ho-image\"\/>\u00a9 PHOTONEChiara Ferragni ha aprovechado unos d\u00edas en familia en St. Moritz para desconectar<\/p>\n<p id=\"eRIvzQx63K\" data-wc=\"157\">A la espera de la resoluci\u00f3n, <strong>decidi\u00f3 aprovechar la cuenta atr\u00e1s e irse a su viaje de tradici\u00f3n navide\u00f1a<\/strong> con una escapada a la nieve. Ella misma public\u00f3 un post en Instagram en forma de carrusel con fotograf\u00edas, acompa\u00f1ado de la frase: \u00abSt. Moritz, el 8 de diciembre, es nuestra tradici\u00f3n familiar\u00bb. <strong>A\u00f1os atr\u00e1s, lo realizaba tambi\u00e9n junto con su pareja de entonces, Fedez,<\/strong> con im\u00e1genes muy rom\u00e1nticas que resultaban envidiables. Ellos se separaron el a\u00f1o pasado, rompiendo su relaci\u00f3n a principios de 2024, en plena pol\u00e9mica del \u00abPandorogate\u00bb, tras ocho a\u00f1os juntos y casi seis como marido y mujer. En su momento, llegaron a un acuerdo de custodia compartida e igualitaria de sus hijos, Leone y Vittoria. El cantante, por su parte, no tuvo que pagar manutenci\u00f3n ni a los ni\u00f1os ni a Chiara, seg\u00fan lo establec\u00edan las cl\u00e1usulas que firmaron. Sin embargo, s\u00ed se hizo cargo de los gastos escolares y m\u00e9dicos de los menores.<\/p>\n<p id=\"eoggxxZAmTP7\" data-wc=\"107\">Este a\u00f1o, nada ha frenado a Chiara en su decisi\u00f3n de mantener su plan de tradici\u00f3n navide\u00f1a. Lo que s\u00ed nos ha sorprendido es que, en esta ocasi\u00f3n, a la escapada solo acudiese acompa\u00f1ada de su hermana y de su hija, Vittoria, de 4 a\u00f1os, y no tambi\u00e9n de su inseparable hijo Leone, de 7 a\u00f1os. Quiz\u00e1 se trat\u00f3 de <strong>una escapada pensada solo para chicas<\/strong>, un momento para relajarse y disfrutar en familia de manera m\u00e1s \u00edntima, lejos de las rutinas diarias, de los detractores que la saturan con comentarios negativos, de la prensa y del bullicio que a menudo acompa\u00f1a a los viajes familiares completos.<\/p>\n<p>  <img src=\"https:\/\/www.europesays.com\/es\/wp-content\/uploads\/2025\/12\/0435c14b3740-ph1mbx14122541.jpg\"   width=\"1080\" height=\"1800\" loading=\"lazy\" decoding=\"async\" alt=\"Valentina, hermana de Chiara Ferragni, con su sobrina, Vittoria\" fetchpriority=\"auto\" class=\"image ho-image\"\/>\u00a9 PHOTONE<\/p>\n<p id=\"e_NzJ5pPyHe\" data-wc=\"129\">Durante la estancia, la modelo dej\u00f3 a sus seguidores ver detalles que reflejaban el mimo con el que planearon todo: <strong>chocolates con nata calientes servidos en tazas muy parisinas, numerosas salidas en esqu\u00eds, rutinas de spa y piscina climatizada<\/strong> con zapatillas de usar y tirar que ten\u00edan grabadas las iniciales de Chiara y el nombre completo de la peque\u00f1a Vittoria. En el hotel, incluso las s\u00e1banas y los cojines llevaban grabadas sus iniciales, mostrando un cuidado por los detalles que hac\u00eda de la escapada un verdadero lujo familiar. Cada elemento parec\u00eda pensado para ofrecer comodidad y exclusividad, dejando claro que la experiencia estaba cuidadosamente dise\u00f1ada <strong>para que toda la familia, sobretodo la m\u00e1s peque\u00f1a de la casa, disfrutara de cada momento sin preocupaciones<\/strong>, al menos por el ef\u00edmero momento.<\/p>\n","protected":false},"excerpt":{"rendered":"Musa de la moda y prescriptora de tendencias, Chiara Ferragni no renuncia al estilo ni en sus peores&hellip;\n","protected":false},"author":2,"featured_media":309417,"comment_status":"","ping_status":"","sticky":false,"template":"","format":"standard","meta":{"footnotes":""},"categories":[174],"tags":[3900,517,255,424,3899,146,147,25,24,256,23],"class_list":{"0":"post-309416","1":"post","2":"type-post","3":"status-publish","4":"format-standard","5":"has-post-thumbnail","7":"category-famosos","8":"tag-hola","9":"tag-actualidad","10":"tag-celebrities","11":"tag-chiara-ferragni","12":"tag-contenido-sensible","13":"tag-entertainment","14":"tag-entretenimiento","15":"tag-es","16":"tag-espana","17":"tag-famosos","18":"tag-spain"},"share_on_mastodon":{"url":"https:\/\/pubeurope.com\/@es\/115789974303447245","error":""},"_links":{"self":[{"href":"https:\/\/www.europesays.com\/es\/wp-json\/wp\/v2\/posts\/309416","targetHints":{"allow":["GET"]}}],"collection":[{"href":"https:\/\/www.europesays.com\/es\/wp-json\/wp\/v2\/posts"}],"about":[{"href":"https:\/\/www.europesays.com\/es\/wp-json\/wp\/v2\/types\/post"}],"author":[{"embeddable":true,"href":"https:\/\/www.europesays.com\/es\/wp-json\/wp\/v2\/users\/2"}],"replies":[{"embeddable":true,"href":"https:\/\/www.europesays.com\/es\/wp-json\/wp\/v2\/comments?post=309416"}],"version-history":[{"count":0,"href":"https:\/\/www.europesays.com\/es\/wp-json\/wp\/v2\/posts\/309416\/revisions"}],"wp:featuredmedia":[{"embeddable":true,"href":"https:\/\/www.europesays.com\/es\/wp-json\/wp\/v2\/media\/309417"}],"wp:attachment":[{"href":"https:\/\/www.europesays.com\/es\/wp-json\/wp\/v2\/media?parent=309416"}],"wp:term":[{"taxonomy":"category","embeddable":true,"href":"https:\/\/www.europesays.com\/es\/wp-json\/wp\/v2\/categories?post=309416"},{"taxonomy":"post_tag","embeddable":true,"href":"https:\/\/www.europesays.com\/es\/wp-json\/wp\/v2\/tags?post=309416"}],"curies":[{"name":"wp","href":"https:\/\/api.w.org\/{rel}","templated":true}]}}