{"id":30942,"date":"2025-08-07T06:16:10","date_gmt":"2025-08-07T06:16:10","guid":{"rendered":"https:\/\/www.europesays.com\/es\/30942\/"},"modified":"2025-08-07T06:16:10","modified_gmt":"2025-08-07T06:16:10","slug":"trump-sopesa-un-cara-a-cara-con-putin-para-poner-fin-a-la-guerra-en-ucrania-el-pais-expres","status":"publish","type":"post","link":"https:\/\/www.europesays.com\/es\/30942\/","title":{"rendered":"Trump sopesa un cara a cara con Putin para poner fin a la guerra en Ucrania | El PA\u00cdS Expr\u00e9s"},"content":{"rendered":"<p><img fetchpriority=\"high\" alt=\"06 August 2025, Russia, Moscow: Russia's President Vladimir Putin looks on during a meeting with King Sultan Ibrahim of Malaysia, at the Grand Kremlin Palace in Moscow. Photo: Kristina Kormilitsyna\/TASS via ZUMA Press\/dpa&#13;&#10;Kristina Kormilitsyna\/TASS via Z \/ DPA&#13;&#10;06\/08\/2025 ONLY FOR USE IN SPAIN\" decoding=\"auto\" class=\"_re  a_m-h\" height=\"414\"  width=\"414\"  src=\"https:\/\/www.europesays.com\/es\/wp-content\/uploads\/2025\/08\/C2G2KKJ2RJHHNPHZMQJUOSZHUI.jpg\" loading=\"eager\"\/>06 August 2025, Russia, Moscow: Russia&#8217;s President Vladimir Putin looks on during a meeting with King Sultan Ibrahim of Malaysia, at the Grand Kremlin Palace in Moscow. Photo: Kristina Kormilitsyna\/TASS via ZUMA Press\/dpa&#13;<br \/>\nKristina Kormilitsyna\/TASS via Z \/ DPA&#13;<br \/>\n06\/08\/2025 ONLY FOR USE IN SPAINFoto: Kristina Kormilitsyna (DPA v\u00eda Europa Press)<\/p>\n<p>GUERRA DE RUSIA EN UCRANIA<\/p>\n<p class=\"\">El presidente de EE UU, Donald Trump, ha anunciado su disposici\u00f3n a reunirse \u201cmuy pronto\u201d con el l\u00edder ruso Vlad\u00edmir Putin para explorar una salida negociada a la guerra en Ucrania.<\/p>\n<ul>\n<li>Aunque a\u00fan no hay lugar confirmado, la Casa Blanca ha se\u00f1alado que la reuni\u00f3n podr\u00eda celebrarse la pr\u00f3xima semana. <\/li>\n<li>Adem\u00e1s, se contempla un segundo encuentro, esta vez trilateral, con la participaci\u00f3n del presidente ucraniano, Volod\u00edmir Zelenski.<\/li>\n<\/ul>\n<p class=\"\"><b>\u00bfPor qu\u00e9 justo ahora? <\/b>Esta declaraci\u00f3n se ha producido horas despu\u00e9s de que el enviado especial para Rusia y Oriente Pr\u00f3ximo, Steve Witkoff, se reuniera con Putin durante tres horas en el Kremlin<\/p>\n<p class=\"\"><b>Un ultim\u00e1tum en el horizonte. <\/b>Trump ha dado a Rusia un plazo de dos d\u00edas para aceptar una tregua. Si no hay avances, Washington aplicar\u00e1 nuevas sanciones econ\u00f3micas y subir\u00e1 los aranceles tanto a Rusia como a sus aliados comerciales.<\/p>\n<p class=\"\"><b>De elogios a presi\u00f3n.<\/b> El republicano ha pasado de elogiar a Putin \u2014lleg\u00f3 a llamarlo \u201cgenio\u201d\u2014 a mostrarse esc\u00e9ptico sobre sus intenciones. \u201cYa me ha decepcionado otras veces antes, este\u201d, ha dicho en referencia al presidente ruso. Este giro marca una nueva fase en su pol\u00edtica exterior hacia Rusia.<\/p>\n<p class=\"\">\u00a9Foto: Kristina Kormilitsyna (DPA v\u00eda Europa Press)<\/p>\n<p class=\"\"><a href=\"https:\/\/elpais.com\/internacional\/2025-08-06\/donald-trump-planea-una-reunion-con-vladimir-putin-la-proxima-semana.html\" target=\"_self\" rel=\"nofollow noopener\" title=\"https:\/\/elpais.com\/internacional\/2025-08-06\/donald-trump-planea-una-reunion-con-vladimir-putin-la-proxima-semana.html\">Si quieres saber m\u00e1s, puedes leer aqu\u00ed.<\/a><\/p>\n","protected":false},"excerpt":{"rendered":"06 August 2025, Russia, Moscow: Russia&#8217;s President Vladimir Putin looks on during a meeting with King Sultan Ibrahim&hellip;\n","protected":false},"author":2,"featured_media":30943,"comment_status":"","ping_status":"","sticky":false,"template":"","format":"standard","meta":{"footnotes":""},"categories":[42],"tags":[17,18,70,72,352,13,14,11,61,62,63,64,19,20,9,10,15,16,1614,12,7081,21,22,7083,65,66,67],"class_list":{"0":"post-30942","1":"post","2":"type-post","3":"status-publish","4":"format-standard","5":"has-post-thumbnail","7":"category-internacional","8":"tag-breaking-news","9":"tag-breakingnews","10":"tag-conflictos","11":"tag-conflictos-internacionales","12":"tag-donald-trump","13":"tag-featured-news","14":"tag-featurednews","15":"tag-headlines","16":"tag-internacional","17":"tag-international","18":"tag-international-news","19":"tag-internationalnews","20":"tag-latest-news","21":"tag-latestnews","22":"tag-news","23":"tag-noticias","24":"tag-noticias-destacadas","25":"tag-noticiasdestacadas","26":"tag-rusia","27":"tag-titulares","28":"tag-ucrania","29":"tag-ultimas-noticias","30":"tag-ultimasnoticias","31":"tag-vladimir-putin","32":"tag-world","33":"tag-world-news","34":"tag-worldnews"},"share_on_mastodon":{"url":"","error":""},"_links":{"self":[{"href":"https:\/\/www.europesays.com\/es\/wp-json\/wp\/v2\/posts\/30942","targetHints":{"allow":["GET"]}}],"collection":[{"href":"https:\/\/www.europesays.com\/es\/wp-json\/wp\/v2\/posts"}],"about":[{"href":"https:\/\/www.europesays.com\/es\/wp-json\/wp\/v2\/types\/post"}],"author":[{"embeddable":true,"href":"https:\/\/www.europesays.com\/es\/wp-json\/wp\/v2\/users\/2"}],"replies":[{"embeddable":true,"href":"https:\/\/www.europesays.com\/es\/wp-json\/wp\/v2\/comments?post=30942"}],"version-history":[{"count":0,"href":"https:\/\/www.europesays.com\/es\/wp-json\/wp\/v2\/posts\/30942\/revisions"}],"wp:featuredmedia":[{"embeddable":true,"href":"https:\/\/www.europesays.com\/es\/wp-json\/wp\/v2\/media\/30943"}],"wp:attachment":[{"href":"https:\/\/www.europesays.com\/es\/wp-json\/wp\/v2\/media?parent=30942"}],"wp:term":[{"taxonomy":"category","embeddable":true,"href":"https:\/\/www.europesays.com\/es\/wp-json\/wp\/v2\/categories?post=30942"},{"taxonomy":"post_tag","embeddable":true,"href":"https:\/\/www.europesays.com\/es\/wp-json\/wp\/v2\/tags?post=30942"}],"curies":[{"name":"wp","href":"https:\/\/api.w.org\/{rel}","templated":true}]}}