{"id":309426,"date":"2025-12-27T06:00:27","date_gmt":"2025-12-27T06:00:27","guid":{"rendered":"https:\/\/www.europesays.com\/es\/309426\/"},"modified":"2025-12-27T06:00:27","modified_gmt":"2025-12-27T06:00:27","slug":"el-arte-es-el-azul-como-un-color-cautivo-nuestros-sentidos-cultura","status":"publish","type":"post","link":"https:\/\/www.europesays.com\/es\/309426\/","title":{"rendered":"\u201cEl arte es el azul\u201d: c\u00f3mo un color cautiv\u00f3 nuestros sentidos | Cultura"},"content":{"rendered":"<p class=\"\">A la pregunta de cu\u00e1l es su color preferido, hay buenas razones para sospechar que su respuesta no ser\u00e1 otra que el azul. No por dotes adivinatorias: la mayor\u00eda de los ciudadanos occidentales coinciden en esa opini\u00f3n. En una encuesta realizada a 2.000 personas para el long seller Psicolog\u00eda del color (Editorial GG), de la alemana<a href=\"https:\/\/elpais.com\/cultura\/2023-06-06\/colores-y-emociones-la-polemica-mas-sorprendente-de-la-literatura-infantil.html\" target=\"_self\" rel=\"nofollow noopener\" title=\"https:\/\/elpais.com\/cultura\/2023-06-06\/colores-y-emociones-la-polemica-mas-sorprendente-de-la-literatura-infantil.html\"> Eva Heller,<\/a> un 46% de hombres y un 44% de mujeres lo escogieron como su predilecto, mientras que solamente un 1% de hombres y un 2% de mujeres afirmaron que no les gustaba. El verde, en comparaci\u00f3n, contaba con un 16% de adeptos entre ellos y un 15% entre ellas. Inquiridos por los sentimientos que les inspiraba su favorito, los sujetos del sondeo coincidieron en asociarlo a emociones eminentemente positivas: la simpat\u00eda, la armon\u00eda, la amistad, la confianza. Aunque muchos de los participantes lo relacionaron con el fr\u00edo, la inteligencia y lo masculino, en la tradici\u00f3n este ha sido, en contra de la arbitrariedad impuesta sobre la ropita de los beb\u00e9s, un emblema de lo femenino: Iris (lirio), Celeste o Zafiro son nombres de mujer. <\/p>\n<p><img decoding=\"auto\" class=\"_re lazyload a_m-h\" height=\"276\"  width=\"414\"  src=\"https:\/\/www.europesays.com\/es\/wp-content\/uploads\/2025\/12\/EES5ECOSRZEQFOOVT3GHXCKBWI.jpg\" loading=\"lazy\"\/>&#8216;La habitaci\u00f3n azul&#8217;, de Pablo Picasso. Evan Vucci (AP)<\/p>\n<p class=\"\">Con sus 111 tonos, del azul email al Chagall, del azul de Copenhague al de medianoche, este color encandila: a diario se ve blue jeans, en la calle se multiplican coches con esa pintura y, extendido sobre las paredes de nuestros hogares, infunde un efecto tranquilizador, tal y como relata Heller. El azul, como en aquella p\u00edldora, es el color de las cosas que no cambian. Solo hay un lugar donde el azul no gusta, y ese es el plato. En sus m\u00faltiples encarnaciones se antoja divino: vasto, profundo y art\u00edstico. <\/p>\n<p class=\"\">Innumerables escritores, pintores, cineastas y m\u00fasicos le han cantado sus odas a la musa azul: Van Gogh, Picasso, Matisse o <a href=\"https:\/\/elpais.com\/cultura\/2025-04-11\/la-colorida-abstraccion-de-helen-frankenthaler-regresa-a-bilbao-junto-a-motherwell-pollock-y-rothko.html\" target=\"_self\" rel=\"nofollow noopener\" title=\"https:\/\/elpais.com\/cultura\/2025-04-11\/la-colorida-abstraccion-de-helen-frankenthaler-regresa-a-bilbao-junto-a-motherwell-pollock-y-rothko.html\">Helen Frankenthaler <\/a>tuvieron fijaci\u00f3n por \u00e9l, vibra en la exaltaci\u00f3n de la pasi\u00f3n del Azul de Rosa Reg\u00e0s, emociona al ver la vida apagarse en las Noches azules de Joan Didion y en el Tangled Up in Blue del Nobel Bob Dylan. En el ic\u00f3nico Azul de la trilog\u00eda cinematogr\u00e1fica Tres colores, de Krzysztof Kie\u015blowski, los filtros y los objetos se ba\u00f1an de azul para evocar el leit motiv de la b\u00fasqueda de la libertad que abandera la pel\u00edcula. La melancol\u00eda que transportan los aires del blues afroamericano proviene de su significado en ingl\u00e9s: el azul alude al sentimiento oscuro de la depresi\u00f3n (y tambi\u00e9n, como aqu\u00ed el verde, a la pornograf\u00eda). <\/p>\n<p><img decoding=\"auto\" class=\"_re lazyload a_m-h\" height=\"276\"  width=\"414\"  src=\"https:\/\/www.europesays.com\/es\/wp-content\/uploads\/2025\/12\/VB76LUBX2HW5LME2ZL2HKL3FII.jpg\" loading=\"lazy\"\/>Pinturas egipcias en Luxor. Nick Brundle Photography (getty images)<\/p>\n<p class=\"\">En lengua castellana, el poeta <a href=\"https:\/\/elpais.com\/noticias\/ruben-dario\/\" target=\"_self\" rel=\"nofollow noopener\" title=\"https:\/\/elpais.com\/noticias\/ruben-dario\/\">Rub\u00e9n Dar\u00edo<\/a> escribi\u00f3 en Historia de mis libros que el azul es \u201cel color del ensue\u00f1o, el color del arte, un color hel\u00e9nico y hom\u00e9rico, color oce\u00e1nico y firmamental, el coeruleum, que en Plinio es el color simple que semeja al de los cielos y al zafiro\u201d. En ese ensayo de 1916, el nicarag\u00fcense volv\u00eda as\u00ed la vista a su obra magna, el celebrado libro de cuentos y poemas de 1888 que, con el evocador t\u00edtulo de Azul\u2026, inaugur\u00f3 vestido de esa tintura la era del modernismo literario en espa\u00f1ol, un repliegue del yo hacia el interior arropado por la b\u00fasqueda de la belleza formal y el simbolismo. <\/p>\n<p class=\"\">Caminando junto a las letras, aquel movimiento perme\u00f3 todas las artes. Ya hab\u00eda sentenciado V\u00edctor Hugo que \u201cel arte es el azul\u201d (l\u2019art c\u2019est l\u2019azur), y sobre esa premisa y bajo el influjo del libro de Dar\u00edo se inaugur\u00f3 en 2019 en CaixaForum Azul, el color del modernismo, un recorrido tras la estela de ese color en los pintores e incipientes cineastas del periodo de entre finales del siglo XIX y principios del XX. Con obras de Santiago Rusi\u00f1ol, Joaqu\u00edn Torres Garc\u00eda o Gustave Courbet, aquella muestra prob\u00f3 que s\u00ed, el azul de origen natural y sus entonces novedosos tonos artificiales, como el azul de Prusia, result\u00f3 ser un color predilecto del modernismo. Tambi\u00e9n los renacentistas europeos veneraron el fabuloso lapisl\u00e1zuli y, en el siglo XX, exploradores como el neodada\u00edsta <a href=\"https:\/\/elpais.com\/noticias\/yves-klein\/\" target=\"_self\" rel=\"nofollow noopener\" title=\"https:\/\/elpais.com\/noticias\/yves-klein\/\">Yves Klein <\/a>hicieron oficio de su b\u00fasqueda cercana a lo m\u00edstico del azul m\u00e1s puro, materializado en el IKB, el Internacional Klein Blue.<\/p>\n<p><img decoding=\"auto\" class=\"_re lazyload a_m-h\" height=\"329\"  width=\"414\"  src=\"https:\/\/www.europesays.com\/es\/wp-content\/uploads\/2025\/12\/TU2RSSCX4PPJYNRMKWJW2N2SEM.jpg\" loading=\"lazy\"\/>&#8216;El descendimiento&#8217; (hacia 1436), de Rogier Van der Weyden. La composici\u00f3n de la escena y el destacado color azul ultramar dirigen la mirada del espectador a la figura de la Virgen.Museo Nacional Del Prado<\/p>\n<p class=\"\">Instalados en una visi\u00f3n abismada del azul, uno de los tres colores primarios junto al rojo y el amarillo, ni causa actualmente la misma impresi\u00f3n que les generaba a los modernistas ni ellos llegaron a \u00e9l con la misma predisposici\u00f3n que sus antecesores. Como ampl\u00eda la comisaria de aquella exposici\u00f3n de CaixaForum, Teresa M. Sala, \u201cla percepci\u00f3n de los colores cambia\u201d. Y explica: \u201cNo es igual ahora que cuando no exist\u00eda la electricidad, o que cuando empez\u00f3 a ampliarse la paleta a trav\u00e9s de los pigmentos artificiales durante la industrializaci\u00f3n\u201d. Y, sobre todo, como ya introdujo Goethe en su Teor\u00eda del color (Editorial GG), conviene separar la \u00f3ptica del color descubierta por Newton de la psicolog\u00eda de su percepci\u00f3n, algo que con el tiempo fueron asimilando todos los artistas y dise\u00f1adores contempor\u00e1neos. <\/p>\n<p><img decoding=\"auto\" class=\"_re lazyload a_m-h\" height=\"277\"  width=\"414\"  src=\"https:\/\/www.europesays.com\/es\/wp-content\/uploads\/2025\/12\/UXWFNUQCJNBUJCLNZ5SKZXM6KA.jpg\" loading=\"lazy\"\/>&#8216;El guante blanco&#8217; (1925), de Mir\u00f3, y &#8216;Vista de Notre-Dame&#8217; (1914), de Matisse, en la exposici\u00f3n Mir\u00f3-Matisse en la Fundaci\u00f3n Mir\u00f3 de Barcelona. massimiliano minocri<\/p>\n<p class=\"\">Sujeto a las oscilaciones del gusto y las modas, la percepci\u00f3n del color es una cuesti\u00f3n de sentido, el de la vista, y tambi\u00e9n sensibilidad, esa de la que daba l\u00edricas pinceladas Rub\u00e9n Dar\u00edo en su descripci\u00f3n del \u201ccolor del ensue\u00f1o\u201d, pero que el historiador <a href=\"https:\/\/elpais.com\/ideas\/2024-03-12\/michel-pastoureau-historiador-si-un-romano-llegase-a-2024-le-extranaria-ver-tanto-azul-marino.html\" target=\"_self\" rel=\"nofollow noopener\" title=\"https:\/\/elpais.com\/ideas\/2024-03-12\/michel-pastoureau-historiador-si-un-romano-llegase-a-2024-le-extranaria-ver-tanto-azul-marino.html\">Michel Pastoureau<\/a> puntualizar\u00eda indirectamente en obras como su monumental Azul. Historia de un color (Folioscopio): no podr\u00eda decirse que se trate de un color hel\u00e9nico ni hom\u00e9rico. Como tambi\u00e9n recuerda Daniel Entrialgo en el reciente Cuando el mar no era azul (Espasa), el autor de la Il\u00edada describe el mar como del color del vino, y por la imprecisi\u00f3n de la terminolog\u00eda que usaban y lo infrecuente de su plasmaci\u00f3n art\u00edstica, los estudiosos de finales del siglo XIX llegaron a plantearse la duda de si griegos y romanos eran ciegos de azul. <\/p>\n<p><img decoding=\"auto\" class=\"_re lazyload a_m-h\" height=\"276\"  width=\"414\"  src=\"https:\/\/www.europesays.com\/es\/wp-content\/uploads\/2025\/12\/K45HHEQYXRCHJM5D5FUWG5CY2I.JPG\" loading=\"lazy\"\/>&#8216;Untitled (Blue placebo)&#8217;, 1991, obra de F\u00e9lix Gonz\u00e1lez-Torres expuesta en el MACBA de Barcelona en 2021.Marta Perez (EFE)<\/p>\n<p class=\"\">Ahora se sabe que los sentidos de las civilizaciones antiguas funcionaban exactamente como los nuestros, de modo que resulta crucial no ignorar \u201cla distancia, a veces considerable, que existe en todas las \u00e9pocas, todas las sociedades y todos los individuos, entre el color \u201creal\u201d (si es que ese adjetivo significa algo), el color percibido y el color nombrado\u201d, como escribe Pastoureau. Para los romanos, al hecho de que el pigmento azul resultaba dif\u00edcil de obtener y fijar con la naturaleza que ten\u00edan a su alcance, se sumaba la circunstancia de que lo relacionaban con los b\u00e1rbaros, de tal manera que no exist\u00eda ni un solo tono que les resultara aceptable. \u201cResulta poco est\u00e9tico cuando es claro e inquietante cuando es oscuro, [porque] se asocia a menudo con la muerte y los infiernos\u201d, apunta Pastoureau. <\/p>\n<p><img decoding=\"auto\" class=\"_re lazyload a_m-v\" height=\"593\"  width=\"414\"  src=\"https:\/\/www.europesays.com\/es\/wp-content\/uploads\/2025\/12\/6R4M3KFJHJF4FENM67W4JE4MIM.jpg\" loading=\"lazy\"\/>&#8216;La joven de la perla&#8217;, de Johannes Vermeer (1665-1667).Pictures from History (Pictures From History\/Universal Images Group via Getty Images)<\/p>\n<p class=\"\">Listado como una de las maravillas de los viajes de Marco Polo, si existe una variante m\u00edtica del color azul esa es el ultramar, obtenido, como explica el dise\u00f1ador italiano <a href=\"https:\/\/elpais.com\/cultura\/2019\/10\/16\/actualidad\/1571247312_309139.html\" target=\"_self\" rel=\"nofollow noopener\" title=\"https:\/\/elpais.com\/cultura\/2019\/10\/16\/actualidad\/1571247312_309139.html\">Riccardo Falcinelli<\/a> en Cromorama (Taurus), de \u201cla reducci\u00f3n a polvo de una piedra semipreciosa, el lapisl\u00e1zuli, que llega a Europa en naves provenientes de pa\u00edses lejanos, de \u2018m\u00e1s all\u00e1\u2019 del Mediterr\u00e1neo\u201d. Aunque existen dep\u00f3sitos de lapisl\u00e1zuli en minas de Chile, Zambia y Siberia, su procedencia fundamental se sit\u00faa en las monta\u00f1as de Afganist\u00e1n. <\/p>\n<p class=\"\">En un viaje arriesgado en busca de aquella roca casi m\u00e1gica, la periodista brit\u00e1nica<a href=\"https:\/\/elpais.com\/babelia\/2023-09-02\/curiosidades-de-un-mundo-policromado.html\" target=\"_self\" rel=\"nofollow noopener\" title=\"https:\/\/elpais.com\/babelia\/2023-09-02\/curiosidades-de-un-mundo-policromado.html\"> Victoria Finlay<\/a> se traslad\u00f3 en el 2000 hasta el hogar de los Budas de B\u0101miy\u0101n, poco antes de que los talibanes destruyeran aquellas figuras colosales acompa\u00f1adas de frescos decorados en azul. \u201cEl ultramar brillaba a\u00fan \u2014apenas\u2014 en las arruinadas paredes\u201d, rememora Finlay en Color. Historia de la paleta crom\u00e1tica (Capit\u00e1n Swing), \u201cy era extraordinario pensar que este fue el primer uso conocido del pigmento\u201d.<\/p>\n<p><img decoding=\"auto\" class=\"_re lazyload a_m-h\" height=\"173\"  width=\"414\"  src=\"https:\/\/www.europesays.com\/es\/wp-content\/uploads\/2025\/12\/H5NVK3AZENCI7KJY2WINYEABRU.jpg\" loading=\"lazy\"\/>&#8216;Pared abierta&#8217; (Open Wall), 1953, de Helen Frankenthaler, obra incluida en la exposici\u00f3n del Museo Guggenheim de Bilbao \u2018Pintura sin reglas\u2019.Rob McKeever (Gagosian)<\/p>\n<p class=\"\">Cuando en 2019 el Museo del Prado <a href=\"https:\/\/elpais.com\/cultura\/2019\/05\/08\/actualidad\/1557324733_447111.html\" target=\"_self\" rel=\"nofollow noopener\" title=\"https:\/\/elpais.com\/cultura\/2019\/05\/08\/actualidad\/1557324733_447111.html\">restaur\u00f3 una de sus obras m\u00e1s conocidas<\/a>, La anunciaci\u00f3n pintada por el temprano maestro renacentista Fra Angelico en torno a 1430-1432, la luminosidad recuperada del lapisl\u00e1zuli que decora las b\u00f3vedas y el manto que cubren a la Virgen result\u00f3 un aut\u00e9ntico descubrimiento: el pigmento, hasta entonces opaco y plano, volvi\u00f3 a la vida en su tono m\u00e1s intensamente brillante y profundo. \u201cLa diferencia reside en la calidad del ultramar y la t\u00e9cnica usada por el pintor\u201d, sentencia Almudena S\u00e1nchez, la mano a cargo de aquella restauraci\u00f3n. Dos cualidades excelentes de las que La anunciaci\u00f3n puede presumir. \u201cA partir del siglo XVII\u201d, agrega S\u00e1nchez, \u201cel lapisl\u00e1zuli se usa mucho menos, sustituido por la azurita, pero esta tiende a alterarse con el tiempo\u201d. Viendo su extraordinario comportamiento despu\u00e9s de 600 a\u00f1os, no extra\u00f1a que el ultramar ostente el r\u00e9cord de ser el color m\u00e1s caro de todos los tiempos. <\/p>\n<p><img decoding=\"auto\" class=\"_re lazyload a_m-h\" height=\"349\"  width=\"414\"  src=\"https:\/\/www.europesays.com\/es\/wp-content\/uploads\/2025\/12\/4E44UFNB5EAHBZDFWXNJ4XIAG4.jpg\" loading=\"lazy\"\/>&#8216;La anunciaci\u00f3n&#8217;, de Fra Angelico. Museo Nacional Del Prado<\/p>\n<p class=\"\">Aunque el azul no se afianz\u00f3 como un favorito hasta los siglos XVII y XVIII, apreciado por fin, como dice Pastoureau, como \u201cun color bonito, el color de la Virgen y de los reyes\u201d y rivalizando as\u00ed con el rojo, desde un <a href=\"https:\/\/www.forbes.com\/sites\/evaamsen\/2025\/10\/25\/oldest-blue-pigment-in-europe-might-have-been-stone-age-make-up\/\" target=\"_self\" rel=\"nofollow noopener\" title=\"https:\/\/www.forbes.com\/sites\/evaamsen\/2025\/10\/25\/oldest-blue-pigment-in-europe-might-have-been-stone-age-make-up\/\">reci\u00e9n descubierto pigmento de \u00e9poca paleol\u00edtica<\/a> hasta su utilizaci\u00f3n en los templos egipcios, la porcelana china o las vidrieras g\u00f3ticas, el azul se nos presenta como un color fascinante cuyas huellas pueden rastrearse a lo largo y ancho del curso de la historia. Como narra <a href=\"https:\/\/elpais.com\/babelia\/2023-10-28\/benjamin-labatut-la-revelacion-de-las-letras-latinoamericanas-que-exorciza-los-demonios-de-la-ciencia.html\" target=\"_self\" rel=\"nofollow noopener\" title=\"https:\/\/elpais.com\/babelia\/2023-10-28\/benjamin-labatut-la-revelacion-de-las-letras-latinoamericanas-que-exorciza-los-demonios-de-la-ciencia.html\">Benjam\u00edn Labatut<\/a> en Un verdor terrible (Anagrama), incluso ha cambiado su rumbo: el primer pigmento sint\u00e9tico moderno, el azul de Prusia, dio origen al cianuro de hidr\u00f3geno empleado para elaborar el letal pesticida Zyklon, y fue usado por l\u00edderes nazis como Hermann G\u00f6ring para suicidarse antes de recibir su castigo. Hoy ondea como el color de la paz, encarnado en una bandera azul, y en las vestimentas de todas las \u00e9pocas ha sido la tintura m\u00e1s popular, extra\u00edda de la planta del \u00edndigo. <\/p>\n<p class=\"\">Su simbolismo, quiz\u00e1 por encima de otros colores, se despliega como un enigma inabarcable, un c\u00edrculo crom\u00e1tico sin principio ni fin, como demuestra la ampl\u00edsima impronta que ha dejado en las artes, y que llega hasta hoy inscrita en la obra de creadores actuales como el malogrado <a href=\"https:\/\/elpais.com\/revista-de-verano\/2020-08-15\/matthew-wong-un-van-gogh-para-el-mercado-del-siglo-xxi.html\" target=\"_self\" rel=\"nofollow noopener\" title=\"https:\/\/elpais.com\/revista-de-verano\/2020-08-15\/matthew-wong-un-van-gogh-para-el-mercado-del-siglo-xxi.html\">Matthew Wong<\/a>. Ahora que las miradas brillan todo el tiempo con el azul que las pantallas reflectan en nuestras pupilas, quiz\u00e1 haya llegado el momento de salir a la calle y volver a observar el cielo a todo color, con sus sombras de gris nube, naranja amanecer o violeta crep\u00fasculo. <\/p>\n","protected":false},"excerpt":{"rendered":"A la pregunta de cu\u00e1l es su color preferido, hay buenas razones para sospechar que su respuesta no&hellip;\n","protected":false},"author":2,"featured_media":309427,"comment_status":"","ping_status":"","sticky":false,"template":"","format":"standard","meta":{"footnotes":""},"categories":[91],"tags":[229,119,209,2053,146,147,25,1598,24,448,1807,225,72927,504,1600,23],"class_list":{"0":"post-309426","1":"post","2":"type-post","3":"status-publish","4":"format-standard","5":"has-post-thumbnail","7":"category-entretenimiento","8":"tag-arte","9":"tag-ciencia","10":"tag-cultura","11":"tag-ensayo","12":"tag-entertainment","13":"tag-entretenimiento","14":"tag-es","15":"tag-escritores","16":"tag-espana","17":"tag-historia","18":"tag-lectura","19":"tag-libros","20":"tag-michel-pastoureau","21":"tag-pablo-picasso","22":"tag-psicologia","23":"tag-spain"},"share_on_mastodon":{"url":"https:\/\/pubeurope.com\/@es\/115790010311926027","error":""},"_links":{"self":[{"href":"https:\/\/www.europesays.com\/es\/wp-json\/wp\/v2\/posts\/309426","targetHints":{"allow":["GET"]}}],"collection":[{"href":"https:\/\/www.europesays.com\/es\/wp-json\/wp\/v2\/posts"}],"about":[{"href":"https:\/\/www.europesays.com\/es\/wp-json\/wp\/v2\/types\/post"}],"author":[{"embeddable":true,"href":"https:\/\/www.europesays.com\/es\/wp-json\/wp\/v2\/users\/2"}],"replies":[{"embeddable":true,"href":"https:\/\/www.europesays.com\/es\/wp-json\/wp\/v2\/comments?post=309426"}],"version-history":[{"count":0,"href":"https:\/\/www.europesays.com\/es\/wp-json\/wp\/v2\/posts\/309426\/revisions"}],"wp:featuredmedia":[{"embeddable":true,"href":"https:\/\/www.europesays.com\/es\/wp-json\/wp\/v2\/media\/309427"}],"wp:attachment":[{"href":"https:\/\/www.europesays.com\/es\/wp-json\/wp\/v2\/media?parent=309426"}],"wp:term":[{"taxonomy":"category","embeddable":true,"href":"https:\/\/www.europesays.com\/es\/wp-json\/wp\/v2\/categories?post=309426"},{"taxonomy":"post_tag","embeddable":true,"href":"https:\/\/www.europesays.com\/es\/wp-json\/wp\/v2\/tags?post=309426"}],"curies":[{"name":"wp","href":"https:\/\/api.w.org\/{rel}","templated":true}]}}