{"id":309460,"date":"2025-12-27T06:36:12","date_gmt":"2025-12-27T06:36:12","guid":{"rendered":"https:\/\/www.europesays.com\/es\/309460\/"},"modified":"2025-12-27T06:36:12","modified_gmt":"2025-12-27T06:36:12","slug":"podemos-ira-a-las-elecciones-con-candidatura-propia","status":"publish","type":"post","link":"https:\/\/www.europesays.com\/es\/309460\/","title":{"rendered":"Podemos ir\u00e1 a las elecciones con candidatura propia"},"content":{"rendered":"<p style=\"\">Podemos concurrir\u00e1 con una candidatura propia a las elecciones en Arag\u00f3n y recrimina a otras formaciones de izquierda, como Chunta Aragonesista o IU, que no hayan <a href=\"https:\/\/www.abc.es\/espana\/aragon\/podemos-abre-lista-unidad-aragon-incluida-cha-20251222181155-nt.html\" title=\"www.abc.es\" data-voc-vtm-id=\"in-text-traffic\" data-mrf-link=\"www.abc.es\" rel=\"nofollow noopener\" target=\"_blank\">atendido su propuesta<\/a> de emular una candidatura que siguiera el modelo de Unidas por Extremadura.<\/p>\n<p style=\"\">As\u00ed lo han  &#8230; trasladado desde la formaci\u00f3n morado para detallar que en los comicios del 8 de febrero ir\u00e1 en una lista propia encabezada por su dirigente <strong>Mar\u00eda Goicoechea.<\/strong><\/p>\n<p class=\"voc-p\" style=\"\">De esta forma, el escenario de fragmentaci\u00f3n electoral se cierne en la izquierda m\u00e1s all\u00e1 del PSOE y todo apunta a que <strong>habr\u00e1 tres candidaturas<\/strong> en el espacio con listas de Chunta Aragonesista, IU y la de Podemos.<\/p>\n<p class=\"voc-p\" style=\"\">Al respecto, Podemos defiende que en Arag\u00f3n propuso a otros actores de la izquierda conformar una candidatura que siguiera el modelo de Unidas por Extremadura, que el pasado domingo en los comicios auton\u00f3micos logr\u00f3 siete esca\u00f1os y super\u00f3 el 10% de los votos. Sin embargo, <strong>sostiene que esa propuesta no ha sido aceptada<\/strong> por el resto de formaciones, algo que el partido morado lamenta.<\/p>\n<p class=\"voc-p\" style=\"\">\u00abPodemos Arag\u00f3n se marca el objetivo de poner en pie a una izquierda para avanzar en derechos y hacer frente a la derecha y a la extrema derecha en las elecciones aragonesas con una candidatura amplia y plural\u00bb, ha agregado el partido.<\/p>\n<p class=\"voc-p\" style=\"\">Asimismo, ha recordado que Goicoechea obtuvo el respaldo del <strong>88% de la militancia de Podemos Arag\u00f3n<\/strong> en la consulta celebrada del 19 y al 22 de diciembre, es t\u00e9cnica audiovisual, trabaj\u00f3 en medios como Arag\u00f3n TV, fue directora del Instituto Aragon\u00e9s de la Mujer (2019-2023) y ha participado activamente en movimientos feministas y vecinales.<\/p>\n<p class=\"voc-p\" style=\"\">Podemos Arag\u00f3n considera \u00abimprescindible esta candidatura n\u00edtidamente de izquierdas, dado que el PSOE ha demostrado ser incapaz de responder a problemas como el de la vivienda, ha multiplicado el gasto militar, y est\u00e1 rodeado de casos de corrupci\u00f3n y machismo &#8211;por los que se ha visto salpicada su candidata, Pilar Alegr\u00eda&#8211;, algo que s\u00f3lo genera decepci\u00f3n entre el electorado progresista y fortalece a la derecha y la extrema derecha\u00bb.<\/p>\n","protected":false},"excerpt":{"rendered":"Podemos concurrir\u00e1 con una candidatura propia a las elecciones en Arag\u00f3n y recrimina a otras formaciones de izquierda,&hellip;\n","protected":false},"author":2,"featured_media":309461,"comment_status":"","ping_status":"","sticky":false,"template":"","format":"standard","meta":{"footnotes":""},"categories":[8],"tags":[4499,17,18,56616,4374,25,24,13,14,3419,11,15902,40135,19,20,9,10,15,16,6067,872,23,12,21,22,9445],"class_list":{"0":"post-309460","1":"post","2":"type-post","3":"status-publish","4":"format-standard","5":"has-post-thumbnail","7":"category-espana","8":"tag-aragon","9":"tag-breaking-news","10":"tag-breakingnews","11":"tag-candidatura","12":"tag-elecciones","13":"tag-es","14":"tag-espana","15":"tag-featured-news","16":"tag-featurednews","17":"tag-frente","18":"tag-headlines","19":"tag-ira","20":"tag-izquierdas","21":"tag-latest-news","22":"tag-latestnews","23":"tag-news","24":"tag-noticias","25":"tag-noticias-destacadas","26":"tag-noticiasdestacadas","27":"tag-podemos","28":"tag-propia","29":"tag-spain","30":"tag-titulares","31":"tag-ultimas-noticias","32":"tag-ultimasnoticias","33":"tag-unido"},"share_on_mastodon":{"url":"https:\/\/pubeurope.com\/@es\/115790150562195665","error":""},"_links":{"self":[{"href":"https:\/\/www.europesays.com\/es\/wp-json\/wp\/v2\/posts\/309460","targetHints":{"allow":["GET"]}}],"collection":[{"href":"https:\/\/www.europesays.com\/es\/wp-json\/wp\/v2\/posts"}],"about":[{"href":"https:\/\/www.europesays.com\/es\/wp-json\/wp\/v2\/types\/post"}],"author":[{"embeddable":true,"href":"https:\/\/www.europesays.com\/es\/wp-json\/wp\/v2\/users\/2"}],"replies":[{"embeddable":true,"href":"https:\/\/www.europesays.com\/es\/wp-json\/wp\/v2\/comments?post=309460"}],"version-history":[{"count":0,"href":"https:\/\/www.europesays.com\/es\/wp-json\/wp\/v2\/posts\/309460\/revisions"}],"wp:featuredmedia":[{"embeddable":true,"href":"https:\/\/www.europesays.com\/es\/wp-json\/wp\/v2\/media\/309461"}],"wp:attachment":[{"href":"https:\/\/www.europesays.com\/es\/wp-json\/wp\/v2\/media?parent=309460"}],"wp:term":[{"taxonomy":"category","embeddable":true,"href":"https:\/\/www.europesays.com\/es\/wp-json\/wp\/v2\/categories?post=309460"},{"taxonomy":"post_tag","embeddable":true,"href":"https:\/\/www.europesays.com\/es\/wp-json\/wp\/v2\/tags?post=309460"}],"curies":[{"name":"wp","href":"https:\/\/api.w.org\/{rel}","templated":true}]}}