{"id":309466,"date":"2025-12-27T06:46:20","date_gmt":"2025-12-27T06:46:20","guid":{"rendered":"https:\/\/www.europesays.com\/es\/309466\/"},"modified":"2025-12-27T06:46:20","modified_gmt":"2025-12-27T06:46:20","slug":"el-talento-de-casa-tiene-que-quedarse-en-casa","status":"publish","type":"post","link":"https:\/\/www.europesays.com\/es\/309466\/","title":{"rendered":"El talento de casa tiene que quedarse en casa"},"content":{"rendered":"<p class=\"ft-text\"><strong>Xavier Puig (Barcelona, 1962) cierra el 2025 con una entrevista exclusiva en SPORT.<\/strong> El directivo del FC Barcelona responsable del f\u00fatbol femenino hace balance de un a\u00f1o \u201cmuy positivo\u201d y de un inicio de temporada marcado por el cumplimiento de los objetivos deportivos, econ\u00f3micos y sociales, el crecimiento del equipo bajo la direcci\u00f3n de Pere Romeu y la irrupci\u00f3n definitiva del talento de la Masia.<\/p>\n<p class=\"ft-text\">En esta conversaci\u00f3n <strong>repasa tambi\u00e9n los retos del club en un contexto condicionado por el <\/strong><strong>fair play<\/strong><strong>, las renovaciones estrat\u00e9gicas y la ambici\u00f3n intacta<\/strong> de seguir siendo el mejor equipo del mundo.<\/p>\n<p class=\"ft-text\"><strong>Pregunta: Despedimos ya el 2025. \u00bfQu\u00e9 balance hace del a\u00f1o?<\/strong><\/p>\n<p class=\"ft-text\">Respuesta: Un balance muy positivo, porque estamos cumpliendo los objetivos que nos fijamos. No son solo deportivos, tambi\u00e9n econ\u00f3micos y sociales, y se est\u00e1n cumpliendo. Vamos primeras en la Liga, primeras en la fase de liga de la Champions, estamos en cuartos de la Copa y con una buena din\u00e1mica de equipo.<\/p>\n<p class=\"ft-text\"><strong>El a\u00f1o pasado cost\u00f3 un poco arrancar y este inicio parece distinto, con un equipo m\u00e1s reconocible. \u00bfComparte esta sensaci\u00f3n?<\/strong><\/p>\n<p class=\"ft-text\">S\u00ed. El a\u00f1o pasado empezamos un poco peor que este y por eso te digo que las sensaciones son muy buenas. Con Pere [Romeu] estamos muy contentos. Se ha adaptado muy bien al equipo, ya estaba en la casa, no ha sido dif\u00edcil para \u00e9l, y estamos muy satisfechos tanto a nivel profesional como personal.<\/p>\n<p class=\"ft-text\"><strong>Con una plantilla m\u00e1s corta y algunas salidas de \u00faltima hora, \u00bfcree que se podr\u00eda haber hecho algo m\u00e1s para reforzarla?<\/strong><\/p>\n<p class=\"ft-text\">Siempre he dicho que el Bar\u00e7a tiene que estar muy atento al mercado. Tenemos una plantilla muy vers\u00e1til y din\u00e1mica, con jugadoras que aportan un valor a\u00f1adido, tanto de fuera como de la Masia. Se est\u00e1 demostrando con las j\u00f3venes: est\u00e1n jugando de maravilla, con un talento indiscutible y un compromiso con el escudo que no hay que ense\u00f1arles.<\/p>\n<p><img decoding=\"async\" src=\"https:\/\/www.europesays.com\/es\/wp-content\/uploads\/2025\/12\/e39799e6-117f-4734-8a8b-cb1e60db96dc_alta-libre-aspect-ratio_default_0.jpg\" width=\"1200\" height=\"675\" alt=\"Xavi Puig posa para SPORT tras una entrevista exclusiva\" class=\"ft-helper-img-rd\" loading=\"lazy\"\/><\/p>\n<p class=\"ft-helper-fontColor-quaternary ft-helper-fontSize-body-S ft-helper-spacer-t-xxs\">Xavi Puig posa para SPORT tras una entrevista exclusiva  \/ Gorka Urresola<\/p>\n<p class=\"ft-text\"><strong>A\u00efcha, Serrajordi, Sydney, Carla o incluso Vicky \u2014que lleva tiempo en el club pero solo tiene 19 a\u00f1os\u2014 han sabido cubrir bajas importantes en escenarios muy exigentes.<\/strong><\/p>\n<p class=\"ft-text\">Estamos especialmente orgullosos de este talento innato que tenemos en la Masia. Siempre lo digo: es la f\u00e1brica de los sue\u00f1os del club, en el masculino y en el femenino. Has nombrado a cinco, pero podr\u00eda nombrar a m\u00e1s: Fenger, Ainoa&#8230; Son jugadoras que dejan atr\u00e1s la careta de peque\u00f1as y se hacen grandes en el campo. Nos pone los pelos de punta pensar en su evoluci\u00f3n, y tambi\u00e9n tiene mucho m\u00e9rito el entrenador, que tiene el atrevimiento de hacerlas jugar. No es f\u00e1cil hacerlo.<\/p>\n<blockquote class=\"ft-mol-quote\" data-aida-quote=\"\"><p>\u00abLa Masia es la f\u00e1brica de los sue\u00f1os del club, en el masculino y en el femenino. Son jugadoras que dejan atr\u00e1s la careta de peque\u00f1as y se hacen grandes en el campo, y tambi\u00e9n es m\u00e9rito del entrenador. No es f\u00e1cil hacer jugar a jugadoras tan j\u00f3venes en un equipo tan potente\u00bb<\/p><\/blockquote>\n<p class=\"ft-text\"><strong>\u00bfEse protagonismo ayuda a que las que vienen por detr\u00e1s se vean reflejadas y sea m\u00e1s f\u00e1cil retener talento?<\/strong><\/p>\n<p class=\"ft-text\">S\u00ed, es un c\u00edrculo. Las m\u00e1s j\u00f3venes ven a sus compa\u00f1eras en el primer equipo y se visualizan all\u00ed en un futuro no lejano. Es muy dif\u00edcil hacer jugar a chicas tan j\u00f3venes en el mejor equipo del mundo, pero vamos a continuar por este camino. Adem\u00e1s, esto tambi\u00e9n se est\u00e1 viendo en el primer equipo masculino. Estamos muy contentos de c\u00f3mo est\u00e1n saliendo las cosas en ambos.<\/p>\n<p class=\"ft-text\"><strong>Pere Romeu destacaba el otro d\u00eda el papel de las veteranas en este proceso de integraci\u00f3n de las que van subiendo.<\/strong><\/p>\n<p class=\"ft-text\">Est\u00e1n teniendo un papel fundamental. Son la luz del tren que las lleva hacia adelante. No solo aportan desde el punto de vista deportivo, sino que tienen ese respeto por la sucesi\u00f3n. Y luego hay jugadoras que consideramos veteranas porque llevan a\u00f1os aqu\u00ed, pero que siguen siendo muy j\u00f3venes y han pasado por el mismo filtro. Es lo bueno que tiene el Bar\u00e7a.<\/p>\n<p class=\"ft-text\"><strong>En Par\u00eds coment\u00f3 que se estudiaba fichar tras la baja de Aitana. No s\u00e9 si puede matizar sus palabras. \u00bfEl Bar\u00e7a puede acudir al mercado de invierno?<\/strong><\/p>\n<p class=\"ft-text\">Es la pregunta del siglo, por eso me la haces [r\u00ede]. El club siempre est\u00e1 atento y tenemos muy controladas a las jugadoras top de otras ligas, a jugadoras top que pueden complementarnos. Trabajamos mucho en esto, analizamos c\u00f3mo encajar\u00edan en el equipo. Con la lesi\u00f3n de Aitana es verdad que nos hemos planteado cosas, pero no son realidades que tenemos ya encima de la mesa. Tenemos el problema del fair play, que depende de organismos externos, y estamos trabajando en ello. Vamos a llegar al final para ver si es posible o no fichar en enero.<\/p>\n<blockquote class=\"ft-mol-quote\" data-aida-quote=\"\"><p>\u00abEl club siempre est\u00e1 atento y tenemos muy controladas a las jugadoras top de otras ligas que pueden complementarnos. Con la lesi\u00f3n de Aitana es verdad que nos hemos planteado cosas, pero no son realidades que tenemos ya encima de la mesa. Tenemos el problema del fair play. Vamos a llegar al final para ver si es posible o no fichar en enero\u00bb<\/p><\/blockquote>\n<p class=\"ft-text\"><strong>\u00bfLe genera rabia que las normas de LaLiga de Tebas acaben afectando tambi\u00e9n a las secciones? El presidente Laporta ha apuntado en alguna ocasi\u00f3n que parece penalizarse a los clubes que apuestan por el f\u00fatbol femenino y por un modelo polideportivo.<\/strong><\/p>\n<p class=\"ft-text\">No s\u00e9 si la palabra es rabia, pero s\u00ed. Nos tenemos que sumar a unas reglas que aqu\u00ed son muy estrictas. Lo que me molesta m\u00e1s son los ratios comparativos con otras ligas mucho m\u00e1s flexibles, que adem\u00e1s dependen de clubes-estado con mucho dinero. Compites contra la econom\u00eda y contra las leyes, y eso es dif\u00edcil. Por suerte tenemos una Masia maravillosa, pero estos clubes tambi\u00e9n est\u00e1n atentos a nuestro talento, a ver qu\u00e9 pueden pescar de aqu\u00ed. Y tengo que reconocer que nos encantar\u00eda llegar a acuerdos con la Liga que nos permitan salir un poco de este global que tanto nos afecta a clubes como el Bar\u00e7a, que son polideportivos y que nos perjudica much\u00edsimo.<\/p>\n<p class=\"ft-text\"><strong>Pese a ese contexto, se han cerrado renovaciones clave como las de Cata Coll y Claudia Pina.<\/strong><\/p>\n<p class=\"ft-text\">Estamos muy orgullosos del trabajo que se hace fuera del campo. Hay profesionales magn\u00edficos que trabajan incansablemente para que este sue\u00f1o contin\u00fae. Eran renovaciones prioritarias y no eran f\u00e1ciles, porque hay muchos clubes acechando, pero aqu\u00ed se trabaja tan bien que se lo ponemos muy dif\u00edcil. Y en el 99% de los casos, las jugadoras apuestan por seguir en el Bar\u00e7a.<\/p>\n<p><img decoding=\"async\" src=\"https:\/\/www.europesays.com\/es\/wp-content\/uploads\/2025\/12\/6ee6aeb7-3a1a-4c26-b73d-3f8bdeb23400_alta-libre-aspect-ratio_default_0.jpg\" width=\"1200\" height=\"675\" alt=\"Xavi Puig cierra en 2025 con una entrevista exclusiva en SPORT\" class=\"ft-helper-img-rd\" loading=\"lazy\"\/><\/p>\n<p class=\"ft-helper-fontColor-quaternary ft-helper-fontSize-body-S ft-helper-spacer-t-xxs\">Xavi Puig cierra en 2025 con una entrevista exclusiva en SPORT  \/ Gorka Urresola<\/p>\n<p class=\"ft-text\"><strong>Quedan muchos nombres importantes por decidir su futuro. Ona, Graham, Mapi, Salma, Torrej\u00f3n&#8230; Y Alexia, que ahora hablaremos de su caso. \u00bfEs optimista?<\/strong><\/p>\n<p class=\"ft-text\">Mucho. Si me hubieras preguntado por Pina hace siete meses, te habr\u00eda dicho lo mismo. Cuando hablas con las jugadoras y ves lo que quieren, y en el Bar\u00e7a sabemos lo que tenemos y lo que queremos, a veces la decisi\u00f3n es m\u00e1s f\u00e1cil. Como en el Bar\u00e7a no se vive en ning\u00fan sitio. Fuera hace fr\u00edo, y no solo literal, porque en Londres, Par\u00eds o donde quieras hace mucho fr\u00edo, pero tambi\u00e9n hace fr\u00edo de escudo. El Bar\u00e7a es el mejor equipo del mundo y no vamos a dejar que pare todo esto.<\/p>\n<blockquote class=\"ft-mol-quote\" data-aida-quote=\"\"><p>\u00abFuera hace fr\u00edo, y no solo literal, porque en Londres, Par\u00eds o donde quieras hace mucho fr\u00edo, pero tambi\u00e9n hace fr\u00edo de escudo. El Bar\u00e7a es el mejor equipo del mundo y no vamos a dejar que pare todo esto\u00bb<\/p><\/blockquote>\n<p class=\"ft-text\"><strong>El caso de Alexia es especial por lo que es ella y porque tiene un a\u00f1o opcional. \u00bfQu\u00e9 cree que pasar\u00e1 con su futuro?<\/strong><\/p>\n<p class=\"ft-text\">Alexia es un icono del Bar\u00e7a. Cuando habl\u00e9 con ella le dije: \u201cVamos a mirarnos a los ojos\u201d. Y no hac\u00eda falta decir nada m\u00e1s. Necesit\u00e1bamos que Alexia se quedase y ella lleva el escudo en el coraz\u00f3n. Es muy dif\u00edcil que una jugadora as\u00ed tome una decisi\u00f3n distinta a la de quedarse en el club de su vida.<\/p>\n<p class=\"ft-text\"><strong>Y luego est\u00e1 el caso de Pere, que tambi\u00e9n termina contrato. \u00bfCu\u00e1l es la idea del club con el entrenador? \u00bfSe quiere seguir con el mismo proyecto? <\/strong><\/p>\n<p class=\"ft-text\">S\u00ed. Estamos encantados con Pere. Viene de la casa, sabe lo que significa liderar este grupo y lo est\u00e1 haciendo muy bien. Nada m\u00e1s que decir. La idea es intentar que contin\u00fae con la misma ilusi\u00f3n y dedicaci\u00f3n. Si esto sucede, nos va a ir muy bien a todas las partes.<\/p>\n<p class=\"ft-text\"><strong>\u00bfRetener el talento joven de la Masia es ahora una prioridad absoluta?<\/strong><\/p>\n<p class=\"ft-text\">S\u00ed. Lo estamos trabajando muy bien, aunque hay imponderables que no dependen de nosotros. Nosotros sabemos hasta d\u00f3nde podemos llegar y lo que tenemos. Y con esta bolsa tenemos que hacer equilibrios. Si una jugadora recibe una oferta mejor de fuera, se hablar\u00e1. Si podemos convencerla, se har\u00e1. Y si no, como pas\u00f3 con Corrales, tendr\u00e1 que irse. Intentaremos que el talento de casa se quede en casa, que es donde tiene que estar.<\/p>\n<p><img decoding=\"async\" src=\"https:\/\/www.europesays.com\/es\/wp-content\/uploads\/2025\/12\/2c4fb96d-8adc-4b32-b9f7-67d154c99518_alta-libre-aspect-ratio_default_0.jpg\" width=\"1200\" height=\"675\" alt=\"Xavi Puig durante la entrevista con SPORT\" class=\"ft-helper-img-rd\" loading=\"lazy\"\/><\/p>\n<p class=\"ft-helper-fontColor-quaternary ft-helper-fontSize-body-S ft-helper-spacer-t-xxs\">Xavi Puig durante la entrevista con SPORT  \/ Gorka Urresola<\/p>\n<p class=\"ft-text\"><strong>\u00bfD\u00f3nde est\u00e1 el techo de este equipo, teniendo en cuenta que siguen apareciendo obst\u00e1culos y, de momento, los est\u00e1n superando con creces?<\/strong><\/p>\n<p class=\"ft-text\">El Bar\u00e7a es el mejor equipo del mundo y tiene que aspirar a ganar la Champions. Son cinco finales consecutivas, hemos ganado tres y queremos la cuarta. Es muy dif\u00edcil, mucho. Pero trabajamos para seguir siendo las mejores. Y si alguien quiere venir detr\u00e1s y ser el mejor, tendr\u00e1 que arrebatarnos este puesto. Queremos ir a Oslo y queremos ganar. No solo por quitarnos la espinita de la \u00faltima final, lo queremos hacer porque es el compromiso que viene con el escudo y porque todos los profesionales del club, dentro y fuera del campo, trabajan para ello. Esto no es un &#8216;vienes aqu\u00ed con una varita m\u00e1gica&#8217; o un &#8216;haces un equipo comprando&#8217;, no. Esto va de trabajo, trabajo, trabajo y m\u00e1s trabajo. Diario y multidisciplinar. Y estoy muy orgulloso de todo lo que est\u00e1 pasando.<\/p>\n<p class=\"ft-text\"><strong>\u00bfVeremos al femenino este a\u00f1o en el nuevo Spotify Camp Nou?<\/strong><\/p>\n<p class=\"ft-text\">S\u00ed. Nuestra idea es jugar alg\u00fan partido de Champions, o los dos, all\u00ed. No es f\u00e1cil por calendarios y obras, hay muchos factores, pero vamos a jugar en el Camp Nou. Es un sentimiento de pertenencia. Y los equipos de f\u00fatbol, los dos, tienen que jugar en el Camp Nou. Vamos a ver de qu\u00e9 manera podemos jugar ese primer partido.<\/p>\n<p class=\"ft-text\"><strong>Podr\u00eda darse un Cl\u00e1sico en los cuartos de Champions, como en 2022, que fue un d\u00eda hist\u00f3rico con r\u00e9cord mundial de asistencia. Ser\u00eda una gran manera de volver, \u00bfno cree?<\/strong><\/p>\n<p class=\"ft-text\">Ser\u00eda muy bonito. Ya lo vivimos hace tres a\u00f1os y nos gustar\u00eda repetirlo. Nos gustar\u00eda volver a ganar al Madrid en Champions en el Camp Nou. Si se da, ser\u00e1 un partido distinto, pero te aseguro que lo daremos todo para pasar<\/p>\n","protected":false},"excerpt":{"rendered":"Xavier Puig (Barcelona, 1962) cierra el 2025 con una entrevista exclusiva en SPORT. El directivo del FC Barcelona&hellip;\n","protected":false},"author":2,"featured_media":309467,"comment_status":"","ping_status":"","sticky":false,"template":"","format":"standard","meta":{"footnotes":""},"categories":[268],"tags":[34831,2296,210,11681,168,3141,25,24,4621,4649,285,280,282,39740,1418,281,23,167,72938,72939],"class_list":{"0":"post-309466","1":"post","2":"type-post","3":"status-publish","4":"format-standard","5":"has-post-thumbnail","7":"category-futbol","8":"tag-alexia","9":"tag-barca","10":"tag-barcelona","11":"tag-champions","12":"tag-deportes","13":"tag-entrevista","14":"tag-es","15":"tag-espana","16":"tag-exclusiva","17":"tag-femenino","18":"tag-fichajes","19":"tag-football","20":"tag-futbol","21":"tag-pere-romeu","22":"tag-renovaciones","23":"tag-soccer","24":"tag-spain","25":"tag-sports","26":"tag-xavi-puig","27":"tag-xavier-puig"},"share_on_mastodon":{"url":"https:\/\/pubeurope.com\/@es\/115790190961763876","error":""},"_links":{"self":[{"href":"https:\/\/www.europesays.com\/es\/wp-json\/wp\/v2\/posts\/309466","targetHints":{"allow":["GET"]}}],"collection":[{"href":"https:\/\/www.europesays.com\/es\/wp-json\/wp\/v2\/posts"}],"about":[{"href":"https:\/\/www.europesays.com\/es\/wp-json\/wp\/v2\/types\/post"}],"author":[{"embeddable":true,"href":"https:\/\/www.europesays.com\/es\/wp-json\/wp\/v2\/users\/2"}],"replies":[{"embeddable":true,"href":"https:\/\/www.europesays.com\/es\/wp-json\/wp\/v2\/comments?post=309466"}],"version-history":[{"count":0,"href":"https:\/\/www.europesays.com\/es\/wp-json\/wp\/v2\/posts\/309466\/revisions"}],"wp:featuredmedia":[{"embeddable":true,"href":"https:\/\/www.europesays.com\/es\/wp-json\/wp\/v2\/media\/309467"}],"wp:attachment":[{"href":"https:\/\/www.europesays.com\/es\/wp-json\/wp\/v2\/media?parent=309466"}],"wp:term":[{"taxonomy":"category","embeddable":true,"href":"https:\/\/www.europesays.com\/es\/wp-json\/wp\/v2\/categories?post=309466"},{"taxonomy":"post_tag","embeddable":true,"href":"https:\/\/www.europesays.com\/es\/wp-json\/wp\/v2\/tags?post=309466"}],"curies":[{"name":"wp","href":"https:\/\/api.w.org\/{rel}","templated":true}]}}