{"id":309483,"date":"2025-12-27T07:00:02","date_gmt":"2025-12-27T07:00:02","guid":{"rendered":"https:\/\/www.europesays.com\/es\/309483\/"},"modified":"2025-12-27T07:00:02","modified_gmt":"2025-12-27T07:00:02","slug":"fin-de-semana-navideno-en-colmenar-viejo-ayuntamiento-de-colmenar-viejo","status":"publish","type":"post","link":"https:\/\/www.europesays.com\/es\/309483\/","title":{"rendered":"Fin de semana navide\u00f1o en Colmenar Viejo \u2014 Ayuntamiento de Colmenar Viejo"},"content":{"rendered":"<p>26-diciembre-2025. Es Navidad en Colmenar Viejo, y podemos seguir disfrutando de numerosas actividades y eventos para toda la familia.<\/p>\n<p>\u00a0<\/p>\n<p><strong>Colmenar Viejo es Navidad<\/strong><\/p>\n<p>Durante el fin de semana podemos seguir disfrutando de <strong>Villa Navidad y la Pista de Hielo<\/strong> en el Parque de los H\u00e9roes, de 12:00 a 14:30h y de 17:00 a 21:30h.<\/p>\n<p><strong>\u2018Villa Navidad: Los animales del Polo Norte, Pap\u00e1 Noel y sus renos\u2019<\/strong> es un parque tem\u00e1tico navide\u00f1o en el que podemos disfrutar de espect\u00e1culos con ping\u00fcinos, focas y osos polares, y visitar la casa de Papa Noel y los renos que le acompa\u00f1an. Los horarios de los pases del show ser\u00e1n a las 12:00, 13:00, 14:00, 17:00, 18:00, 19:00, 20:00 y 21:00h. Adem\u00e1s, hay un gran \u00c1rbol de Navidad, podemos viajar en el tren navide\u00f1o y recorrer y disfrutar de las casetas de regalos y productos t\u00edpicos, as\u00ed como de los tradicionales puestos de casta\u00f1as.\u00a0<\/p>\n<p><img decoding=\"async\" alt=\"NdP_VillaNavidad.jpg\" class=\"image-richtext image-inline\" src=\"https:\/\/www.europesays.com\/es\/wp-content\/uploads\/2025\/12\/1041982e-7520-4a85-9628-a462f532bc83.jpeg\" title=\"NdP_VillaNavidad.jpg\"\/><\/p>\n<p><img decoding=\"async\" alt=\"NdP_Pista de hielo.jpg\" class=\"image-richtext image-inline\" src=\"https:\/\/www.europesays.com\/es\/wp-content\/uploads\/2025\/12\/8cb34607-5a06-4a57-b486-782efa3d2ea0.jpeg\" title=\"NdP_Pista de hielo.jpg\"\/><\/p>\n<p>El viernes y el s\u00e1bado, de 17:00 a 20:00h, velocidad, adrenalina y pasi\u00f3n por el automovilismo con el simulador de realidad virtual \u2018<strong>Colmenar Speed Fest\u2019<\/strong>. Habr\u00e1 varios simuladores de realidad virtual de automovilismo: 3 simuladores PRO para sentirte como un piloto profesional (estatura m\u00ednima: 1,60 m); y 2 simuladores BASIC para que los m\u00e1s peque\u00f1os se inicien en el simracing (estatura m\u00ednima: 1,20 m).<\/p>\n<p><img decoding=\"async\" alt=\"NdP_Speed Festival.jpg\" class=\"image-richtext image-inline\" src=\"https:\/\/www.europesays.com\/es\/wp-content\/uploads\/2025\/12\/e521b17e-2ae6-49af-b9f9-abcf4f93f5aa.jpeg\" title=\"NdP_Speed Festival.jpg\"\/><\/p>\n<p>Hoy viernes, a las 19:30h, el grupo Recordando, de la Asociaci\u00f3n Cultural El Espino ofrecer\u00e1 un <strong>concierto de villancicos<\/strong> en el Centro de Mayores de \u2018El Vivero\u2019.<\/p>\n<p>El s\u00e1bado, a las 11:30h, los patinadores Javier Raya y Celia Robledo ofrecer\u00e1n un <strong>show de patinaje<\/strong> en la Pista de Hielo.<\/p>\n<p>De 18:00 a 22:00h, <strong>preuvas infantil<\/strong> en la Plaza del Pueblo, donde se dar\u00e1n las 12 campanadas y habr\u00e1 m\u00fasica para amenizar el ambiente.<\/p>\n<p><img decoding=\"async\" alt=\"NdP_Preuvas infantiles (1).jpg\" class=\"image-richtext image-inline\" src=\"https:\/\/www.europesays.com\/es\/wp-content\/uploads\/2025\/12\/5abef1c5-e2e5-4f1a-9bb6-9ba2237a82a4.jpeg\" title=\"NdP_Preuvas infantiles (1).jpg\"\/><\/p>\n<p>Recuerda que puedes visitar en el Centro Cultural \u2018Pablo Neruda\u2019 el <strong>Bel\u00e9n Municipal<\/strong>, que estar\u00e1 instalado hasta el 5 de enero en horario de 10:00 a 14:00h y de 17:00 a 20:30h (permanecer\u00e1 cerrado los d\u00edas 31 de diciembre y 1 de enero).<\/p>\n<p><img decoding=\"async\" alt=\"NdP_Bel\u00e9n Municipal.jpg\" class=\"image-richtext image-inline\" src=\"https:\/\/www.europesays.com\/es\/wp-content\/uploads\/2025\/12\/79fa4dc0-c3f5-4f17-a2fd-1f969c269813.jpeg\" title=\"NdP_Bel\u00e9n Municipal.jpg\"\/><\/p>\n<p>En La Casa de la Juventud puedes disfrutar de las <strong>luces de Navidad<\/strong> que la iluminan, llenando cada uno de sus rincones de alegr\u00eda y fantas\u00eda (hasta el 7 de enero, de 17:45 a 23:00h). Y visitar la <strong>exposici\u00f3n \u2018Nancy: La mu\u00f1eca que nos hizo so\u00f1ar\u2019<\/strong> (hasta el 3 de enero, con este horario: los d\u00edas 26, 29 y 30 de diciembre y 2 de enero, de 10:30 a 13:30h y de 17:15 a 19:45h; los d\u00edas 27 de diciembre y 3 de enero, de 17:15 a 19:45h).<\/p>\n<p><img decoding=\"async\" alt=\"NdP_Luces Casa Juventud.jpg\" class=\"image-richtext image-inline\" src=\"https:\/\/www.europesays.com\/es\/wp-content\/uploads\/2025\/12\/bce21b44-32bf-447b-9fba-b1157dccae6a.jpeg\" title=\"NdP_Luces Casa Juventud.jpg\"\/><\/p>\n<p>Y hasta el 4 de enero, la Plaza de Toros de Colmenar Viejo se ha convertido en un gran espacio navide\u00f1o bajo el nombre <strong>\u2018La Plaza de Navidad\u2019<\/strong>, una <strong>oferta de ocio privada<\/strong> que cuenta con el apoyo organizativo del Ayuntamiento. El recinto cuenta con una carpa climatizada, ropero, \u00e1reas de descanso, zona de restauraci\u00f3n y un amplio programa de actividades dirigidas a todas las edades.<\/p>\n<p><a href=\"https:\/\/colmenarviejo.com\/comunicacion\/noticias\/fin-de-semana-navideno-en-colmenar-viejo\/boletin-navidad-colmenar-viejo_web.pdf\" rel=\"noopener nofollow\" target=\"_blank\">Consulta toda la programaci\u00f3n en el Bolet\u00edn de Navidad<\/a><\/p>\n<p>\u00a0<\/p>\n<p><strong>Zambomba flamenca y musical infantil en el Auditorio <\/strong><\/p>\n<p>El s\u00e1bado ven a descubrir al Auditorio la verdadera Navidad con el espect\u00e1culo \u2018Zambomba: villancicos flamencos\u2019, interpretado por Roc\u00edo Rivera, Olga Moreno y Marina Romero (cante), Monchi Jim\u00e9nez (piano), Manuel Moncada (percusi\u00f3n), Alberto Fuentes (guitarra), Raquel Novell\u00f3n, Lidia Amaya y Elena L\u00f3pez (baile).<\/p>\n<p>Al igual que las zambombas tradicionales de anta\u00f1o, donde la alegr\u00eda de la Navidad era el motor que reun\u00eda a vecinos, amigos y familiares, este s\u00e1bado se reunir\u00e1n varios artistas en torno a un solo sentimiento: celebrar nuestros c\u00e1nticos navide\u00f1os. Al comp\u00e1s de guitarras, percusi\u00f3n, baile y cante flamenco, no solo compartiremos villancicos y m\u00fasica tradicional de estas fechas. A ritmo de buler\u00edas, tangos, alegr\u00edas, junto con otros muchos palos, mostraremos tambi\u00e9n el hondo sentimiento que nos despierta el esp\u00edritu de la Navidad.<\/p>\n<p>Dar\u00e1 comienzo a las 20:00h y tendr\u00e1 una duraci\u00f3n de 80 minutos. Las entradas tienen un precio de 12 euros en platea y 9 euros en tribuna.<\/p>\n<p><img decoding=\"async\" alt=\"NdP_Zambomba flamenca (1).jpg\" class=\"image-richtext image-inline\" src=\"https:\/\/www.europesays.com\/es\/wp-content\/uploads\/2025\/12\/6efc8a14-da0e-4ce8-9c7b-e64edaab93ee.jpeg\" title=\"NdP_Zambomba flamenca (1).jpg\"\/><\/p>\n<p><img decoding=\"async\" alt=\"NdP_Zambomba flamenca (2).jpg\" class=\"image-richtext image-inline\" src=\"https:\/\/www.europesays.com\/es\/wp-content\/uploads\/2025\/12\/8b54eb0a-4027-440d-b1fb-f60040ff11f6.jpeg\" title=\"NdP_Zambomba flamenca (2).jpg\"\/><\/p>\n<p>Y el domingo, podremos disfrutar con el <strong>musical infantil<\/strong> \u2018Christmas Dreams\u2019, interpretado por Fabio Arrante, Alba Rodr\u00edguez, Lorena Joaqu\u00edn, Manuel Ramos, Marta Gonz\u00e1lez, Luc\u00eda Garc\u00eda, Guillermo Arenas y Gaia Doblas.<\/p>\n<p>Sofie es una ni\u00f1a que hace tiempo est\u00e1 triste y enfadada, ha perdido la ilusi\u00f3n por la Navidad. As\u00ed que el Hada de la Navidad env\u00eda a su Elfo favorito para ponerle remedio a esta situaci\u00f3n. Sugar tendr\u00e1 por delante un reto importante, devolver a Sofie la ilusi\u00f3n y la alegr\u00eda. Usar\u00e1 su magia \u00e9lfica para traer a la realidad a los personajes de cuento que tanto le gustan a Sofie, y poco a poco, gracias a Peter, Cenicienta, Bella, Garfio, Blancanieves y muchos m\u00e1s, junto a unos elfos muy eficaces, la magia llenar\u00e1 de nuevo la habitaci\u00f3n de Sofie.<\/p>\n<p>La obra dar\u00e1 comienzo a las 17:30h y tendr\u00e1 una duraci\u00f3n de 90 minutos. Las entradas tienen un precio de 6 euros para los ni\u00f1os y 8 euros los adultos.<\/p>\n<p><img decoding=\"async\" alt=\"NdP_Christmas Dreams-01.png\" class=\"image-richtext image-inline\" src=\"https:\/\/www.europesays.com\/es\/wp-content\/uploads\/2025\/12\/4304c932-f156-4d95-a996-9dd5e17929f8.png\" title=\"NdP_Christmas Dreams-01.png\"\/><\/p>\n<p><img decoding=\"async\" alt=\"NdP_Christmas Dreams-02.jpg\" class=\"image-richtext image-inline\" src=\"https:\/\/www.europesays.com\/es\/wp-content\/uploads\/2025\/12\/d3a4df39-b081-4fba-97a1-0bbba410ae44.jpeg\" title=\"NdP_Christmas Dreams-02.jpg\"\/><\/p>\n<p><a href=\"https:\/\/www.flowte.me\/storefront\/colmenar-viejo\" rel=\"noopener nofollow\" target=\"_blank\">M\u00e1s informaci\u00f3n sobre la venta de entradas<\/a><\/p>\n<p>\u00a0<\/p>\n<p><strong>Exposiciones en las bibliotecas municipales<\/strong><\/p>\n<ul>\n<li>Exposici\u00f3n: \u2018La Transici\u00f3n\u2019\n<ul>\n<li>Durante todo el mes de diciembre<\/li>\n<li>Bibliotecas \u2018Miguel de Cervantes\u2019 y \u2018Pablo Ruiz Picasso\u2019. Sala de Adultos<\/li>\n<\/ul>\n<\/li>\n<li>Exposici\u00f3n: \u2018Feliz Navidad y felices lecturas\u2019\n<ul>\n<li>Durante todo el mes de diciembre<\/li>\n<li>Bibliotecas \u2018Miguel de Cervantes\u2019 y \u2018Mario Vargas Llosa\u2019. Sala Infantil<\/li>\n<\/ul>\n<\/li>\n<\/ul>\n<p><a href=\"https:\/\/colmenarviejo.com\/cultura\/bibliotecas-municipales\" rel=\"noopener nofollow\" target=\"_blank\">M\u00e1s informaci\u00f3n sobre las bibliotecas municipales<\/a><\/p>\n<p><img decoding=\"async\" alt=\"NdP_Bibliotecas.jpg\" class=\"image-richtext image-inline\" src=\"https:\/\/www.europesays.com\/es\/wp-content\/uploads\/2025\/12\/d703a743-5d14-425e-b55f-8a311b618e54.jpeg\" title=\"NdP_Bibliotecas.jpg\"\/><\/p>\n<p>\u00a0<\/p>\n<p><strong>Exposiciones del Centro Cultural \u2018Picasso\u2019<\/strong><\/p>\n<p>En la <strong>Sala Picasso<\/strong> podemos ver la exposici\u00f3n: \u2018Grabadores de la Sierra\u2019, del grupo Trazo Colectivo, que re\u00fane a ocho grabadores \u2013cuatro de Tres Cantos y cuatro de Colmenar Viejo\u2013 con una trayectoria reconocida en el \u00e1mbito del arte y la obra gr\u00e1fica. Su uni\u00f3n responde al deseo de visibilizar y fortalecer el trabajo de los grabadores de la Sierra, impulsados tanto por la proximidad geogr\u00e1fica y la memoria de haber compartido una misma poblaci\u00f3n en el pasado, como por un entusiasmo com\u00fan: explorar y expresar, a trav\u00e9s de las t\u00e9cnicas de las artes gr\u00e1ficas, la riqueza de su lenguaje art\u00edstico. La exposici\u00f3n presenta unas 40 obras, elaboradas con diversas t\u00e9cnicas gr\u00e1ficas: grabado en colograf\u00edas, monotipias y serigraf\u00eda en papel, y que podr\u00e1 visitarse hasta el 30 de diciembre en la Sala Picasso.<\/p>\n<p><img decoding=\"async\" alt=\"NdP_ExpoPicasso-SalaPicasso-dic2025 (1).jpg\" class=\"image-richtext image-inline\" src=\"https:\/\/www.europesays.com\/es\/wp-content\/uploads\/2025\/12\/ac31191f-f5f9-4e7e-8b79-aabf32089561.jpeg\" title=\"NdP_ExpoPicasso-SalaPicasso-dic2025 (1).jpg\"\/><\/p>\n<p>Y en el <strong>Vest\u00edbulo<\/strong> podemos visitar la exposici\u00f3n \u2018Equilibrio constructivo\u2019, de \u00c1ngel Hern\u00e1ndez P\u00e9rez y Javier Bravo Izquierdo, en la que las obras expuestas incitan a la reflexi\u00f3n, en un juego de dualidades que se enfrentan y, a la vez, mantienen su equilibrio, con colores que se oponen, frialdad y calidez, y una frontera poco definida entre escultura y pintura, ya que ambas se invaden e interrelacionan en todo momento. La divisi\u00f3n fragmentada de las superficies potencia, a trav\u00e9s del color, diferentes cualidades perceptivas. La muestra recoge treinta formas geom\u00e9tricas, y podr\u00e1 verse hasta el 30 de diciembre.<\/p>\n<p><img decoding=\"async\" alt=\"NdP_ExpoPicasso-Vestibulo-dic2025 (1).jpeg\" class=\"image-richtext image-inline\" src=\"https:\/\/www.europesays.com\/es\/wp-content\/uploads\/2025\/12\/dedb30d2-cc6e-422f-930f-5cbb46e208be.jpeg\" title=\"NdP_ExpoPicasso-Vestibulo-dic2025 (1).jpeg\"\/><\/p>\n","protected":false},"excerpt":{"rendered":"26-diciembre-2025. Es Navidad en Colmenar Viejo, y podemos seguir disfrutando de numerosas actividades y eventos para toda la&hellip;\n","protected":false},"author":2,"featured_media":56143,"comment_status":"","ping_status":"","sticky":false,"template":"","format":"standard","meta":{"footnotes":""},"categories":[8],"tags":[17,18,25,24,13,14,11,19,20,9,10,15,16,23,12,21,22],"class_list":{"0":"post-309483","1":"post","2":"type-post","3":"status-publish","4":"format-standard","5":"has-post-thumbnail","7":"category-espana","8":"tag-breaking-news","9":"tag-breakingnews","10":"tag-es","11":"tag-espana","12":"tag-featured-news","13":"tag-featurednews","14":"tag-headlines","15":"tag-latest-news","16":"tag-latestnews","17":"tag-news","18":"tag-noticias","19":"tag-noticias-destacadas","20":"tag-noticiasdestacadas","21":"tag-spain","22":"tag-titulares","23":"tag-ultimas-noticias","24":"tag-ultimasnoticias"},"share_on_mastodon":{"url":"","error":""},"_links":{"self":[{"href":"https:\/\/www.europesays.com\/es\/wp-json\/wp\/v2\/posts\/309483","targetHints":{"allow":["GET"]}}],"collection":[{"href":"https:\/\/www.europesays.com\/es\/wp-json\/wp\/v2\/posts"}],"about":[{"href":"https:\/\/www.europesays.com\/es\/wp-json\/wp\/v2\/types\/post"}],"author":[{"embeddable":true,"href":"https:\/\/www.europesays.com\/es\/wp-json\/wp\/v2\/users\/2"}],"replies":[{"embeddable":true,"href":"https:\/\/www.europesays.com\/es\/wp-json\/wp\/v2\/comments?post=309483"}],"version-history":[{"count":0,"href":"https:\/\/www.europesays.com\/es\/wp-json\/wp\/v2\/posts\/309483\/revisions"}],"wp:featuredmedia":[{"embeddable":true,"href":"https:\/\/www.europesays.com\/es\/wp-json\/wp\/v2\/media\/56143"}],"wp:attachment":[{"href":"https:\/\/www.europesays.com\/es\/wp-json\/wp\/v2\/media?parent=309483"}],"wp:term":[{"taxonomy":"category","embeddable":true,"href":"https:\/\/www.europesays.com\/es\/wp-json\/wp\/v2\/categories?post=309483"},{"taxonomy":"post_tag","embeddable":true,"href":"https:\/\/www.europesays.com\/es\/wp-json\/wp\/v2\/tags?post=309483"}],"curies":[{"name":"wp","href":"https:\/\/api.w.org\/{rel}","templated":true}]}}