{"id":309500,"date":"2025-12-27T07:19:19","date_gmt":"2025-12-27T07:19:19","guid":{"rendered":"https:\/\/www.europesays.com\/es\/309500\/"},"modified":"2025-12-27T07:19:19","modified_gmt":"2025-12-27T07:19:19","slug":"los-seis-libros-de-la-semana-babelia","status":"publish","type":"post","link":"https:\/\/www.europesays.com\/es\/309500\/","title":{"rendered":"Los seis libros de la semana | Babelia"},"content":{"rendered":"<p><img decoding=\"auto\" class=\"_re lazyload a_m-v\" height=\"623\"  width=\"414\"  src=\"https:\/\/www.europesays.com\/es\/wp-content\/uploads\/2025\/12\/1766819956_260_4P22AOGV6NBJXDD62Y2PM2UXJI.jpg\" loading=\"lazy\"\/>Cuentos escogidosGeorge SaundersTraducci\u00f3n de Javier Calvo Perales y Ben Clark. <a href=\"https:\/\/www.planetadelibros.com\/libro-cuentos-escogidos\/428427\" target=\"_self\" rel=\"nofollow noopener\" title=\"https:\/\/www.planetadelibros.com\/libro-cuentos-escogidos\/428427\">Seix Barral<\/a>, 2025. 632 p\u00e1ginas. 26 euros<\/p>\n<p class=\"\">Todos los personajes de los cuentos del escritor estadounidense creen ser buenas personas, incluso si matan mapaches, incendian casas o cuelgan inmigrantes en su jard\u00edn<\/p>\n<p class=\"\"><a href=\"https:\/\/elpais.com\/babelia\/2025-12-26\/cuentos-escogidos-george-saunders-algun-tipo-de-futuro.html\" target=\"_self\" rel=\"nofollow noopener\" title=\"https:\/\/elpais.com\/babelia\/2025-12-26\/cuentos-escogidos-george-saunders-algun-tipo-de-futuro.html\">Lea aqu\u00ed la cr\u00edtica de Patricio Pron<\/a><\/p>\n<p><img decoding=\"auto\" class=\"_re lazyload a_m-v\" height=\"651\"  width=\"414\"  src=\"https:\/\/www.europesays.com\/es\/wp-content\/uploads\/2025\/12\/UUZYHGV44FGRHCTDRWNBLR4SD4.jpg\" loading=\"lazy\"\/>Cuentos autobiogr\u00e1ficos (Volumen I)\u00c1lvaro Pombo<a href=\"https:\/\/www.anagrama-ed.es\/libro\/narrativas-hispanicas\/cuentos-autobiograficos\/9788433947840\/NH_777\" target=\"_self\" rel=\"nofollow noopener\" title=\"https:\/\/www.anagrama-ed.es\/libro\/narrativas-hispanicas\/cuentos-autobiograficos\/9788433947840\/NH_777\">Anagrama<\/a>, 2025. 192 p\u00e1ginas. 18,90 euros<\/p>\n<p class=\"\">Reticente al formato de las memorias, el escritor da pistas s\u00f3lidas para reconstruir sus sus andanzas vitales tanto en su libro \u2018Cuentos autobiogr\u00e1ficos\u2019 como en sus poemarios.<\/p>\n<p class=\"\"><a href=\"https:\/\/elpais.com\/babelia\/2025-12-25\/contarse-a-trozos-alvaro-pombo-recurre-a-cuentos-y-poemas-para-plasmar-sus-recuerdos.html\" target=\"_self\" rel=\"nofollow noopener\" title=\"https:\/\/elpais.com\/babelia\/2025-12-25\/contarse-a-trozos-alvaro-pombo-recurre-a-cuentos-y-poemas-para-plasmar-sus-recuerdos.html\">Lea aqu\u00ed la cr\u00edtica de Juan Gallego Benot.<\/a><\/p>\n<p><img decoding=\"auto\" class=\"_re lazyload a_m-v\" height=\"580\"  width=\"414\"  src=\"https:\/\/www.europesays.com\/es\/wp-content\/uploads\/2025\/12\/H7PEKUGPVNELJLX72KABKDPJYY.jpg\" loading=\"lazy\"\/>Substancia\u00c1lvaro PomboEdici\u00f3n de Juan Antonio Gonz\u00e1lez Fuentes. <a href=\"https:\/\/www.editorialrenacimiento.com\/antologias\/3327-substancia.html\" target=\"_self\" rel=\"nofollow noopener\" title=\"https:\/\/www.editorialrenacimiento.com\/antologias\/3327-substancia.html\">Renacimiento<\/a>, 2025. 196 p\u00e1ginas. 14,16 euros<\/p>\n<p class=\"\">La autobiograf\u00eda de Pombo m\u00e1s exacta quiz\u00e1 sea su obra po\u00e9tica, que ha sido hasta hace muy poco totalmente minusvalorada.<\/p>\n<p class=\"\"><a href=\"https:\/\/elpais.com\/babelia\/2025-12-25\/contarse-a-trozos-alvaro-pombo-recurre-a-cuentos-y-poemas-para-plasmar-sus-recuerdos.html\" target=\"_self\" rel=\"nofollow noopener\" title=\"https:\/\/elpais.com\/babelia\/2025-12-25\/contarse-a-trozos-alvaro-pombo-recurre-a-cuentos-y-poemas-para-plasmar-sus-recuerdos.html\">Lea aqu\u00ed la cr\u00edtica de Juan Gallego Benot.<\/a><\/p>\n<p><img decoding=\"auto\" class=\"_re lazyload a_m-v\" height=\"627\"  width=\"414\"  src=\"https:\/\/www.europesays.com\/es\/wp-content\/uploads\/2025\/12\/1766819958_392_ETZQ2VZXRNDQBERLGZQ75HCOQU.jpg\" loading=\"lazy\"\/>Alejandro en el fin del mundo Rachel KousserTraducci\u00f3n de Ricardo Garc\u00eda Herrero. <a href=\"https:\/\/arpaeditores.com\/products\/alejandro-en-el-fin-del-mundo\" target=\"_self\" rel=\"nofollow noopener\" title=\"https:\/\/arpaeditores.com\/products\/alejandro-en-el-fin-del-mundo\">Arpa<\/a>, 2025. 464 p\u00e1ginas. 24,90 euros<\/p>\n<p class=\"\">Rigor acad\u00e9mico y divulgaci\u00f3n coinciden en el efectivo ensayo de Rachel Kousser, m\u00e1s centrado en lo humano, en el desgaste y deterioro personal del rey macedonio, que en lo \u00e9pico<\/p>\n<p class=\"\"><a href=\"https:\/\/elpais.com\/babelia\/2025-12-22\/alejandro-en-el-fin-del-mundo.html\" target=\"_self\" rel=\"nofollow noopener\" title=\"https:\/\/elpais.com\/babelia\/2025-12-22\/alejandro-en-el-fin-del-mundo.html\">Lea aqu\u00ed la cr\u00edtica de Manel Garc\u00eda<\/a><\/p>\n<p><img decoding=\"auto\" class=\"_re lazyload a_m-v\" height=\"648\"  width=\"414\"  src=\"https:\/\/www.europesays.com\/es\/wp-content\/uploads\/2025\/12\/PHCRXG7SRJAHXKBWOPCXUY37ZU.jpg\" loading=\"lazy\"\/>Sangre. Historia \u00edntima y cultural de un fluir constanteMar G\u00f3mez Glez<a href=\"https:\/\/www.planetadelibros.com\/libro-sangre\/424266\" target=\"_self\" rel=\"nofollow noopener\" title=\"https:\/\/www.planetadelibros.com\/libro-sangre\/424266\">Ariel<\/a>, 2025. 272 p\u00e1ginas. 19,90 euros<\/p>\n<p class=\"\">De la menstruaci\u00f3n al arte, de personajes b\u00edblicos a guerras, este ensayo engarza la dimensi\u00f3n personal con la hist\u00f3rica y la divulgaci\u00f3n cient\u00edfica con la literatura.<\/p>\n<p class=\"\"><a href=\"https:\/\/elpais.com\/babelia\/2025-12-23\/sangre-de-mar-gomez-glez-un-ensayo-que-fluye-y-cala.html\" target=\"_self\" rel=\"nofollow noopener\" title=\"https:\/\/elpais.com\/babelia\/2025-12-23\/sangre-de-mar-gomez-glez-un-ensayo-que-fluye-y-cala.html\">Lea aqu\u00ed la cr\u00edtica de Toni Pou<\/a><\/p>\n<p><img decoding=\"auto\" class=\"_re lazyload a_m-v\" height=\"678\"  width=\"414\"  src=\"https:\/\/www.europesays.com\/es\/wp-content\/uploads\/2025\/12\/XZGTIQ6EAZA2RCZ52ND3ZPYO4U.jpg\" loading=\"lazy\"\/>Una firme raz\u00f3n para el deseo. Poes\u00eda reunidaRosa ChacelEdici\u00f3n de Laura Cristina Palomo Alepuz. <a href=\"https:\/\/www.catedra.com\/libro\/letras-hispanicas\/una-firme-razon-para-el-deseo-rosa-chacel-9788437649221\/\" target=\"_self\" rel=\"nofollow noopener\" title=\"https:\/\/www.catedra.com\/libro\/letras-hispanicas\/una-firme-razon-para-el-deseo-rosa-chacel-9788437649221\/\">C\u00e1tedra<\/a>, 2025. 360 p\u00e1ginas. 19,95 euros<\/p>\n<p class=\"\">Se publica una poes\u00eda reunida sin la que no puede entenderse la est\u00e9tica de la autora m\u00e1s confesional y, sin embargo, huidiza de la Edad de Plata.<\/p>\n<p class=\"\"><a href=\"https:\/\/elpais.com\/babelia\/2025-12-24\/rosa-chacel-y-el-sutil-talento-para-ver-lo-que-la-superficie-oculta.html\" target=\"_self\" rel=\"nofollow noopener\" title=\"https:\/\/elpais.com\/babelia\/2025-12-24\/rosa-chacel-y-el-sutil-talento-para-ver-lo-que-la-superficie-oculta.html\">Lea aqu\u00ed la cr\u00edtica de \u00c1ngel Prieto de Paula<\/a><\/p>\n","protected":false},"excerpt":{"rendered":"Cuentos escogidosGeorge SaundersTraducci\u00f3n de Javier Calvo Perales y Ben Clark. Seix Barral, 2025. 632 p\u00e1ginas. 26 euros Todos&hellip;\n","protected":false},"author":2,"featured_media":309501,"comment_status":"","ping_status":"","sticky":false,"template":"","format":"standard","meta":{"footnotes":""},"categories":[91],"tags":[4026,209,3662,2053,146,147,25,1598,24,1807,225,671,4027,1645,2052,23],"class_list":{"0":"post-309500","1":"post","2":"type-post","3":"status-publish","4":"format-standard","5":"has-post-thumbnail","7":"category-entretenimiento","8":"tag-critica-literaria","9":"tag-cultura","10":"tag-editoriales","11":"tag-ensayo","12":"tag-entertainment","13":"tag-entretenimiento","14":"tag-es","15":"tag-escritores","16":"tag-espana","17":"tag-lectura","18":"tag-libros","19":"tag-literatura","20":"tag-narrativa","21":"tag-novela","22":"tag-poesia","23":"tag-spain"},"share_on_mastodon":{"url":"https:\/\/pubeurope.com\/@es\/115790320270655954","error":""},"_links":{"self":[{"href":"https:\/\/www.europesays.com\/es\/wp-json\/wp\/v2\/posts\/309500","targetHints":{"allow":["GET"]}}],"collection":[{"href":"https:\/\/www.europesays.com\/es\/wp-json\/wp\/v2\/posts"}],"about":[{"href":"https:\/\/www.europesays.com\/es\/wp-json\/wp\/v2\/types\/post"}],"author":[{"embeddable":true,"href":"https:\/\/www.europesays.com\/es\/wp-json\/wp\/v2\/users\/2"}],"replies":[{"embeddable":true,"href":"https:\/\/www.europesays.com\/es\/wp-json\/wp\/v2\/comments?post=309500"}],"version-history":[{"count":0,"href":"https:\/\/www.europesays.com\/es\/wp-json\/wp\/v2\/posts\/309500\/revisions"}],"wp:featuredmedia":[{"embeddable":true,"href":"https:\/\/www.europesays.com\/es\/wp-json\/wp\/v2\/media\/309501"}],"wp:attachment":[{"href":"https:\/\/www.europesays.com\/es\/wp-json\/wp\/v2\/media?parent=309500"}],"wp:term":[{"taxonomy":"category","embeddable":true,"href":"https:\/\/www.europesays.com\/es\/wp-json\/wp\/v2\/categories?post=309500"},{"taxonomy":"post_tag","embeddable":true,"href":"https:\/\/www.europesays.com\/es\/wp-json\/wp\/v2\/tags?post=309500"}],"curies":[{"name":"wp","href":"https:\/\/api.w.org\/{rel}","templated":true}]}}