{"id":309506,"date":"2025-12-27T07:22:08","date_gmt":"2025-12-27T07:22:08","guid":{"rendered":"https:\/\/www.europesays.com\/es\/309506\/"},"modified":"2025-12-27T07:22:08","modified_gmt":"2025-12-27T07:22:08","slug":"trump-justifica-su-ataque-a-nigeria-por-la-masacre-de-cristianos-pero-las-victimas-del-yihadismo-son-de-todas-las-confesiones-internacional","status":"publish","type":"post","link":"https:\/\/www.europesays.com\/es\/309506\/","title":{"rendered":"Trump justifica su ataque a Nigeria por la masacre de cristianos, pero las v\u00edctimas del yihadismo son de todas las confesiones | Internacional"},"content":{"rendered":"<p class=\"\">El presidente de Estados Unidos, <a href=\"https:\/\/elpais.com\/internacional\/2025-12-26\/trump-asegura-que-estados-unidos-ha-atacado-objetivos-del-estado-islamico-en-nigeria.html\" target=\"_self\" rel=\"nofollow noopener\" title=\"https:\/\/elpais.com\/internacional\/2025-12-26\/trump-asegura-que-estados-unidos-ha-atacado-objetivos-del-estado-islamico-en-nigeria.html\">Donald Trump<\/a>, ha esgrimido los \u201casesinatos brutales\u201d de \u201ccristianos inocentes\u201d como justificaci\u00f3n para atacar objetivos del <a href=\"https:\/\/elpais.com\/expres\/2025-12-26\/estados-unidos-ataca-al-estado-islamico-en-nigeria-por-la-masacre-de-cristianos-en-el-pais-africano.html\" target=\"_self\" rel=\"nofollow noopener\" title=\"https:\/\/elpais.com\/expres\/2025-12-26\/estados-unidos-ataca-al-estado-islamico-en-nigeria-por-la-masacre-de-cristianos-en-el-pais-africano.html\">Estado Isl\u00e1mico (ISIS)<\/a> en el noroeste de Nigeria. Pero entre las v\u00edctimas de la violencia yihadista en este pa\u00eds africano hay miembros de diferentes confesiones religiosas, tanto cristianos como musulmanes, seg\u00fan asegura el propio Gobierno nigeriano, que reconoce la elevada cifra de v\u00edctimas en este conflicto, pero rechaza que se trate de un \u201cgenocidio\u201d. Tanto iglesias como mezquitas son atacadas, as\u00ed como mercados y otros lugares de reuni\u00f3n. \u201cNo hay un intento sistem\u00e1tico e intencional, ni por parte del Gobierno ni por parte de ning\u00fan grupo serio, de atacar a una religi\u00f3n en particular\u201d, asegur\u00f3 hace unas semanas el ministro de Informaci\u00f3n, Mohamed Idris.<\/p>\n<p class=\"\">Nigeria, el pa\u00eds m\u00e1s poblado de \u00c1frica \u2014con unos 235 millones de habitantes\u2014 y uno de sus principales motores econ\u00f3micos, se ha convertido en las \u00faltimas dos d\u00e9cadas en uno de los epicentros del yihadismo en el continente. Los grupos terroristas m\u00e1s conocidos son <a href=\"https:\/\/elpais.com\/planeta-futuro\/2024-06-10\/detenciones-malos-tratos-y-estigma-cuando-escapar-de-las-garras-de-boko-haram-no-es-un-final-feliz.html\" target=\"_self\" rel=\"nofollow noopener\" title=\"https:\/\/elpais.com\/planeta-futuro\/2024-06-10\/detenciones-malos-tratos-y-estigma-cuando-escapar-de-las-garras-de-boko-haram-no-es-un-final-feliz.html\">Boko Haram<\/a> y la Provincia del Estado Isl\u00e1mico de \u00c1frica Occidental (ISWAP, por sus siglas en ingl\u00e9s), que operan sobre todo en el noreste y en el lago Chad. Pero en los \u00faltimos a\u00f1os han surgido otros grupos radicales en el noroeste, en particular en los Estados de Sokoto y Kebbi, entre los que se encuentra Lakurawa, que mantiene v\u00ednculos con la Provincia de Estado Isl\u00e1mico del Sahel (ISSP), con base en las vecinas Mal\u00ed y N\u00edger. Estados Unidos anunci\u00f3 este jueves que hab\u00eda bombardeado campamentos del Estado Isl\u00e1mico (ISIS) en Sokoto. <\/p>\n<p class=\"\">Estos grupos armados, que tratan de imponer su visi\u00f3n radical del islam, llevan a cabo ataques contra la poblaci\u00f3n, protagonizan secuestros y asesinatos en masa, extorsionan a civiles y se enfrentan con las fuerzas de seguridad. En el noreste, en los Estados de Borno, Yobe y Adamaua, Boko Haram e ISWAP compiten entre s\u00ed por el control del territorio y han protagonizado numerosos enfrentamientos, mientras que en el noroeste Lakurawa combate contra bandas organizadas de delincuentes que se dedican tambi\u00e9n al pillaje, el robo y el secuestro. De hecho, este \u00faltimo grupo surgi\u00f3 como una milicia de autodefensa frente a bandidos y posteriormente se radicaliz\u00f3 bajo la influencia de la rama del ISIS en el Sahel. Su l\u00edder es Ameer Habib Tajje.<\/p>\n<p class=\"\">A esta violencia, que se produce sobre todo en el norte del pa\u00eds, se suma la conflictividad entre pastores y agricultores en las regiones del centro, donde tambi\u00e9n se han registrado ataques contra comunidades enteras. <\/p>\n<p>Desgaste interno del presidente <\/p>\n<p class=\"\">Al igual que le ocurriera a sus predecesores Goodluck Jonathan y Muhammadu Buhari, <a href=\"https:\/\/elpais.com\/internacional\/2023-03-01\/el-candidato-gubernamental-bola-tinubu-gana-las-elecciones-en-nigeria.html\" target=\"_self\" rel=\"nofollow noopener\" title=\"https:\/\/elpais.com\/internacional\/2023-03-01\/el-candidato-gubernamental-bola-tinubu-gana-las-elecciones-en-nigeria.html\">el actual presidente nigeriano, Bola Tinubu<\/a>, est\u00e1 sufriendo un enorme desgaste interno por toda esta violencia, que el Gobierno ha sido incapaz de frenar. En este contexto, Trump incluy\u00f3 el pasado octubre a Nigeria en la lista de \u201cpa\u00edses de especial preocupaci\u00f3n\u201d por sus violaciones de la libertad de culto, y <a href=\"https:\/\/elpais.com\/internacional\/2025-11-02\/trump-amenaza-a-nigeria-con-una-accion-militar-por-el-asesinato-de-cristianos.html\" target=\"_self\" rel=\"nofollow noopener\" title=\"https:\/\/elpais.com\/internacional\/2025-11-02\/trump-amenaza-a-nigeria-con-una-accion-militar-por-el-asesinato-de-cristianos.html\">amenaz\u00f3 con \u201cuna acci\u00f3n militar r\u00e1pida\u201d si no se pon\u00eda fin a las masacres de cristianos<\/a>.<\/p>\n<p class=\"\">A principios de octubre, el senador republicano Ted Cruz asegur\u00f3 en X que, desde el a\u00f1o 2009, un total de 50.000 cristianos hab\u00edan sido asesinados \u201cen masa\u201d en Nigeria y que 18.000 iglesias hab\u00edan sido quemadas, acusando al Ejecutivo nigeriano de \u201cignorarlo e incluso facilitarlo\u201d. Trump amenaz\u00f3 tambi\u00e9n con cortar toda la ayuda humanitaria a Nigeria, ya muy mermada tras los recortes de la agencia norteamericana USAID.<\/p>\n<p class=\"\">Las autoridades nigerianas reaccionaron con rapidez y se abri\u00f3 una ronda de conversaciones que ha desembocado en nuevos acuerdos. El pasado lunes, Abuja daba por cerrada la crisis. \u201cLa reciente disputa diplom\u00e1tica con EE UU se ha resuelto en gran medida mediante un compromiso firme y respetuoso que culmin\u00f3 en una asociaci\u00f3n reforzada\u201d entre ambos pa\u00edses, asegur\u00f3 el ministro Idris. <\/p>\n<p class=\"\">Este jueves, <a href=\"https:\/\/x.com\/NigeriaMFA\/status\/2004346591403180167\" target=\"_self\" rel=\"nofollow\" title=\"https:\/\/x.com\/NigeriaMFA\/status\/2004346591403180167\">el Ministerio de Asuntos Exteriores nigeriano se apresur\u00f3 a se\u00f1alar a trav\u00e9s de X<\/a> que los ataques estadounidenses contra el ISIS en el noroeste se hab\u00edan llevado a cabo \u201cen el marco de una cooperaci\u00f3n en materia de seguridad con EE UU\u201d. <\/p>\n<p class=\"\">Las relaciones entre EE UU y Nigeria son muy s\u00f3lidas. Washington es consciente del peso demogr\u00e1fico y econ\u00f3mico de este pa\u00eds, pero tambi\u00e9n de su liderazgo en la regi\u00f3n occidental del continente. Para Abuja, el gigante norteamericano, donde vive una robusta di\u00e1spora nigeriana, no es solo su primer socio comercial, sino un importante aliado en materia de defensa y su principal donante de ayuda.<\/p>\n","protected":false},"excerpt":{"rendered":"El presidente de Estados Unidos, Donald Trump, ha esgrimido los \u201casesinatos brutales\u201d de \u201ccristianos inocentes\u201d como justificaci\u00f3n para&hellip;\n","protected":false},"author":2,"featured_media":309507,"comment_status":"","ping_status":"","sticky":false,"template":"","format":"standard","meta":{"footnotes":""},"categories":[42],"tags":[5404,17,18,18690,352,72949,629,13,14,69,11,61,62,63,64,19,20,9,25639,10,15,16,5603,592,72948,12,21,22,65,66,67],"class_list":{"0":"post-309506","1":"post","2":"type-post","3":"status-publish","4":"format-standard","5":"has-post-thumbnail","7":"category-internacional","8":"tag-africa","9":"tag-breaking-news","10":"tag-breakingnews","11":"tag-cristianismo","12":"tag-donald-trump","13":"tag-estado-islamico","14":"tag-estados-unidos","15":"tag-featured-news","16":"tag-featurednews","17":"tag-guerra","18":"tag-headlines","19":"tag-internacional","20":"tag-international","21":"tag-international-news","22":"tag-internationalnews","23":"tag-latest-news","24":"tag-latestnews","25":"tag-news","26":"tag-nigeria","27":"tag-noticias","28":"tag-noticias-destacadas","29":"tag-noticiasdestacadas","30":"tag-religion","31":"tag-terrorismo","32":"tag-terrorismo-islamista","33":"tag-titulares","34":"tag-ultimas-noticias","35":"tag-ultimasnoticias","36":"tag-world","37":"tag-world-news","38":"tag-worldnews"},"share_on_mastodon":{"url":"","error":"Validation failed: Text character limit of 500 exceeded"},"_links":{"self":[{"href":"https:\/\/www.europesays.com\/es\/wp-json\/wp\/v2\/posts\/309506","targetHints":{"allow":["GET"]}}],"collection":[{"href":"https:\/\/www.europesays.com\/es\/wp-json\/wp\/v2\/posts"}],"about":[{"href":"https:\/\/www.europesays.com\/es\/wp-json\/wp\/v2\/types\/post"}],"author":[{"embeddable":true,"href":"https:\/\/www.europesays.com\/es\/wp-json\/wp\/v2\/users\/2"}],"replies":[{"embeddable":true,"href":"https:\/\/www.europesays.com\/es\/wp-json\/wp\/v2\/comments?post=309506"}],"version-history":[{"count":0,"href":"https:\/\/www.europesays.com\/es\/wp-json\/wp\/v2\/posts\/309506\/revisions"}],"wp:featuredmedia":[{"embeddable":true,"href":"https:\/\/www.europesays.com\/es\/wp-json\/wp\/v2\/media\/309507"}],"wp:attachment":[{"href":"https:\/\/www.europesays.com\/es\/wp-json\/wp\/v2\/media?parent=309506"}],"wp:term":[{"taxonomy":"category","embeddable":true,"href":"https:\/\/www.europesays.com\/es\/wp-json\/wp\/v2\/categories?post=309506"},{"taxonomy":"post_tag","embeddable":true,"href":"https:\/\/www.europesays.com\/es\/wp-json\/wp\/v2\/tags?post=309506"}],"curies":[{"name":"wp","href":"https:\/\/api.w.org\/{rel}","templated":true}]}}