{"id":309556,"date":"2025-12-27T08:09:15","date_gmt":"2025-12-27T08:09:15","guid":{"rendered":"https:\/\/www.europesays.com\/es\/309556\/"},"modified":"2025-12-27T08:09:15","modified_gmt":"2025-12-27T08:09:15","slug":"tailandia-y-camboya-acuerdan-un-alto-el-fuego","status":"publish","type":"post","link":"https:\/\/www.europesays.com\/es\/309556\/","title":{"rendered":"Tailandia y Camboya acuerdan un alto el fuego"},"content":{"rendered":"<p>Los jefes de Defensa de Tailandia y Camboya han firmado este s\u00e1bado un acuerdo de alto el fuego con efecto inmediato en la frontera com\u00fan, donde los enfrentamientos militares que arrancaron el 7 de diciembre han dejado <strong>un centenar de muertos<\/strong> y cerca de <strong>700.000 desplazados<\/strong>.<\/p>\n<p>\u00abLas partes acordaron un inmediato cese al fuego a las 12 hora local (6:00 hora peninsular espa\u00f1ola), que incluya (el fin) de <a href=\"https:\/\/www.rtve.es\/noticias\/20251209\/enfrentamientos-camboya-tailandia-segundo-dia\/16850848.shtml\" target=\"_blank\" rel=\"nofollow noopener\">los ataques contra civiles, infraestructuras y objetivos militares<\/a> en los dos lados de la l\u00ednea divisoria\u00bb, de unos 820 kil\u00f3metros, dice la declaraci\u00f3n conjunta, difundida en principio por el Gobierno camboyano.<\/p>\n<p>Ambos Ej\u00e9rcitos se comprometen a <strong>evitar provocaciones<\/strong> como el desplazamiento de tropas en las zonas lim\u00edtrofes que han sido el escenario de la hist\u00f3rica disputa territorial, as\u00ed como a <strong>garantizar el retorno seguro de los desplazados<\/strong>.<\/p>\n<p>En este sentido, han pactado al menos abordar, a trav\u00e9s de mecanismos bilaterales, la pol\u00e9mica demarcaci\u00f3n en zonas lim\u00edtrofes, un asunto por el que Camboya ha acudido ante instancias internacionales, lo que ha molestado a Tailandia.<\/p>\n<p>Puntos del acuerdo<\/p>\n<p>Asimismo, los militares han acordado trabajar de forma conjunta para <strong>retirar minas antipersona<\/strong>, uno de los principales reclamos de Bangkok, que acusa a Nom Pen de sembrar nuevos artefactos, que han causado heridas, algunas de ellas mortales, a varios soldados en los \u00faltimos dos meses.<\/p>\n<p>Entre otros puntos, las dos naciones asi\u00e1ticas se comprometen a <strong>no incrementar el n\u00famero de tropas en la divisoria<\/strong>, a <strong>no difundir informaci\u00f3n falsa o tendenciosa<\/strong> sobre el conflicto y a <strong>luchar de forma conjunta contra el tr\u00e1fico de personas<\/strong> y las estafas digitales en la frontera.<\/p>\n<p>La declaraci\u00f3n ha sido firmada por los generales Tea Seiha y Nattaphon Narkphanit, titulares de Defensa de Camboya y Tailandia, respectivamente, y establece el rol que desarrollar\u00e1n emisarios de la Asociaci\u00f3n de Naciones del Sudeste Asi\u00e1tico (Asean) como observadores del alto el fuego.<\/p>\n<p>Ataque a\u00e9reo llevado a cabo en Camboya a lo largo de una zona fronteriza en disputa\u00a0Royal Thai Army<\/p>\n<p>En una rueda de prensa, el portavoz de la cartera de Defensa de Tailandia ha confirmado que los 18 soldados camboyanos detenidos en junio -durante cinco d\u00edas de enfrentamientos fronterizos que dejaron medio centenar de fallecidos- \u00abser\u00e1n liberados cuando cese la hostilidad, de acuerdo con las normas y pr\u00e1cticas internacionales\u00bb.<\/p>\n<p>Hasta el viernes, seg\u00fan los balances oficiales, <strong>al menos 43 civiles y 24 militares hab\u00edan muerto en Tailandia<\/strong>, mientras se contabilizaban <strong>31 civiles fallecidos en Camboya<\/strong>, que no informa de bajas en el sector castrense aun cuando numerosos informes hablan de decenas de soldados ca\u00eddos. <\/p>\n<p>En el acuerdo, Bangkok y Nom Pen citan \u00abel esp\u00edritu\u00bb de Kuala Lumpur, en alusi\u00f3n al <a href=\"https:\/\/www.rtve.es\/noticias\/20251026\/trump-anuncia-acuerdo-historico-paz-tailandia-camboya\/16786924.shtml\" target=\"_blank\" rel=\"nofollow noopener\">acuerdo de paz firmado en octubre en Malasia<\/a> con la mediaci\u00f3n del presidente de Estados Unidos, <strong>Donald Trump<\/strong>, cuyo Gobierno ha intercedido en las \u00faltimas tres semanas para el cese de las hostilidades.<\/p>\n","protected":false},"excerpt":{"rendered":"Los jefes de Defensa de Tailandia y Camboya han firmado este s\u00e1bado un acuerdo de alto el fuego&hellip;\n","protected":false},"author":2,"featured_media":309557,"comment_status":"","ping_status":"","sticky":false,"template":"","format":"standard","meta":{"footnotes":""},"categories":[42],"tags":[17,18,13,14,11,61,62,63,64,19,20,9,10,15,16,12,21,22,65,66,67],"class_list":{"0":"post-309556","1":"post","2":"type-post","3":"status-publish","4":"format-standard","5":"has-post-thumbnail","7":"category-internacional","8":"tag-breaking-news","9":"tag-breakingnews","10":"tag-featured-news","11":"tag-featurednews","12":"tag-headlines","13":"tag-internacional","14":"tag-international","15":"tag-international-news","16":"tag-internationalnews","17":"tag-latest-news","18":"tag-latestnews","19":"tag-news","20":"tag-noticias","21":"tag-noticias-destacadas","22":"tag-noticiasdestacadas","23":"tag-titulares","24":"tag-ultimas-noticias","25":"tag-ultimasnoticias","26":"tag-world","27":"tag-world-news","28":"tag-worldnews"},"share_on_mastodon":{"url":"https:\/\/pubeurope.com\/@es\/115790516426682335","error":""},"_links":{"self":[{"href":"https:\/\/www.europesays.com\/es\/wp-json\/wp\/v2\/posts\/309556","targetHints":{"allow":["GET"]}}],"collection":[{"href":"https:\/\/www.europesays.com\/es\/wp-json\/wp\/v2\/posts"}],"about":[{"href":"https:\/\/www.europesays.com\/es\/wp-json\/wp\/v2\/types\/post"}],"author":[{"embeddable":true,"href":"https:\/\/www.europesays.com\/es\/wp-json\/wp\/v2\/users\/2"}],"replies":[{"embeddable":true,"href":"https:\/\/www.europesays.com\/es\/wp-json\/wp\/v2\/comments?post=309556"}],"version-history":[{"count":0,"href":"https:\/\/www.europesays.com\/es\/wp-json\/wp\/v2\/posts\/309556\/revisions"}],"wp:featuredmedia":[{"embeddable":true,"href":"https:\/\/www.europesays.com\/es\/wp-json\/wp\/v2\/media\/309557"}],"wp:attachment":[{"href":"https:\/\/www.europesays.com\/es\/wp-json\/wp\/v2\/media?parent=309556"}],"wp:term":[{"taxonomy":"category","embeddable":true,"href":"https:\/\/www.europesays.com\/es\/wp-json\/wp\/v2\/categories?post=309556"},{"taxonomy":"post_tag","embeddable":true,"href":"https:\/\/www.europesays.com\/es\/wp-json\/wp\/v2\/tags?post=309556"}],"curies":[{"name":"wp","href":"https:\/\/api.w.org\/{rel}","templated":true}]}}