{"id":309597,"date":"2025-12-27T08:47:07","date_gmt":"2025-12-27T08:47:07","guid":{"rendered":"https:\/\/www.europesays.com\/es\/309597\/"},"modified":"2025-12-27T08:47:07","modified_gmt":"2025-12-27T08:47:07","slug":"el-exito-empresarial-que-permite-a-sara-carbonero-vivir-la-vida-tranquila-que-siempre-quiso","status":"publish","type":"post","link":"https:\/\/www.europesays.com\/es\/309597\/","title":{"rendered":"El \u00e9xito empresarial que permite a Sara Carbonero vivir la vida tranquila que siempre quiso"},"content":{"rendered":"<p style=\"\">La firma Slow Love, creada por Sara Carbonero e <a href=\"https:\/\/www.abc.es\/gente\/isabel-jimenez-rompe-silencio-sobre-separacion-pasado-20251017183000-nt.html\" target=\"_self\" data-voc-vtm-id=\"in-text-traffic\" title=\"Isabel Jim\u00e9nez\" data-mrf-link=\"www.abc.es\" rel=\"nofollow noopener\">Isabel Jim\u00e9nez<\/a>, ha continuado creciendo de forma estable en los \u00faltimos ejercicios, incluso despu\u00e9s de haber sido adquirida por el Grupo Cortefiel. La marca cerr\u00f3 el \u00faltimo a\u00f1o con <strong>una facturaci\u00f3n cercana a tres millones <\/strong> &#8230; <strong>y medio de euros<\/strong>, lo que supone un incremento de casi medio mill\u00f3n respecto al ejercicio anterior, cuando los ingresos superaban ligeramente los tres millones. A esta evoluci\u00f3n se suma un total activo que se mantiene en torno a los dos millones de euros, consolidando su estabilidad dentro del sector de la moda.<\/p>\n<p class=\"voc-p\" style=\"\">Pese a haber vendido la empresa hace tiempo, Carbonero y Jim\u00e9nez han seguido vinculadas al proyecto: <strong>conservan presencia creativa y colaboran con la firma desde un rol m\u00e1s ligero<\/strong> que en los primeros a\u00f1os, alejadas de la parte administrativa \u2014esa que, como ellas mismas han reconocido en varias ocasiones, menos les gustaba.<\/p>\n<p class=\"voc-p\" style=\"\">Y lo cierto es que el t\u00e1ndem formado entre los nuevos administradores y las dos comunicadoras funciona. Los resultados lo dejan claro. La esencia de la marca sigue intacta: aquel estilo bohemio, muy reconocible en el d\u00eda a d\u00eda de Sara, sigue siendo la base sobre la que se articula Slow Love. Esta coherencia ha encajado bien entre un p\u00fablico que valora la autenticidad del proyecto. Aunque el negocio est\u00e9 ahora en manos de un grupo empresarial m\u00e1s grande, <strong>la identidad original no se ha diluido<\/strong>. La gesti\u00f3n ha respetado la filosof\u00eda inicial y ha permitido que las creadoras mantengan el tono personal que siempre ha definido a la firma.<\/p>\n<p class=\"voc-p\" style=\"\">Gracias a esta estabilidad \u2014y muy en sinton\u00eda con la filosof\u00eda de la casa\u2014 Sara Carbonero puede permitirse llevar la vida \u00abslow\u00bb que ha decidido adoptar. Ya en la presentaci\u00f3n de la colecci\u00f3n de fiesta de hace dos a\u00f1os explicaba que llevaba un tiempo viviendo \u00abm\u00e1s hacia dentro\u00bb, centrada en su bienestar interior y menos pendiente del exterior. Eso no significa que no trabaje: <strong>contin\u00faa impulsando la firma y realiza algunas colaboraciones, no muchas, y seg\u00fan fuentes de este medio por elecci\u00f3n propia, no por falta de propuestas<\/strong>. La diferencia con etapas anteriores es evidente: su exposici\u00f3n ante las c\u00e1maras, los medios o incluso ante su propio tel\u00e9fono es m\u00ednima. Est\u00e1 centrada en s\u00ed misma, en su vida personal y en sus hijos.<\/p>\n<p class=\"voc-p\" style=\"\">Aun as\u00ed, no puede evitar despertar inter\u00e9s. Desde su ruptura con Nacho Taboada a finales de 2023 hasta su relaci\u00f3n con Jos\u00e9 Luis Cabrera \u2014que se conoci\u00f3 en febrero del a\u00f1o pasado\u2014, su vida personal sigue generando atenci\u00f3n. A Cabrera, empresario, lo conoci\u00f3 en un viaje a La Graciosa junto a Isabel Jim\u00e9nez y su entonces marido, y su relaci\u00f3n dura ya un a\u00f1o. La periodista vive un momento sereno, aunque apenas han trascendido detalles porque, desde su divorcio de Iker Casillas, no ha vuelto a hacer declaraciones sobre su vida sentimental.<\/p>\n<p class=\"voc-p\" style=\"\">Antes era habitual verla como imagen de productos y atendiendo a la prensa en actos promocionales; ahora es raro que ocurra. Y en parte es gracias a Slow Love, que es una de sus principales fuentes de ingresos y le permite decir \u00abno\u00bb a muchas propuestas.<\/p>\n<p class=\"voc-title\">Gracias a Slow Love, que es una de sus principales fuentes de ingresos, puede decir \u00abno\u00bb a muchas propuestas.<\/p>\n<p class=\"voc-p\" style=\"\">El crecimiento econ\u00f3mico de Slow Love ha consolidado el proyecto en el sector de la moda espa\u00f1ola. No es habitual que una firma con apenas diez a\u00f1os de vida lleve m\u00e1s de dos manteniendo un total activo estable de dos millones de euros. Esto demuestra que <strong>la decisi\u00f3n de integrarse en el Grupo Cortefiel \u2014aunque implicara perder la capacidad de decisi\u00f3n total\u2014 fue un acierto<\/strong>. La aportaci\u00f3n del grupo ha permitido acceder a m\u00e1s recursos, mejorar la distribuci\u00f3n y ampliar la presencia de la marca sin poner en riesgo su identidad. La empresa ha mantenido su autonom\u00eda creativa y una l\u00ednea coherente entre sus campa\u00f1as y lo que Isabel y Sara representan.<\/p>\n<p class=\"voc-p\" style=\"\">Esa estabilidad ha dado margen para desarrollar nuevas colecciones y realizar mejoras. Y esa ha sido la f\u00f3rmula del \u00e9xito. Les ha dado crecimiento\u2026 y, sobre todo en el caso de Sara, les ha dado tranquilidad, que era el objetivo.<\/p>\n","protected":false},"excerpt":{"rendered":"La firma Slow Love, creada por Sara Carbonero e Isabel Jim\u00e9nez, ha continuado creciendo de forma estable en&hellip;\n","protected":false},"author":2,"featured_media":309598,"comment_status":"","ping_status":"","sticky":false,"template":"","format":"standard","meta":{"footnotes":""},"categories":[174],"tags":[72954,255,19849,146,147,25,24,4518,256,3227,8325,10406,369,23,15869,2606,1284],"class_list":{"0":"post-309597","1":"post","2":"type-post","3":"status-publish","4":"format-standard","5":"has-post-thumbnail","7":"category-famosos","8":"tag-carbonero","9":"tag-celebrities","10":"tag-empresarial","11":"tag-entertainment","12":"tag-entretenimiento","13":"tag-es","14":"tag-espana","15":"tag-exito","16":"tag-famosos","17":"tag-permite","18":"tag-quiso","19":"tag-sara","20":"tag-siempre","21":"tag-spain","22":"tag-tranquila","23":"tag-vida","24":"tag-vivir"},"share_on_mastodon":{"url":"https:\/\/pubeurope.com\/@es\/115790665975111455","error":""},"_links":{"self":[{"href":"https:\/\/www.europesays.com\/es\/wp-json\/wp\/v2\/posts\/309597","targetHints":{"allow":["GET"]}}],"collection":[{"href":"https:\/\/www.europesays.com\/es\/wp-json\/wp\/v2\/posts"}],"about":[{"href":"https:\/\/www.europesays.com\/es\/wp-json\/wp\/v2\/types\/post"}],"author":[{"embeddable":true,"href":"https:\/\/www.europesays.com\/es\/wp-json\/wp\/v2\/users\/2"}],"replies":[{"embeddable":true,"href":"https:\/\/www.europesays.com\/es\/wp-json\/wp\/v2\/comments?post=309597"}],"version-history":[{"count":0,"href":"https:\/\/www.europesays.com\/es\/wp-json\/wp\/v2\/posts\/309597\/revisions"}],"wp:featuredmedia":[{"embeddable":true,"href":"https:\/\/www.europesays.com\/es\/wp-json\/wp\/v2\/media\/309598"}],"wp:attachment":[{"href":"https:\/\/www.europesays.com\/es\/wp-json\/wp\/v2\/media?parent=309597"}],"wp:term":[{"taxonomy":"category","embeddable":true,"href":"https:\/\/www.europesays.com\/es\/wp-json\/wp\/v2\/categories?post=309597"},{"taxonomy":"post_tag","embeddable":true,"href":"https:\/\/www.europesays.com\/es\/wp-json\/wp\/v2\/tags?post=309597"}],"curies":[{"name":"wp","href":"https:\/\/api.w.org\/{rel}","templated":true}]}}