{"id":309603,"date":"2025-12-27T08:51:14","date_gmt":"2025-12-27T08:51:14","guid":{"rendered":"https:\/\/www.europesays.com\/es\/309603\/"},"modified":"2025-12-27T08:51:14","modified_gmt":"2025-12-27T08:51:14","slug":"un-hito-tras-50-anos-pink-floyd-estreno-inedito-videoclip-del-clasico-wish-you-were-here","status":"publish","type":"post","link":"https:\/\/www.europesays.com\/es\/309603\/","title":{"rendered":"Un hito tras 50 a\u00f1os: Pink Floyd estren\u00f3 in\u00e9dito videoclip del cl\u00e1sico \u201cWish You Were Here\u201d"},"content":{"rendered":"<p><img alt=\"Pablo G\u00e1ndara\" class=\"global-image\" decoding=\"async\"  src=\"https:\/\/www.europesays.com\/es\/wp-content\/uploads\/2025\/12\/https:\/\/author-service-images-prod-us-east-1.publishing.aws.arc.pub\/copesa\/3f997500-1e1b-467b-9d5f-7.jpeg\"  fetchpriority=\"low\" loading=\"lazy\"\/>Por\u00a0<a aria-label=\"Link a autor\" class=\"base-link article-body__byline__author\" href=\"https:\/\/www.latercera.com\/autor\/pablo.gandara\/\" target=\"_self\" rel=\"nofollow noopener\">Pablo G\u00e1ndara<\/a>26 DICIEMBRE 2025<a href=\"#comments\" class=\"article-body__social__btn\">Comentarios<\/a><\/p>\n<p class=\"article-body__paragraph\">Hasta ahora el single no ten\u00eda videoclip, y como parte de la reedici\u00f3n del \u00e1lbum del mismo nombre, se agreg\u00f3 esta pieza audiovisual in\u00e9dita, donde se incluyen im\u00e1genes de archivo en blanco y negro de la banda, y animaciones con el sello propio y caracter\u00edstico de Pink Floyd.<\/p>\n<p class=\"article-body__paragraph\">El montaje inicia con coloridos destellos que iluminan la Luna, para luego dar paso a desconocidos e \u00edntimos registros del cuarteto en un estudio de grabaci\u00f3n. <\/p>\n<p class=\"article-body__paragraph\">La edici\u00f3n especial suma varias versiones alternativas de la canci\u00f3n dedicada a Syd Barrett, demos y tomas de las sesiones del \u00e1lbum, y actuaciones en directo de la \u00e9poca.<\/p>\n<p><img alt=\"\" class=\"global-image\" decoding=\"async\"  src=\"https:\/\/www.europesays.com\/es\/wp-content\/uploads\/2025\/12\/RJPQCHVW2BCPLDHPWEWJ4Z5WUI.jpg\"  fetchpriority=\"low\" loading=\"lazy\"\/><\/p>\n<p class=\"article-body__paragraph\">A mediados de los 70, el disco \u201cWish You Were Here\u201d lleg\u00f3 al n\u00famero uno de los rankings, a tan solo una semana de su lanzamiento.<\/p>\n<p class=\"article-body__paragraph\">50 a\u00f1os m\u00e1s tarde, el \u00e1lbum reeditado alcanz\u00f3 el n\u00famero uno en Navidad en el Reino Unido.<\/p>\n<p class=\"article-body__paragraph\">As\u00ed lo celebr\u00f3 David Gilmour con un posteo en redes:<\/p>\n<p>M\u00e1s sobre:<a class=\"base-link article-body__tags__item\" href=\"https:\/\/www.latercera.com\/etiqueta\/pink-floyd\/\" target=\"_self\" rel=\"nofollow noopener\">Pink Floyd<\/a><a class=\"base-link article-body__tags__item\" href=\"https:\/\/www.latercera.com\/etiqueta\/wish-you-were-here\/\" target=\"_self\" rel=\"nofollow noopener\">Wish You Were Here<\/a><a class=\"base-link article-body__tags__item\" href=\"https:\/\/www.latercera.com\/etiqueta\/syd-barrett\/\" target=\"_self\" rel=\"nofollow noopener\">Syd Barrett<\/a><a class=\"base-link article-body__tags__item\" href=\"https:\/\/www.latercera.com\/etiqueta\/david-gilmour\/\" target=\"_self\" rel=\"nofollow noopener\">David Gilmour<\/a><\/p>\n","protected":false},"excerpt":{"rendered":"Por\u00a0Pablo G\u00e1ndara26 DICIEMBRE 2025Comentarios Hasta ahora el single no ten\u00eda videoclip, y como parte de la reedici\u00f3n del&hellip;\n","protected":false},"author":2,"featured_media":127437,"comment_status":"","ping_status":"","sticky":false,"template":"","format":"standard","meta":{"footnotes":""},"categories":[170],"tags":[27575,146,147,25,24,184,185,2184,23,9467,41275],"class_list":{"0":"post-309603","1":"post","2":"type-post","3":"status-publish","4":"format-standard","5":"has-post-thumbnail","7":"category-musica","8":"tag-david-gilmour","9":"tag-entertainment","10":"tag-entretenimiento","11":"tag-es","12":"tag-espana","13":"tag-music","14":"tag-musica","15":"tag-pink-floyd","16":"tag-spain","17":"tag-syd-barrett","18":"tag-wish-you-were-here"},"share_on_mastodon":{"url":"https:\/\/pubeurope.com\/@es\/115790682050132336","error":""},"_links":{"self":[{"href":"https:\/\/www.europesays.com\/es\/wp-json\/wp\/v2\/posts\/309603","targetHints":{"allow":["GET"]}}],"collection":[{"href":"https:\/\/www.europesays.com\/es\/wp-json\/wp\/v2\/posts"}],"about":[{"href":"https:\/\/www.europesays.com\/es\/wp-json\/wp\/v2\/types\/post"}],"author":[{"embeddable":true,"href":"https:\/\/www.europesays.com\/es\/wp-json\/wp\/v2\/users\/2"}],"replies":[{"embeddable":true,"href":"https:\/\/www.europesays.com\/es\/wp-json\/wp\/v2\/comments?post=309603"}],"version-history":[{"count":0,"href":"https:\/\/www.europesays.com\/es\/wp-json\/wp\/v2\/posts\/309603\/revisions"}],"wp:featuredmedia":[{"embeddable":true,"href":"https:\/\/www.europesays.com\/es\/wp-json\/wp\/v2\/media\/127437"}],"wp:attachment":[{"href":"https:\/\/www.europesays.com\/es\/wp-json\/wp\/v2\/media?parent=309603"}],"wp:term":[{"taxonomy":"category","embeddable":true,"href":"https:\/\/www.europesays.com\/es\/wp-json\/wp\/v2\/categories?post=309603"},{"taxonomy":"post_tag","embeddable":true,"href":"https:\/\/www.europesays.com\/es\/wp-json\/wp\/v2\/tags?post=309603"}],"curies":[{"name":"wp","href":"https:\/\/api.w.org\/{rel}","templated":true}]}}