{"id":309663,"date":"2025-12-27T09:39:23","date_gmt":"2025-12-27T09:39:23","guid":{"rendered":"https:\/\/www.europesays.com\/es\/309663\/"},"modified":"2025-12-27T09:39:23","modified_gmt":"2025-12-27T09:39:23","slug":"donde-ver-online-y-en-television-a-marruecos-hoy-en-la-copa-africa-y-a-que-hora-es-el-partido-contra-mali","status":"publish","type":"post","link":"https:\/\/www.europesays.com\/es\/309663\/","title":{"rendered":"D\u00f3nde ver online y en televisi\u00f3n a Marruecos hoy en la Copa \u00c1frica y a qu\u00e9 hora es el partido contra Mal\u00ed"},"content":{"rendered":"<p style=\"\">La <strong>Copa \u00c1frica 2025<\/strong> avanza y el grupo A ofrece uno de sus duelos m\u00e1s atractivos en esta segunda jornada, el que enfrentar\u00e1 a <strong>Marruecos y Mal\u00ed<\/strong>. En un torneo que re\u00fane a <strong>24 selecciones<\/strong>, los focos vuelven a apuntar a una  &#8230; selecci\u00f3n marroqu\u00ed que aspira, esta vez s\u00ed, a ser campeona.<\/p>\n<p class=\"voc-p\" style=\"\">Pese a contar con un solo campeonato continental en su palmar\u00e9s (1976), ninguna de las otras 15 selecciones que han levantado la CAN parece actualmente superior <strong>al combinado liderado por jugadores como Achraf Hakimi (PSG) y Brahim D\u00edaz (Real Madrid)<\/strong>.<\/p>\n<blockquote class=\"twitter-tweet\">\n<p lang=\"ar\" dir=\"rtl\">\u0642\u0627\u0645 \u0631\u0626\u064a\u0633 \u0627\u0644\u0627\u062a\u062d\u0627\u062f \u0627\u0644\u062f\u0648\u0644\u064a \u0644\u0643\u0631\u0629 \u0627\u0644\u0642\u062f\u0645 \u062c\u064a\u0627\u0646\u064a \u0625\u0646\u0641\u0627\u0646\u062a\u064a\u0646\u0648\u060c \u0648\u0631\u0626\u064a\u0633 \u0627\u0644\u062c\u0627\u0645\u0639\u0629 \u0627\u0644\u0645\u0644\u0643\u064a\u0629 \u0627\u0644\u0645\u063a\u0631\u0628\u064a\u0629 \u0644\u0643\u0631\u0629 \u0627\u0644\u0642\u062f\u0645 \u0641\u0648\u0632\u064a \u0644\u0642\u062c\u0639\u060c \u0648\u0627\u0644\u062f\u0648\u0644\u064a \u0627\u0644\u0645\u063a\u0631\u0628\u064a \u0627\u0644\u0633\u0627\u0628\u0642 \u062d\u0633\u064a\u0646 \u062e\u0631\u062c\u0629\u060c \u0628\u062a\u0633\u0644\u064a\u0645 \u062c\u0627\u0626\u0632\u0629 FIFA The Best (\u0627\u0644\u062a\u0634\u0643\u064a\u0644\u0629 \u0627\u0644\u0645\u062b\u0627\u0644\u064a\u0629 \u2013 The Best 11) \u0625\u0644\u0649 \u0623\u0634\u0631\u0641 \u062d\u0643\u064a\u0645\u064a\u060c \u0648\u0630\u0644\u0643 \u0628\u0645\u0642\u0631 \u0625\u0642\u0627\u0645\u0629 \u0627\u0644\u0645\u0646\u062a\u062e\u0628 \u0627\u0644\u0648\u0637\u0646\u064a (\u0645\u0631\u0643\u0628 \u0645\u062d\u0645\u062f \u0627\u0644\u0633\u0627\u062f\u0633 \u0644\u0643\u0631\u0629 \u0627\u0644\u0642\u062f\u0645)\u060c\u2026 <a href=\"https:\/\/t.co\/5sHy3Sa3Bq\" rel=\"nofollow\">pic.twitter.com\/5sHy3Sa3Bq<\/a><\/p>\n<p>\u2014 FRMF (@FRMFOFFICIEL) <a href=\"https:\/\/twitter.com\/FRMFOFFICIEL\/status\/2002463200248250824?ref_src=twsrc%5Etfw\" rel=\"nofollow noopener\" target=\"_blank\">December 20, 2025<\/a><\/p><\/blockquote>\n<p class=\"voc-p\" style=\"\">Adem\u00e1s, los Leones del Atlas llegan reforzados tras un <strong>estreno convincente ante Comoras (2-0)<\/strong>, un triunfo que sirvi\u00f3 para confirmar su condici\u00f3n de favoritos del grupo. <\/p>\n<p class=\"voc-p\" style=\"\">Sin embargo, el segundo examen eleva el nivel de exigencia. Enfrente estar\u00e1 una <strong>Mal\u00ed imprevisible<\/strong>, un rival sin complejos, inc\u00f3modo y capaz de castigar cualquier despiste y de convertir los partidos en escenarios imprevisibles, en una amenaza real para cualquiera.<\/p>\n<p>\nA qu\u00e9 hora es el Marruecos &#8211; Mal\u00ed hoy\n<\/p>\n<p class=\"voc-p\" style=\"\">Este partido entre Marruecos y Mal\u00ed, correspondiente a la jornada 2 de la fase de grupos de la Copa \u00c1frica 2025, se disputa este <strong>viernes 26 de diciembre de 2025<\/strong> a las 21:00 horas (hora local y en Espa\u00f1a).<\/p>\n<p class=\"voc-p\" style=\"\">El escenario ser\u00e1 el <strong>Complejo Deportivo Moulay Abdellah<\/strong>, en Rabat, que tiene una capacidad aproximada de <strong>69.500 espectadores<\/strong>.<\/p>\n<p>\nD\u00f3nde ver el Marruecos &#8211; Mal\u00ed y c\u00f3mo seguir el partido online\n<\/p>\n<p class=\"voc-p\" style=\"\">En Espa\u00f1a, el encuentro se podr\u00e1 seguir en directo por televisi\u00f3n a trav\u00e9s de <strong>Movistar+<\/strong>. En otros pa\u00edses, la retransmisi\u00f3n estar\u00e1 disponible en <strong>Arryadia TNT<\/strong> y en <strong>beIN Sports<\/strong>.<\/p>\n<p><script async src=\"https:\/\/platform.twitter.com\/widgets.js\" charset=\"utf-8\"><\/script><\/p>\n","protected":false},"excerpt":{"rendered":"La Copa \u00c1frica 2025 avanza y el grupo A ofrece uno de sus duelos m\u00e1s atractivos en esta&hellip;\n","protected":false},"author":2,"featured_media":309664,"comment_status":"","ping_status":"","sticky":false,"template":"","format":"standard","meta":{"footnotes":""},"categories":[93],"tags":[5404,4632,2493,168,25,24,319,315,60465,4485,133,1045,23,167,807,809],"class_list":{"0":"post-309663","1":"post","2":"type-post","3":"status-publish","4":"format-standard","5":"has-post-thumbnail","7":"category-deportes","8":"tag-africa","9":"tag-canal","10":"tag-copa","11":"tag-deportes","12":"tag-es","13":"tag-espana","14":"tag-horario","15":"tag-hoy","16":"tag-mali","17":"tag-marruecos","18":"tag-online","19":"tag-partido","20":"tag-spain","21":"tag-sports","22":"tag-television","23":"tag-ver"},"share_on_mastodon":{"url":"https:\/\/pubeurope.com\/@es\/115790870209210067","error":""},"_links":{"self":[{"href":"https:\/\/www.europesays.com\/es\/wp-json\/wp\/v2\/posts\/309663","targetHints":{"allow":["GET"]}}],"collection":[{"href":"https:\/\/www.europesays.com\/es\/wp-json\/wp\/v2\/posts"}],"about":[{"href":"https:\/\/www.europesays.com\/es\/wp-json\/wp\/v2\/types\/post"}],"author":[{"embeddable":true,"href":"https:\/\/www.europesays.com\/es\/wp-json\/wp\/v2\/users\/2"}],"replies":[{"embeddable":true,"href":"https:\/\/www.europesays.com\/es\/wp-json\/wp\/v2\/comments?post=309663"}],"version-history":[{"count":0,"href":"https:\/\/www.europesays.com\/es\/wp-json\/wp\/v2\/posts\/309663\/revisions"}],"wp:featuredmedia":[{"embeddable":true,"href":"https:\/\/www.europesays.com\/es\/wp-json\/wp\/v2\/media\/309664"}],"wp:attachment":[{"href":"https:\/\/www.europesays.com\/es\/wp-json\/wp\/v2\/media?parent=309663"}],"wp:term":[{"taxonomy":"category","embeddable":true,"href":"https:\/\/www.europesays.com\/es\/wp-json\/wp\/v2\/categories?post=309663"},{"taxonomy":"post_tag","embeddable":true,"href":"https:\/\/www.europesays.com\/es\/wp-json\/wp\/v2\/tags?post=309663"}],"curies":[{"name":"wp","href":"https:\/\/api.w.org\/{rel}","templated":true}]}}