{"id":309688,"date":"2025-12-27T10:01:14","date_gmt":"2025-12-27T10:01:14","guid":{"rendered":"https:\/\/www.europesays.com\/es\/309688\/"},"modified":"2025-12-27T10:01:14","modified_gmt":"2025-12-27T10:01:14","slug":"la-sorpresa-de-mark-hamill-a-un-fan-de-star-wars","status":"publish","type":"post","link":"https:\/\/www.europesays.com\/es\/309688\/","title":{"rendered":"La sorpresa de Mark Hamill a un fan de &#8216;Star Wars&#8217;"},"content":{"rendered":"<p class=\"c-paragraph\">En estas fechas navide\u00f1as de celebraciones, uno de los aspectos m\u00e1s controvertidos suelen ser\u00a0<b>las reuniones familiares. <\/b>Algo que, en circunstancias normales, puede suponer un apuro, y cuyas complicaciones aumentan si hablamos de esas parentelas que nunca se ponen de acuerdo. Como el clan <b>Skywalker <\/b>de Star Wars, sin ir m\u00e1s lejos.\u00a0<\/p>\n<p class=\"c-paragraph\"><b>Mark Hamill, <\/b>el int\u00e9rprete de <b>Luke Skywalker, <\/b>nos ha dado una buena prueba de ello a trav\u00e9s de este v\u00eddeo difundido por <a href=\"https:\/\/www.yahoo.com\/entertainment\/celebrity\/articles\/star-wars-actor-stuns-darth-084809877.html?guccounter=1&amp;guce_referrer=aHR0cHM6Ly93d3cuZ29vZ2xlLmNvbS8&amp;guce_referrer_sig=AQAAAJzCbO-CkvcOp_hhQc5e7HKRB6ignyxJ5H4Yrtv-Lyb23PolNaZnj9Y9EoXR4WF-KxLAGzb5C2q4KMDibq9Fn7JY66Vu3q6ot-3eNPXZqQ-lidJTQiXpppc4GmU7ZfLHOMW6p_dcuCpSnqM12HHqUwxmMTbccndIjij9CniBHQ0M\" rel=\"nofollow noreferrer noopener\" target=\"_blank\">Yahoo!<\/a>, entre otros medios. Porque, aunque dijera adi\u00f3s a su personaje a la altura de Star Wars: Los \u00faltimos Jedi, el actor todav\u00eda siente resquemor por seg\u00fan qu\u00e9 cosas. Y c\u00f3mo culparle.<\/p>\n<p>As\u00ed ha sido el encuentro de Mark Hamill y Darth Vader<\/p>\n<p class=\"c-paragraph\">Recogido de forma accidental (o eso parece), el clip nos muestra el encuentro de Hamill con un cosplayer vestido de <b>Darth Vader <\/b>en el Paseo de la Fama de Hollywood Boulevard. A primera vista, nada fuera de lo com\u00fan: es razonable que un actor aparezca en un lugar tan concurrido de Los \u00c1ngeles, el cual suele estar lleno de individuos ataviados como personajes de cine.\u00a0<\/p>\n<p class=\"c-paragraph\">Pero la cosa se vuelve memorable cuando el actor, tras observar fijamente al Lord del Sith, exclama <b>\u00ab\u00a1Pap\u00e1, te tengo dicho que no me sigas al trabajo!\u00bb. <\/b>Algo comprensible, la verdad: que tu progenitor sea un padre ausente, que te corte una mano con el sable de luz o que haya pasado a la historia gal\u00e1ctica como un criminal de guerra, tiene un pase. Pero que te abochorne en p\u00fablico es la gota que colma el vaso.<\/p>\n<p class=\"c-paragraph\">Y, si pensabas que la situaci\u00f3n no pod\u00eda dar un giro m\u00e1s hilarante, te equivocas. Bien porque no le suena el rostro de Mark Hamill, a sus 74 a\u00f1os, bien porque ese casco hace dif\u00edcil reconocer a la gente, el imitador de Darth Vader sigue caminando como si tal cosa. Lo cual lleva al actor a preguntarse: <b>\u00ab\u00bfQu\u00e9 tiene que hacer uno para que le reconozcan por aqu\u00ed?\u00bb.<\/b><\/p>\n<p class=\"c-paragraph\">Tras a\u00f1os de luchar contra el encasillamiento debido a Star Wars, Hamill se ha convertido en un respetado actor de voz y en una personalidad de las redes sociales conocida por su sentido del humor y su hostilidad a <b>Donald Trump. <\/b>Solo que, de vez en cuando, demuestra que no ha superado ciertos traumas de El Imperio contraataca.\u00a0<\/p>\n","protected":false},"excerpt":{"rendered":"En estas fechas navide\u00f1as de celebraciones, uno de los aspectos m\u00e1s controvertidos suelen ser\u00a0las reuniones familiares. Algo que,&hellip;\n","protected":false},"author":2,"featured_media":309689,"comment_status":"","ping_status":"","sticky":false,"template":"","format":"standard","meta":{"footnotes":""},"categories":[169],"tags":[177,72992,146,147,25,24,176,70388,175,23,3186],"class_list":{"0":"post-309688","1":"post","2":"type-post","3":"status-publish","4":"format-standard","5":"has-post-thumbnail","7":"category-cine","8":"tag-cine","9":"tag-darth-vader","10":"tag-entertainment","11":"tag-entretenimiento","12":"tag-es","13":"tag-espana","14":"tag-film","15":"tag-mark-hamill","16":"tag-movies","17":"tag-spain","18":"tag-star-wars"},"share_on_mastodon":{"url":"https:\/\/pubeurope.com\/@es\/115790957065742033","error":""},"_links":{"self":[{"href":"https:\/\/www.europesays.com\/es\/wp-json\/wp\/v2\/posts\/309688","targetHints":{"allow":["GET"]}}],"collection":[{"href":"https:\/\/www.europesays.com\/es\/wp-json\/wp\/v2\/posts"}],"about":[{"href":"https:\/\/www.europesays.com\/es\/wp-json\/wp\/v2\/types\/post"}],"author":[{"embeddable":true,"href":"https:\/\/www.europesays.com\/es\/wp-json\/wp\/v2\/users\/2"}],"replies":[{"embeddable":true,"href":"https:\/\/www.europesays.com\/es\/wp-json\/wp\/v2\/comments?post=309688"}],"version-history":[{"count":0,"href":"https:\/\/www.europesays.com\/es\/wp-json\/wp\/v2\/posts\/309688\/revisions"}],"wp:featuredmedia":[{"embeddable":true,"href":"https:\/\/www.europesays.com\/es\/wp-json\/wp\/v2\/media\/309689"}],"wp:attachment":[{"href":"https:\/\/www.europesays.com\/es\/wp-json\/wp\/v2\/media?parent=309688"}],"wp:term":[{"taxonomy":"category","embeddable":true,"href":"https:\/\/www.europesays.com\/es\/wp-json\/wp\/v2\/categories?post=309688"},{"taxonomy":"post_tag","embeddable":true,"href":"https:\/\/www.europesays.com\/es\/wp-json\/wp\/v2\/tags?post=309688"}],"curies":[{"name":"wp","href":"https:\/\/api.w.org\/{rel}","templated":true}]}}