{"id":309714,"date":"2025-12-27T10:19:15","date_gmt":"2025-12-27T10:19:15","guid":{"rendered":"https:\/\/www.europesays.com\/es\/309714\/"},"modified":"2025-12-27T10:19:15","modified_gmt":"2025-12-27T10:19:15","slug":"muere-perry-bamonte-guitarrista-y-teclista-de-the-cure-a-los-65-anos-2","status":"publish","type":"post","link":"https:\/\/www.europesays.com\/es\/309714\/","title":{"rendered":"Muere Perry Bamonte, guitarrista y teclista de The Cure, a los 65 a\u00f1os"},"content":{"rendered":"<p class=\"ft-text\"><strong>Perry Bamonte<\/strong>, guitarrista y teclista del grupo brit\u00e1nico The Cure, <strong>ha muerto a los 65 a\u00f1os<\/strong> tras luchar contra una <strong>corta enfermedad en casa durante la Navidad<\/strong>. La banda ha comunicado la muerte del integrante en un sentido comunicado en el que lamentaban la p\u00e9rdida del \u00abcallado, intenso, intuitivo, constante y enormemente creativo &#8216;Teddy&#8217;, una parte c\u00e1lida y vital de la historia del grupo\u00bb.<\/p>\n<p class=\"ft-text\">Nacido en Londres en 1960, Bamonte se <strong>incorpor\u00f3 al mundo de The Cure<\/strong> como parte de su equipo de gira en 1984 a trav\u00e9s de su hermano Daryl, quien era el m\u00e1nager de gira de la banda. Hasta 1989 fue el encargado de \u00abcuidar de la banda\u00bb como asistente y personal t\u00e9cnico de guitarra del cantante Robert Smith antes de unirse oficialmente a The Cure en 1990, cuando pas\u00f3 a tiempo completo.<\/p>\n<p><img decoding=\"async\" src=\"https:\/\/www.europesays.com\/es\/wp-content\/uploads\/2025\/12\/6ff80b4d-582e-412d-b289-33711673cbba_alta-libre-aspect-ratio_default_0.jpg\" width=\"1200\" height=\"906\" alt=\"De izquierda a derecha, los miembros de The Cure Jason Cooper, Simon Gallup, Robert Smith, Roger O'Donnell y Perry Bamonte\" class=\"ft-helper-img-rd\" loading=\"lazy\"\/><\/p>\n<p class=\"ft-helper-fontColor-quaternary ft-helper-fontSize-body-S ft-helper-spacer-t-xxs\">De izquierda a derecha, los miembros de The Cure Jason Cooper, Simon Gallup, Robert Smith, Roger O&#8217;Donnell y Perry Bamonte  \/ CHRIS PIZZELLO \/ AP<\/p>\n<p class=\"ft-text\">Toc\u00f3 la guitarra, el bajo de seis cuerdas y los teclados en los \u00e1lbumes &#8216;Wish&#8217;, &#8216;Wild Mood Swings&#8217;, &#8216;Bloodflowers&#8217;, &#8216;Acoustic Hits&#8217; y The Cure, adem\u00e1s de <strong>ofrecer m\u00e1s de 400 conciertos a lo largo de 14 a\u00f1os<\/strong>.<\/p>\n<p class=\"ft-text\">Dej\u00f3 el grupo en 2005 <strong>despu\u00e9s de que Smith reconfigurara a The Cure como tr\u00edo<\/strong>, y en 2012 se uni\u00f3 a la banda Love Amongst Ruin antes de reunirse con The Cure para su incorporaci\u00f3n al Sal\u00f3n de la Fama del Rock and Roll en 2019.<\/p>\n<p class=\"ft-text\">En 2022 se reincorpor\u00f3 a The Cure, <strong>ofreciendo otros 90 conciertos<\/strong> en los que se incluyen algunos considerados de los mejores de la historia de la banda, seg\u00fan explica el grupo en el comunicado, que culminaron con el concierto &#8216;Show of a Lost World&#8217; en Londres, el 1 de noviembre de 2024.<\/p>\n<p class=\"ft-text\">The Cure no hab\u00eda confirmado ning\u00fan concierto en Espa\u00f1a para 2026, pero s\u00ed anunciaron su primera fecha en Europa dentro del festival<strong> Rock En Seine<\/strong>, ubicado en Par\u00eds, el pr\u00f3ximo 30 de agosto de 2026.<\/p>\n","protected":false},"excerpt":{"rendered":"Perry Bamonte, guitarrista y teclista del grupo brit\u00e1nico The Cure, ha muerto a los 65 a\u00f1os tras luchar&hellip;\n","protected":false},"author":2,"featured_media":309715,"comment_status":"","ping_status":"","sticky":false,"template":"","format":"standard","meta":{"footnotes":""},"categories":[174],"tags":[72904,8959,255,146,147,25,24,256,29538,8938,185,4009,8647,23,54710,19306],"class_list":{"0":"post-309714","1":"post","2":"type-post","3":"status-publish","4":"format-standard","5":"has-post-thumbnail","7":"category-famosos","8":"tag-bamonte","9":"tag-banda-britanica","10":"tag-celebrities","11":"tag-entertainment","12":"tag-entretenimiento","13":"tag-es","14":"tag-espana","15":"tag-famosos","16":"tag-guitarrista","17":"tag-muere","18":"tag-musica","19":"tag-obituario","20":"tag-perry","21":"tag-spain","22":"tag-teclista","23":"tag-the-cure"},"share_on_mastodon":{"url":"https:\/\/pubeurope.com\/@es\/115791028047518603","error":""},"_links":{"self":[{"href":"https:\/\/www.europesays.com\/es\/wp-json\/wp\/v2\/posts\/309714","targetHints":{"allow":["GET"]}}],"collection":[{"href":"https:\/\/www.europesays.com\/es\/wp-json\/wp\/v2\/posts"}],"about":[{"href":"https:\/\/www.europesays.com\/es\/wp-json\/wp\/v2\/types\/post"}],"author":[{"embeddable":true,"href":"https:\/\/www.europesays.com\/es\/wp-json\/wp\/v2\/users\/2"}],"replies":[{"embeddable":true,"href":"https:\/\/www.europesays.com\/es\/wp-json\/wp\/v2\/comments?post=309714"}],"version-history":[{"count":0,"href":"https:\/\/www.europesays.com\/es\/wp-json\/wp\/v2\/posts\/309714\/revisions"}],"wp:featuredmedia":[{"embeddable":true,"href":"https:\/\/www.europesays.com\/es\/wp-json\/wp\/v2\/media\/309715"}],"wp:attachment":[{"href":"https:\/\/www.europesays.com\/es\/wp-json\/wp\/v2\/media?parent=309714"}],"wp:term":[{"taxonomy":"category","embeddable":true,"href":"https:\/\/www.europesays.com\/es\/wp-json\/wp\/v2\/categories?post=309714"},{"taxonomy":"post_tag","embeddable":true,"href":"https:\/\/www.europesays.com\/es\/wp-json\/wp\/v2\/tags?post=309714"}],"curies":[{"name":"wp","href":"https:\/\/api.w.org\/{rel}","templated":true}]}}