{"id":309753,"date":"2025-12-27T10:46:16","date_gmt":"2025-12-27T10:46:16","guid":{"rendered":"https:\/\/www.europesays.com\/es\/309753\/"},"modified":"2025-12-27T10:46:16","modified_gmt":"2025-12-27T10:46:16","slug":"potries-candidata-a-capital-europea-de-la-cultura-2031","status":"publish","type":"post","link":"https:\/\/www.europesays.com\/es\/309753\/","title":{"rendered":"Potries, candidata a Capital Europea de la Cultura 2031"},"content":{"rendered":"<p>              <strong>TP<\/strong><\/p>\n<p><strong>En 2031 una localidad espa\u00f1ola ser\u00e1 la Capital Europea de la Cultura.<\/strong> Algunas de las ciudades que aspiran a este t\u00edtulo son Granada, Palma de Mallorca, Toledo, C\u00e1ceres, Oviedo o Jerez de la Frontera, entre otras. Y frente a ellas, tambi\u00e9n un municipio de apenas 1.000 habitantes: Potries, en la Comunidad Valenciana, que ya fue Capital Cultural Valenciana hace unos a\u00f1os.  <\/p>\n<p>Hablamos con el alcalde de Potries, <strong>Sergi Vidal<\/strong>, para conocer las principales fortalezas de esa candidatura. <\/p>\n","protected":false},"excerpt":{"rendered":"TP En 2031 una localidad espa\u00f1ola ser\u00e1 la Capital Europea de la Cultura. Algunas de las ciudades que&hellip;\n","protected":false},"author":2,"featured_media":309754,"comment_status":"","ping_status":"","sticky":false,"template":"","format":"standard","meta":{"footnotes":""},"categories":[170],"tags":[73000,146,147,25,24,71861,184,185,133,72999,1448,1986,1987,23],"class_list":{"0":"post-309753","1":"post","2":"type-post","3":"status-publish","4":"format-standard","5":"has-post-thumbnail","7":"category-musica","8":"tag-candidata-a-capital-europea-de-la-cultura-2031","9":"tag-entertainment","10":"tag-entretenimiento","11":"tag-es","12":"tag-espana","13":"tag-marca-espana","14":"tag-music","15":"tag-musica","16":"tag-online","17":"tag-potries","18":"tag-radio","19":"tag-rne","20":"tag-rtve-play","21":"tag-spain"},"share_on_mastodon":{"url":"https:\/\/pubeurope.com\/@es\/115791133803416758","error":""},"_links":{"self":[{"href":"https:\/\/www.europesays.com\/es\/wp-json\/wp\/v2\/posts\/309753","targetHints":{"allow":["GET"]}}],"collection":[{"href":"https:\/\/www.europesays.com\/es\/wp-json\/wp\/v2\/posts"}],"about":[{"href":"https:\/\/www.europesays.com\/es\/wp-json\/wp\/v2\/types\/post"}],"author":[{"embeddable":true,"href":"https:\/\/www.europesays.com\/es\/wp-json\/wp\/v2\/users\/2"}],"replies":[{"embeddable":true,"href":"https:\/\/www.europesays.com\/es\/wp-json\/wp\/v2\/comments?post=309753"}],"version-history":[{"count":0,"href":"https:\/\/www.europesays.com\/es\/wp-json\/wp\/v2\/posts\/309753\/revisions"}],"wp:featuredmedia":[{"embeddable":true,"href":"https:\/\/www.europesays.com\/es\/wp-json\/wp\/v2\/media\/309754"}],"wp:attachment":[{"href":"https:\/\/www.europesays.com\/es\/wp-json\/wp\/v2\/media?parent=309753"}],"wp:term":[{"taxonomy":"category","embeddable":true,"href":"https:\/\/www.europesays.com\/es\/wp-json\/wp\/v2\/categories?post=309753"},{"taxonomy":"post_tag","embeddable":true,"href":"https:\/\/www.europesays.com\/es\/wp-json\/wp\/v2\/tags?post=309753"}],"curies":[{"name":"wp","href":"https:\/\/api.w.org\/{rel}","templated":true}]}}