{"id":309758,"date":"2025-12-27T10:49:10","date_gmt":"2025-12-27T10:49:10","guid":{"rendered":"https:\/\/www.europesays.com\/es\/309758\/"},"modified":"2025-12-27T10:49:10","modified_gmt":"2025-12-27T10:49:10","slug":"los-cardiologos-alertan-sobre-la-nicotina-si-no-actuamos-nos-enfrentaremos-a-la-mayor-ola-de-adiccion-desde-la-decada-de-1950-la-voz-de-galicia","status":"publish","type":"post","link":"https:\/\/www.europesays.com\/es\/309758\/","title":{"rendered":"Los cardi\u00f3logos alertan sobre la nicotina: \u00abSi no actuamos, nos enfrentaremos a la mayor ola de adicci\u00f3n desde la d\u00e9cada de 1950\u00bb &#8211; La Voz de Galicia"},"content":{"rendered":"<ol>\n<li><a href=\"https:\/\/news.google.com\/rss\/articles\/CBMioAJBVV95cUxNV3owRm42OUtRcExjWUtSZFdfdWZFZENvM0ZnT0YyM0pJV0xJTnBLODZJbGVRSjVQdU1XelFDQnhZU2wwelg0eW5wYmNhVVFLdDlBSTNfd2lpZUN4TkMxYmxCaUJoZ28tMDZ4WjdsUG5WVllxOGhiQ3pnYUVfU2NTdzg2VGFjY1c5clBHdGRtUUJiTVdFN015UTVXTFh2RWE1c1lyWmFTcFA0S0luX2xiaGQ4UXlld3Z0T3dDUTJuS2VmN3dDR1UxNFlob3pZUzVKUE4wYUtxcnc5MFhMUGdwSmlZalMyWVlWdWV6M09WNFFUWm5GbVRUQXo4am1vRU5zd2xIVDUxSFVLS2IxSk9VYWtvdFM5eFRmM3FuZkE2dFXSAaYCQVVfeXFMT0loTlhJbzlURnN1YWk0Q01mYkxDMkc0VVk4WUwyOExrc0pucEpjNGY2VzhZbC1VZWNSTW90M2toQjVmbTNISVhabVltYzRHTnM1OGJEMEcwVzF4VXJoWUFkTjJmQ3Z6SnNqY3c2SVRTZ0pFdlc2aG82ZkdjeGJ5QUhZZzNJVEoxSHRPNmZRanFiUTFWXzh0RXdzYThMM0tZb0ZRdHdRRnNKcnFQTXBpb1pyT3lNai1xTlh4Y1g4anVKem1YS2JwUlpyREY4UGtZLXVSRUpyUmhDTS0yNEJkdHN6VmFEcmJxVTdyTzltODJ5TEVmWkFhdkhXZ1VlMHdFTnd3WExPbm5oQ1hlQ2VjVmR2V1J4ZmZudUZ1Y1RoWmYyQXBrM1FR?oc=5\" target=\"_blank\" rel=\"nofollow noopener\">Los cardi\u00f3logos alertan sobre la nicotina: \u00abSi no actuamos, nos enfrentaremos a la mayor ola de adicci\u00f3n desde la d\u00e9cada de 1950\u00bb<\/a>&nbsp;&nbsp;La Voz de Galicia<\/li>\n<li><a href=\"https:\/\/news.google.com\/rss\/articles\/CBMijgFBVV95cUxOdWdVM1BibHRqQmk3aVhxUmNIZDF4T21QWmtzWk9YRFFOOENIMmNGZTlkem5XTWRySV9FTTlTUEc2dkx2MW5ZSmUtN1RqcGNSdnFMLVpHeW5RdUhsYzIyZGVVSUZYOG5tNmJPX2REal9HbV9za0Y2dFk5NG1SZDd5dWJ4cm1vekF3djVxQlVn0gGOAUFVX3lxTFBzQlh1amdHSjlSLU9lU21GR2dfR1pjeGI5M21kQ1Y1QnV5TU5DQU9TVm9PdXN3RkZ6NjB6RWVxM0lOTnhIU3BOY1BjRmozbHBaYnRIYjJ5dnFORXZhMzllYWtlTjJIamdicnhXNVloOTJvcExrVEJBUVdCRGVpVFZybzdfNm9lejFpU2NGc2c?oc=5\" target=\"_blank\" rel=\"nofollow noopener\">Los cardi\u00f3logos alertan de que cualquier tipo de consumo de la nicotina perjudica al coraz\u00f3n y a los vasos sangu\u00edneos<\/a>&nbsp;&nbsp;El Mundo<\/li>\n<li><a href=\"https:\/\/news.google.com\/rss\/articles\/CBMimwFBVV95cUxOY0JEc0t4VlNpY2RIeFdlMlVKZS12aUhtTDBCWF92QTBtMmJvcU1xRWMwM2dsZ1c0QnVNc2kzZm9nOXdPYU9GaElWcmg4QlcyWWQtMHlYNmE2WEd1SmhGVGRsWk9rUlNOR1I2dHlXMFF1c1plX0JrcFV2NUp6Y0xXdjV4Y0VwU193MlVPNk5YRGFhbmpmUnAta0VkUQ?oc=5\" target=\"_blank\" rel=\"nofollow noopener\">Galicia, frente al reto de la nicotina entre adolescentes<\/a>&nbsp;&nbsp;La Regi\u00f3n<\/li>\n<\/ol>\n","protected":false},"excerpt":{"rendered":"Los cardi\u00f3logos alertan sobre la nicotina: \u00abSi no actuamos, nos enfrentaremos a la mayor ola de adicci\u00f3n desde&hellip;\n","protected":false},"author":2,"featured_media":309759,"comment_status":"","ping_status":"","sticky":false,"template":"","format":"standard","meta":{"footnotes":""},"categories":[92],"tags":[25,24,165,12369,166,23],"class_list":{"0":"post-309758","1":"post","2":"type-post","3":"status-publish","4":"format-standard","5":"has-post-thumbnail","7":"category-salud","8":"tag-es","9":"tag-espana","10":"tag-health","11":"tag-ictus","12":"tag-salud","13":"tag-spain"},"share_on_mastodon":{"url":"https:\/\/pubeurope.com\/@es\/115791145732974027","error":""},"_links":{"self":[{"href":"https:\/\/www.europesays.com\/es\/wp-json\/wp\/v2\/posts\/309758","targetHints":{"allow":["GET"]}}],"collection":[{"href":"https:\/\/www.europesays.com\/es\/wp-json\/wp\/v2\/posts"}],"about":[{"href":"https:\/\/www.europesays.com\/es\/wp-json\/wp\/v2\/types\/post"}],"author":[{"embeddable":true,"href":"https:\/\/www.europesays.com\/es\/wp-json\/wp\/v2\/users\/2"}],"replies":[{"embeddable":true,"href":"https:\/\/www.europesays.com\/es\/wp-json\/wp\/v2\/comments?post=309758"}],"version-history":[{"count":0,"href":"https:\/\/www.europesays.com\/es\/wp-json\/wp\/v2\/posts\/309758\/revisions"}],"wp:featuredmedia":[{"embeddable":true,"href":"https:\/\/www.europesays.com\/es\/wp-json\/wp\/v2\/media\/309759"}],"wp:attachment":[{"href":"https:\/\/www.europesays.com\/es\/wp-json\/wp\/v2\/media?parent=309758"}],"wp:term":[{"taxonomy":"category","embeddable":true,"href":"https:\/\/www.europesays.com\/es\/wp-json\/wp\/v2\/categories?post=309758"},{"taxonomy":"post_tag","embeddable":true,"href":"https:\/\/www.europesays.com\/es\/wp-json\/wp\/v2\/tags?post=309758"}],"curies":[{"name":"wp","href":"https:\/\/api.w.org\/{rel}","templated":true}]}}