{"id":309778,"date":"2025-12-27T11:05:22","date_gmt":"2025-12-27T11:05:22","guid":{"rendered":"https:\/\/www.europesays.com\/es\/309778\/"},"modified":"2025-12-27T11:05:22","modified_gmt":"2025-12-27T11:05:22","slug":"martin-ortega-compartio-la-navidad-con-su-familia-tras-seis-meses-de-internacion-pan-dulce-abrazos-y-mucho-amor","status":"publish","type":"post","link":"https:\/\/www.europesays.com\/es\/309778\/","title":{"rendered":"Mart\u00edn Ortega comparti\u00f3 la Navidad con su familia tras seis meses de internaci\u00f3n: pan dulce, abrazos y mucho amor"},"content":{"rendered":"<p><img alt=\"Julieta Ortega comparti\u00f3 el detr\u00e1s\" class=\"global-image\" decoding=\"async\" fetchpriority=\"high\" height=\"608\" loading=\"eager\" src=\"https:\/\/www.europesays.com\/es\/wp-content\/uploads\/2025\/12\/2ZL5IVUODBDTHHYOIGQSU5FRMQ.jpg\" width=\"1080\"\/>Julieta Ortega comparti\u00f3 el detr\u00e1s de escena de sus fiestas junto a sus seres queridos: \u00abFeliz Navidad, de mi familia a la de todos ustedes\u00bb<\/p>\n<p class=\"paragraph\">A seis meses de atravesar uno de los momentos m\u00e1s sensibles de su vida, <a href=\"https:\/\/www.infobae.com\/tag\/martin-ortega\/\" target=\"_blank\" rel=\"noreferrer nofollow noopener\" title=\"https:\/\/www.infobae.com\/tag\/martin-ortega\/\"><b>Mart\u00edn Ortega<\/b><\/a>, hijo de<a href=\"https:\/\/www.infobae.com\/tag\/palito-ortega\/\" target=\"_blank\" rel=\"noreferrer nofollow noopener\" title=\"https:\/\/www.infobae.com\/tag\/palito-ortega\/\"> <b>Palito Ortega<\/b> <\/a>y <b>Evangelina Salazar<\/b>, regres\u00f3 a la tradicional celebraci\u00f3n de <b>Navidad<\/b> con su familia luego de seis meses de <b>internaci\u00f3n<\/b> para tratar adicciones. Su presencia marc\u00f3 la primera aparici\u00f3n en una festividad junto a sus seres queridos tras ese proceso de recuperaci\u00f3n.<\/p>\n<p><img alt=\"La imagen de Mart\u00edn Ortega\" class=\"global-image\" decoding=\"async\" fetchpriority=\"low\" height=\"1082\" loading=\"lazy\" src=\"https:\/\/www.europesays.com\/es\/wp-content\/uploads\/2025\/12\/F3ZJ32PCPNENBGKJYCSZSIFEKU.jpg\" width=\"1080\"\/>La imagen de Mart\u00edn Ortega charlando con su padre, Palito, en el living de su casa (Instagram)<\/p>\n<p class=\"paragraph\">La Nochebuena del <b>clan Ortega<\/b> se desarroll\u00f3 en un ambiente \u00edntimo, con un <b>dress code<\/b> en blanco y negro que reflej\u00f3 el estilo cl\u00e1sico y elegante de la familia. Los lazos intergeneracionales se hicieron presentes, ya que hijos, nietos y parejas participaron de la velada, fortaleciendo la uni\u00f3n del grupo.<\/p>\n<p><img alt=\"Julieta Ortega junto a su\" class=\"global-image\" decoding=\"async\" fetchpriority=\"low\" height=\"1082\" loading=\"lazy\" src=\"https:\/\/www.europesays.com\/es\/wp-content\/uploads\/2025\/12\/6UBVDUDYNBDRPJL7RSW7AZ37AA.jpg\" width=\"1080\"\/>Julieta Ortega junto a su hermana y su padre en la fiesta navide\u00f1a (Instagram)<\/p>\n<p class=\"paragraph\">El regreso de <b>Mart\u00edn<\/b> fue el hecho m\u00e1s relevante de la reuni\u00f3n. En las im\u00e1genes difundidas, se lo ve sonriente junto a su hermana <b>Julieta Ortega<\/b> y compartiendo un momento de cercan\u00eda con su padre <b>Palito<\/b>, en un clima de afecto y acompa\u00f1amiento.<\/p>\n<p><img alt=\"Julieta Ortega comparti\u00f3 el detr\u00e1s\" class=\"global-image\" decoding=\"async\" fetchpriority=\"low\" height=\"1082\" loading=\"lazy\" src=\"https:\/\/www.europesays.com\/es\/wp-content\/uploads\/2025\/12\/RBWHXCSPLRAOFHOVG45KJN7YQ4.jpg\" width=\"1080\"\/>Julieta Ortega comparti\u00f3 el detr\u00e1s de escena de sus fiestas junto a sus seres queridos: \u00abFeliz Navidad, de mi familia a la de todos ustedes\u00bb (Instagram)<\/p>\n<p class=\"paragraph\">Justamente, la actriz comparti\u00f3 el detr\u00e1s de escena de dicha noche a trav\u00e9s de un carrusel de im\u00e1genes. De esta manera, la artista abri\u00f3 la puerta de la intimidad familiar ante sus 346 mil seguidores. \u201c<b>Feliz navidad, de mi familia la de todos ustedes<\/b>\u201d, escribi\u00f3 junto a emojis de \u00e1rboles de Navidad y una paloma blanca. En otra de las im\u00e1genes se la ve a Julieta sonriendo a la c\u00e1mara junto a Mart\u00edn.<\/p>\n<p>El divertido video de Evangelina Salazar mostrando todo su glamour en la Navidad de la familia Ortega<\/p>\n<p class=\"paragraph\">En la portada del carrusel se la ve\u00eda a ella, junto a su padre y su hermana Rosario, posando ante la c\u00e1mara en el living de la casa. En la siguiente publicaci\u00f3n, Salazar dialogaba con Zenere, sentadas c\u00f3modamente en el sill\u00f3n.<\/p>\n<p><img alt=\"El amor entre Dante Ortega\" class=\"global-image\" decoding=\"async\" fetchpriority=\"low\" height=\"1082\" loading=\"lazy\" src=\"https:\/\/www.europesays.com\/es\/wp-content\/uploads\/2025\/12\/YQ57I4V7BFCOZATNZDMYX5BREM.jpg\" width=\"1080\"\/>El amor entre Dante Ortega y su abuela en la cena familiar (Instagram)<\/p>\n<p class=\"paragraph\">Otra de las tiernas im\u00e1genes mostraba el amor entre Dante Ortega y su abuela. Mientras ella se preparaba para cortar un pan dulce, con el cuchillo en la mano, el joven la abrazaba y sonre\u00eda. <\/p>\n<p class=\"paragraph\">La presencia de nuevas parejas, como <b>Valentina Zenere<\/b> (actual pareja de <b>Sebasti\u00e1n Ortega<\/b>), y de nietos como <b>Benito Noble<\/b>, hijo de <b>Julieta<\/b>, se sum\u00f3 al encuentro, subrayando la capacidad del n\u00facleo para integrar nuevos v\u00ednculos y generaciones. Abrazos, gestos de afecto y la convivencia reforzaron el mensaje de apoyo y resiliencia que distingue al grupo Ortega.<\/p>\n<p><img alt=\"Valentina Zenere junto a Evangelina\" class=\"global-image\" decoding=\"async\" fetchpriority=\"low\" height=\"1082\" loading=\"lazy\" src=\"https:\/\/www.europesays.com\/es\/wp-content\/uploads\/2025\/12\/ZH6FDKUCVJDPRNSYXY6X7YLZ2M.jpg\" width=\"1080\"\/>Valentina Zenere junto a Evangelina Salazar (Instagram)<\/p>\n<p class=\"paragraph\">La imagen navide\u00f1a del clan Ortega, con Mart\u00edn rodeado de su familia, simboliza la posibilidad de dejar atr\u00e1s etapas dif\u00edciles y sostiene el valor de los lazos familiares durante los procesos de cambio y recuperaci\u00f3n. El caso de <b>Mart\u00edn Ortega<\/b> ofrece una perspectiva esperanzadora sobre la importancia del sost\u00e9n emocional y la oportunidad de nuevos comienzos.<\/p>\n<p class=\"paragraph\">Su internaci\u00f3n comenz\u00f3 en junio, en una cl\u00ednica de rehabilitaci\u00f3n dedicada a tratar adicciones. El ingreso, previsto inicialmente para cuatro meses, se extendi\u00f3 a seis con el objetivo de completar el proceso de recuperaci\u00f3n. Durante ese tiempo, la familia eligi\u00f3 el bajo perfil y una contenci\u00f3n discreta, limitando la exposici\u00f3n p\u00fablica y permitiendo a Mart\u00edn enfocarse en su tratamiento.<\/p>\n<p><img alt=\"Julieta Ortega mostr\u00f3 el detr\u00e1s\" class=\"global-image\" decoding=\"async\" fetchpriority=\"low\" height=\"1082\" loading=\"lazy\" src=\"https:\/\/www.europesays.com\/es\/wp-content\/uploads\/2025\/12\/CQZY2WMMNRFAVAHWZPY53YUY4E.jpg\" width=\"1080\"\/>Julieta Ortega mostr\u00f3 el detr\u00e1s de escena de sus fiestas junto a sus seres queridos (Instagram)<\/p>\n<p class=\"paragraph\">La reintegraci\u00f3n de <b>Mart\u00edn Ortega<\/b> al entorno familiar tuvo un primer anticipo doce d\u00edas antes de la <b>Navidad<\/b>, cuando asisti\u00f3 al cumplea\u00f1os de su hermana <b>Rosario Ortega<\/b>. Ese evento, realizado al aire libre y documentado en redes sociales, reuni\u00f3 a hermanos, sobrinos y allegados, dando cuenta de la camarader\u00eda y el afecto que acompa\u00f1aron los meses de recuperaci\u00f3n. La decisi\u00f3n de Mart\u00edn de aceptar el tratamiento fue un punto de inflexi\u00f3n, destacada en an\u00e1lisis period\u00edsticos como un acto de voluntad clave: \u201cEsta fue la primera vez que, seg\u00fan me contaron, \u2018abre la puerta\u2019 y dice \u2018s\u00ed, estoy para hacer un tratamiento\u2019\u201d.<\/p>\n<p class=\"paragraph\">Durante el proceso, el entorno familiar acompa\u00f1\u00f3 en silencio, limitando las declaraciones p\u00fablicas y priorizando el apoyo interno. <b>Julieta Ortega<\/b> asumi\u00f3 el rol de comunicadora visible, eligiendo cu\u00e1ndo y c\u00f3mo compartir informaci\u00f3n sobre la situaci\u00f3n de su hermano.<\/p>\n","protected":false},"excerpt":{"rendered":"Julieta Ortega comparti\u00f3 el detr\u00e1s de escena de sus fiestas junto a sus seres queridos: \u00abFeliz Navidad, de&hellip;\n","protected":false},"author":2,"featured_media":309779,"comment_status":"","ping_status":"","sticky":false,"template":"","format":"standard","meta":{"footnotes":""},"categories":[174],"tags":[255,146,147,25,24,256,23],"class_list":{"0":"post-309778","1":"post","2":"type-post","3":"status-publish","4":"format-standard","5":"has-post-thumbnail","7":"category-famosos","8":"tag-celebrities","9":"tag-entertainment","10":"tag-entretenimiento","11":"tag-es","12":"tag-espana","13":"tag-famosos","14":"tag-spain"},"share_on_mastodon":{"url":"https:\/\/pubeurope.com\/@es\/115791208773899312","error":""},"_links":{"self":[{"href":"https:\/\/www.europesays.com\/es\/wp-json\/wp\/v2\/posts\/309778","targetHints":{"allow":["GET"]}}],"collection":[{"href":"https:\/\/www.europesays.com\/es\/wp-json\/wp\/v2\/posts"}],"about":[{"href":"https:\/\/www.europesays.com\/es\/wp-json\/wp\/v2\/types\/post"}],"author":[{"embeddable":true,"href":"https:\/\/www.europesays.com\/es\/wp-json\/wp\/v2\/users\/2"}],"replies":[{"embeddable":true,"href":"https:\/\/www.europesays.com\/es\/wp-json\/wp\/v2\/comments?post=309778"}],"version-history":[{"count":0,"href":"https:\/\/www.europesays.com\/es\/wp-json\/wp\/v2\/posts\/309778\/revisions"}],"wp:featuredmedia":[{"embeddable":true,"href":"https:\/\/www.europesays.com\/es\/wp-json\/wp\/v2\/media\/309779"}],"wp:attachment":[{"href":"https:\/\/www.europesays.com\/es\/wp-json\/wp\/v2\/media?parent=309778"}],"wp:term":[{"taxonomy":"category","embeddable":true,"href":"https:\/\/www.europesays.com\/es\/wp-json\/wp\/v2\/categories?post=309778"},{"taxonomy":"post_tag","embeddable":true,"href":"https:\/\/www.europesays.com\/es\/wp-json\/wp\/v2\/tags?post=309778"}],"curies":[{"name":"wp","href":"https:\/\/api.w.org\/{rel}","templated":true}]}}