{"id":309788,"date":"2025-12-27T11:12:16","date_gmt":"2025-12-27T11:12:16","guid":{"rendered":"https:\/\/www.europesays.com\/es\/309788\/"},"modified":"2025-12-27T11:12:16","modified_gmt":"2025-12-27T11:12:16","slug":"gripe-santiago-galicia-la-incidencia-de-la-gripe-no-cede-en-santiago-pese-a-disminuir-en-galicia","status":"publish","type":"post","link":"https:\/\/www.europesays.com\/es\/309788\/","title":{"rendered":"GRIPE SANTIAGO GALICIA | La incidencia de la gripe no cede en Santiago pese a disminuir en Galicia"},"content":{"rendered":"<p class=\"ft-text\">La actividad gripal en <a class=\"ft-link ft-link--decoration\" href=\"https:\/\/www.elcorreogallego.es\/tags\/galicia\/\" rel=\"nofollow noopener\" target=\"_blank\">Galicia<\/a> muestra una tendencia descendente seg\u00fan los \u00faltimos datos de la <a class=\"ft-link ft-link--decoration\" href=\"https:\/\/www.elcorreogallego.es\/tags\/conselleria-de-sanidad\/\" rel=\"nofollow noopener\" target=\"_blank\">Conseller\u00eda de Sanidade<\/a>, alcanzando ya el pico de la temporada. Sin embargo,<a class=\"ft-link ft-link--decoration\" href=\"https:\/\/www.elcorreogallego.es\/tags\/santiago\/\" rel=\"nofollow noopener\" target=\"_blank\"> Santiago<\/a> se mantiene como <strong>la \u00fanica \u00e1rea sanitaria donde la incidencia no disminuye<\/strong>, generando especial atenci\u00f3n de las autoridades sanitarias.<\/p>\n<p class=\"ft-text\">Seg\u00fan el informe de la Conseller\u00eda de Sanidade correspondiente a la semana del 15 al 21 de diciembre, la tasa de consultas por gripe en atenci\u00f3n primaria <strong>descendi\u00f3 un 5 % respecto a la semana anterior<\/strong>, situ\u00e1ndose en 103,7 consultas por cada 100.000 habitantes.<strong> Los grupos m\u00e1s afectados contin\u00faan siendo los ni\u00f1os de 0 a 4 a\u00f1os<\/strong>, con 250,3 consultas por 100.000 habitantes, y los j\u00f3venes de 5 a 19 a\u00f1os, con 155,4 consultas por 100.000 habitantes.<\/p>\n<p class=\"ft-text\">En cuanto a los ingresos hospitalarios, <strong>la cifra baj\u00f3 un 12,6 %<\/strong>, pasando de 387 a 339 personas con gripe confirmada. El descenso fue generalizado en todos los grupos de edad, destacando una <strong>reducci\u00f3n del 77,7 % en el grupo de 0 a 4 a\u00f1os<\/strong>. Los mayores de 80 a\u00f1os contin\u00faan registrando la tasa m\u00e1s alta de ingresos (63,6 por 100.000 habitantes), aunque tambi\u00e9n con una ca\u00edda del 50 % respecto a la semana 50.<\/p>\n<p class=\"ft-text\">Mientras todas las \u00e1reas sanitarias de Galicia registran un descenso de la incidencia y de los ingresos<strong>, el \u00e1rea sanitaria de la capital gallega mantiene sus tasas estables, convirti\u00e9ndose en el \u00fanico territorio donde la actividad gripal no muestra signos de retroceso<\/strong>. Ourense, por su parte, registra un incremento del 25,3 % en ingresos. Desde la Conseller\u00eda de Sanidade se insiste en<strong> extremar las precauciones<\/strong> y vigilar especialmente los centros de salud y hospitales de Santiago ante la estabilidad de los casos.<\/p>\n<p class=\"ft-text\">A pesar de la tendencia decreciente, la Conseller\u00eda recuerda la <strong>importancia del uso de mascarilla<\/strong>, incluso en ausencia de s\u00edntomas, en centros de salud, puntos de atenci\u00f3n continuada y urgencias hospitalarias. Tambi\u00e9n se recomienda <strong>mantener la protecci\u00f3n en unidades con pacientes vulnerables<\/strong>, como cuidados intensivos, reanimaci\u00f3n, pacientes oncol\u00f3gicos, hematol\u00f3gicos, transplantados y en hospitales de d\u00eda.<\/p>\n<p class=\"ft-text\">Adem\u00e1s, la red de farmacias sentinela que colabora con la Conseller\u00eda reporta descensos en la dispensaci\u00f3n de antigripales (-9,6 %) y en pruebas de ant\u00edgenos (-5,1 %), confirmando <strong>la tendencia general a la baja en toda Galicia<\/strong>, salvo en la capital gallega.<\/p>\n","protected":false},"excerpt":{"rendered":"La actividad gripal en Galicia muestra una tendencia descendente seg\u00fan los \u00faltimos datos de la Conseller\u00eda de Sanidade,&hellip;\n","protected":false},"author":2,"featured_media":309789,"comment_status":"","ping_status":"","sticky":false,"template":"","format":"standard","meta":{"footnotes":""},"categories":[92],"tags":[6814,3226,6258,25,24,816,7749,165,2273,1156,5007,166,64145,2450,23,7247],"class_list":{"0":"post-309788","1":"post","2":"type-post","3":"status-publish","4":"format-standard","5":"has-post-thumbnail","7":"category-salud","8":"tag-baja","9":"tag-cede","10":"tag-descenso","11":"tag-es","12":"tag-espana","13":"tag-galicia","14":"tag-gripe","15":"tag-health","16":"tag-incidencia","17":"tag-muestra","18":"tag-pese","19":"tag-salud","20":"tag-sanidade","21":"tag-santiago","22":"tag-spain","23":"tag-sube"},"share_on_mastodon":{"url":"https:\/\/pubeurope.com\/@es\/115791236038865676","error":""},"_links":{"self":[{"href":"https:\/\/www.europesays.com\/es\/wp-json\/wp\/v2\/posts\/309788","targetHints":{"allow":["GET"]}}],"collection":[{"href":"https:\/\/www.europesays.com\/es\/wp-json\/wp\/v2\/posts"}],"about":[{"href":"https:\/\/www.europesays.com\/es\/wp-json\/wp\/v2\/types\/post"}],"author":[{"embeddable":true,"href":"https:\/\/www.europesays.com\/es\/wp-json\/wp\/v2\/users\/2"}],"replies":[{"embeddable":true,"href":"https:\/\/www.europesays.com\/es\/wp-json\/wp\/v2\/comments?post=309788"}],"version-history":[{"count":0,"href":"https:\/\/www.europesays.com\/es\/wp-json\/wp\/v2\/posts\/309788\/revisions"}],"wp:featuredmedia":[{"embeddable":true,"href":"https:\/\/www.europesays.com\/es\/wp-json\/wp\/v2\/media\/309789"}],"wp:attachment":[{"href":"https:\/\/www.europesays.com\/es\/wp-json\/wp\/v2\/media?parent=309788"}],"wp:term":[{"taxonomy":"category","embeddable":true,"href":"https:\/\/www.europesays.com\/es\/wp-json\/wp\/v2\/categories?post=309788"},{"taxonomy":"post_tag","embeddable":true,"href":"https:\/\/www.europesays.com\/es\/wp-json\/wp\/v2\/tags?post=309788"}],"curies":[{"name":"wp","href":"https:\/\/api.w.org\/{rel}","templated":true}]}}