{"id":309800,"date":"2025-12-27T11:18:11","date_gmt":"2025-12-27T11:18:11","guid":{"rendered":"https:\/\/www.europesays.com\/es\/309800\/"},"modified":"2025-12-27T11:18:11","modified_gmt":"2025-12-27T11:18:11","slug":"la-comunidad-de-madrid-invertira-403-millones-de-euros-a-la-conservacion-de-sus-mas-de-2-500-kilometros-de-carreteras-durante-los-dos-proximos-anos","status":"publish","type":"post","link":"https:\/\/www.europesays.com\/es\/309800\/","title":{"rendered":"La Comunidad de Madrid invertir\u00e1 40,3 millones de euros a la conservaci\u00f3n de sus m\u00e1s de 2.500 kil\u00f3metros de carreteras durante los dos pr\u00f3ximos a\u00f1os"},"content":{"rendered":"<p>Con esta decisi\u00f3n, el Ejecutivo auton\u00f3mico refuerza su compromiso con la seguridad vial, al considerar prioritarias estas actuaciones que permiten garantizar unas condiciones \u00f3ptimas de circulaci\u00f3n. Se trata de trabajos peri\u00f3dicos orientados a paliar el desgaste provocado por el tr\u00e1fico, especialmente el generado por los veh\u00edculos pesados, que suponen de media m\u00e1s del 8% del tr\u00e1nsito total.<\/p>\n<p>Dada la amplia extensi\u00f3n de la red, la Direcci\u00f3n General de Carreteras organiza estas intervenciones en ocho \u00e1reas territoriales, lo que permite una gesti\u00f3n m\u00e1s eficaz de los recursos. De este modo, se act\u00faa en los \u00e1mbitos noroeste, norte, nordeste, este, sureste, sur, oeste central y oeste.<\/p>\n<p>Con los \u00faltimos datos disponibles, la intensidad media diaria en toda la regi\u00f3n se sit\u00faa cercana a los 9.000 veh\u00edculos, englobando las v\u00edas de la red principal, secundaria y local. No obstante, algunos tramos de las infraestructuras m\u00e1s demandadas como la M-45 est\u00e1n por encima de los 125.000 al d\u00eda.<\/p>\n<p>La conservaci\u00f3n y mantenimiento de las v\u00edas forma parte de las actuaciones recogidas en el plan de la Comunidad de Madrid para modernizar y reforzar la red, al que se destinar\u00e1n 234,5 millones de euros el pr\u00f3ximo a\u00f1o, como se incluye en la Ley de Presupuestos Generales.<\/p>\n","protected":false},"excerpt":{"rendered":"Con esta decisi\u00f3n, el Ejecutivo auton\u00f3mico refuerza su compromiso con la seguridad vial, al considerar prioritarias estas actuaciones&hellip;\n","protected":false},"author":2,"featured_media":309801,"comment_status":"","ping_status":"","sticky":false,"template":"","format":"standard","meta":{"footnotes":""},"categories":[5],"tags":[17,18,25,24,13,14,11,19,20,9,10,15,16,23,12,21,22],"class_list":{"0":"post-309800","1":"post","2":"type-post","3":"status-publish","4":"format-standard","5":"has-post-thumbnail","7":"category-titulares","8":"tag-breaking-news","9":"tag-breakingnews","10":"tag-es","11":"tag-espana","12":"tag-featured-news","13":"tag-featurednews","14":"tag-headlines","15":"tag-latest-news","16":"tag-latestnews","17":"tag-news","18":"tag-noticias","19":"tag-noticias-destacadas","20":"tag-noticiasdestacadas","21":"tag-spain","22":"tag-titulares","23":"tag-ultimas-noticias","24":"tag-ultimasnoticias"},"share_on_mastodon":{"url":"https:\/\/pubeurope.com\/@es\/115791259461905719","error":""},"_links":{"self":[{"href":"https:\/\/www.europesays.com\/es\/wp-json\/wp\/v2\/posts\/309800","targetHints":{"allow":["GET"]}}],"collection":[{"href":"https:\/\/www.europesays.com\/es\/wp-json\/wp\/v2\/posts"}],"about":[{"href":"https:\/\/www.europesays.com\/es\/wp-json\/wp\/v2\/types\/post"}],"author":[{"embeddable":true,"href":"https:\/\/www.europesays.com\/es\/wp-json\/wp\/v2\/users\/2"}],"replies":[{"embeddable":true,"href":"https:\/\/www.europesays.com\/es\/wp-json\/wp\/v2\/comments?post=309800"}],"version-history":[{"count":0,"href":"https:\/\/www.europesays.com\/es\/wp-json\/wp\/v2\/posts\/309800\/revisions"}],"wp:featuredmedia":[{"embeddable":true,"href":"https:\/\/www.europesays.com\/es\/wp-json\/wp\/v2\/media\/309801"}],"wp:attachment":[{"href":"https:\/\/www.europesays.com\/es\/wp-json\/wp\/v2\/media?parent=309800"}],"wp:term":[{"taxonomy":"category","embeddable":true,"href":"https:\/\/www.europesays.com\/es\/wp-json\/wp\/v2\/categories?post=309800"},{"taxonomy":"post_tag","embeddable":true,"href":"https:\/\/www.europesays.com\/es\/wp-json\/wp\/v2\/tags?post=309800"}],"curies":[{"name":"wp","href":"https:\/\/api.w.org\/{rel}","templated":true}]}}