{"id":309808,"date":"2025-12-27T11:29:08","date_gmt":"2025-12-27T11:29:08","guid":{"rendered":"https:\/\/www.europesays.com\/es\/309808\/"},"modified":"2025-12-27T11:29:08","modified_gmt":"2025-12-27T11:29:08","slug":"este-es-el-nuevo-rascacielos-a-la-entrada-de-barcelona-del-que-todos-hablan","status":"publish","type":"post","link":"https:\/\/www.europesays.com\/es\/309808\/","title":{"rendered":"Este es el nuevo rascacielos a la entrada de Barcelona del que todos hablan"},"content":{"rendered":"<p class=\"c-paragraph\">Casi 100 metros de altura <b>obligan a desviar la mirada<\/b>, en los \u00faltimos d\u00edas, a la entrada sur de Barcelona por la Diagonal, vinculado al empresario <a href=\"https:\/\/www.20minutos.es\/lainformacion\/economia-y-finanzas\/jose-elias-nuevo-proyecto-empresarial-hara-fortuna-5677589\/\" rel=\"nofollow noopener\" target=\"_blank\">Jose El\u00edas<\/a>. En el barrio de Finestrelles de Esplugues de Llobregat, ya es mucho m\u00e1s que una evidencia el levantamiento del parque empresarial y de servicios bautizado como <b>Porta Diagonal<\/b>, al lado de la B-23, la ronda de Dalt y el hospital materno-infantil de referencia Sant Joan de D\u00e9u.\u00a0<\/p>\n<p class=\"c-paragraph\">Esta zona est\u00e1 llamada a albergar dos torres de casi 100 metros de alto cada una (que contrastan con una zona\u00a0<b>a los pies de Collserola<\/b><b>\u00a0<\/b>con pocos edificios a su alrededor, salvo nuevas viviendas proyectadas por el mismo plan) se ha culminado ya la\u00a0construcci\u00f3n de la primera torre,<b> <\/b>dando paso a la<b> proyecci\u00f3n de su segunda (casi) gemela.<\/b><\/p>\n<p class=\"c-paragraph\">Esta primera torre ser\u00e1 el\u00a0<b>Hotel Tower One<\/b>, un edificio de 20.950 metros cuadrados, con\u00a0526 habitaciones. Dise\u00f1ado por el estudio de arquitectura Batlleiroig, este edificio da paso ahora a la proyecci\u00f3n de una segunda torre de gran impacto: lo que se conocer\u00e1 como\u00a0<b>Innovation Tower,<\/b> otra mole de 20.700 metros cuadrados y otro centenar en altura, en este caso a cargo de GCA Architects, y donde habr\u00e1 oficinas corporativas, espacios flexibles y hasta retail en planta baja, incluidos espacios de restauraci\u00f3n que prometen\u00a0dinamizar una zona\u00a0hasta ahora pasto de jabal\u00edes y ratones.<\/p>\n<p>Hotel, oficinas, restaurantes e investigaci\u00f3n<\/p>\n<p class=\"c-paragraph\">Ambas torres liderar\u00e1n el proyecto Porta Diagonal, con <b>90.000 metros cuadrados<\/b> y 250 millones de inversi\u00f3n por parte de las promotoras Sacresa y Emesa, pero, seg\u00fan explican en <a href=\"https:\/\/www.batlleiroig.com\/es\/newsfeed\/porta-diagonal-un-emblematic-projecte-en-marxa-al-sector-de-finestrelles\/\" rel=\"nofollow noreferrer noopener\" target=\"_blank\">Batlleiroig<\/a>, formar\u00e1n parte de un conjunto de <b>seis edificios<\/b>, con proyectos en su seno entre oficinas, hotel, retail, centros de formaci\u00f3n, investigaci\u00f3n sanitaria, biomedicina y asistencia m\u00e9dica. La previsi\u00f3n es que en 2029 todo el complejo sea una realidad.<\/p>\n<p>Iconos de la entrada a Barcelona<\/p>\n<p class=\"c-paragraph\">Pese a ser ahora como <b>predicadoras en el desierto<\/b>, ambas torres se posicionan como iconos arquitect\u00f3nicos en el acceso a Barcelona, presidiendo ya de forma notable y evidente la entrada por la Diagonal en el caso de la primera, con 23 plantas. Es rese\u00f1able su<b> fachada poblada de vegetaci\u00f3n, <\/b>y lo que ya apunta maneras e3 ser un hall hotelero de enorme altura y l\u00e1mparas de dise\u00f1o en la planta calle<b>. <\/b>Tambi\u00e9n ser\u00e1 un rasgo distintivo la asimetr\u00eda que buscar\u00e1 la segunda torre con la primera.<\/p>\n<p>Vistas y zonas verdes<\/p>\n<p class=\"c-paragraph\">Como no puede ser de otro modo, el <b>hotel mirar\u00e1 hacia la Diagonal<\/b>, plausiblemente ofreciendo habitaciones de panor\u00e1micas vistas, mientras que las oficinas se orientar\u00e1n m\u00e1s hacia Montju\u00efc y la zona mar\u00edtima, y en su c\u00faspide <b>dos miradores<\/b> permitir\u00e1n divisar lo que ahora solo se pod\u00eda ver desde lo alto de la cima m\u00e1s pr\u00f3xima, en la colina de Sant Pere M\u00e0rtir o desde la carretera de les Aig\u00fces.<\/p>\n<p class=\"c-paragraph\">En esta zona de transici\u00f3n a Collserola, las zonas verdes ser\u00e1n una apuesta de 18.000 metros cuadrados, algo que al vecindario no le hace olvidar el\u00a0<b>pol\u00e9mico y contestado<\/b>\u00a0origen de este plan, conocido como <b>Pla Caufec<\/b>, en 1991, cuando protagoniz\u00f3 movilizaciones e incluso\u00a0encadenamientos a farolas, edificios y \u00e1rboles\u00a0para <b>proteger la falda de la monta\u00f1a<\/b> barcelonesa.\u00a0<\/p>\n<p class=\"c-paragraph\">Con las obras iniciadas en 2007, pero paralizadas por la pandemia, ahora ha alcanzado un nuevo hito con la culminaci\u00f3n de esta monta\u00f1a, la arquitect\u00f3nica, que\u00a0es<b><b>\u00a0imposible no ver<\/b><\/b><b><b>.<\/b><\/b><\/p>\n","protected":false},"excerpt":{"rendered":"Casi 100 metros de altura obligan a desviar la mirada, en los \u00faltimos d\u00edas, a la entrada sur&hellip;\n","protected":false},"author":2,"featured_media":309809,"comment_status":"","ping_status":"","sticky":false,"template":"","format":"standard","meta":{"footnotes":""},"categories":[173],"tags":[52585,229,233,231,230,210,232,30539,234,146,147,25,24,25055,73009,19932,23,2965],"class_list":{"0":"post-309808","1":"post","2":"type-post","3":"status-publish","4":"format-standard","5":"has-post-thumbnail","7":"category-arte-y-diseno","8":"tag-20loc","9":"tag-arte","10":"tag-arte-y-diseno","11":"tag-arts","12":"tag-arts-and-design","13":"tag-barcelona","14":"tag-design","15":"tag-diagonal","16":"tag-diseno","17":"tag-entertainment","18":"tag-entretenimiento","19":"tag-es","20":"tag-espana","21":"tag-esplugues-de-llobregat","22":"tag-porta-diagonal","23":"tag-rascacielos","24":"tag-spain","25":"tag-urbanismo"},"share_on_mastodon":{"url":"https:\/\/pubeurope.com\/@es\/115791302733510643","error":""},"_links":{"self":[{"href":"https:\/\/www.europesays.com\/es\/wp-json\/wp\/v2\/posts\/309808","targetHints":{"allow":["GET"]}}],"collection":[{"href":"https:\/\/www.europesays.com\/es\/wp-json\/wp\/v2\/posts"}],"about":[{"href":"https:\/\/www.europesays.com\/es\/wp-json\/wp\/v2\/types\/post"}],"author":[{"embeddable":true,"href":"https:\/\/www.europesays.com\/es\/wp-json\/wp\/v2\/users\/2"}],"replies":[{"embeddable":true,"href":"https:\/\/www.europesays.com\/es\/wp-json\/wp\/v2\/comments?post=309808"}],"version-history":[{"count":0,"href":"https:\/\/www.europesays.com\/es\/wp-json\/wp\/v2\/posts\/309808\/revisions"}],"wp:featuredmedia":[{"embeddable":true,"href":"https:\/\/www.europesays.com\/es\/wp-json\/wp\/v2\/media\/309809"}],"wp:attachment":[{"href":"https:\/\/www.europesays.com\/es\/wp-json\/wp\/v2\/media?parent=309808"}],"wp:term":[{"taxonomy":"category","embeddable":true,"href":"https:\/\/www.europesays.com\/es\/wp-json\/wp\/v2\/categories?post=309808"},{"taxonomy":"post_tag","embeddable":true,"href":"https:\/\/www.europesays.com\/es\/wp-json\/wp\/v2\/tags?post=309808"}],"curies":[{"name":"wp","href":"https:\/\/api.w.org\/{rel}","templated":true}]}}