{"id":309837,"date":"2025-12-27T11:52:10","date_gmt":"2025-12-27T11:52:10","guid":{"rendered":"https:\/\/www.europesays.com\/es\/309837\/"},"modified":"2025-12-27T11:52:10","modified_gmt":"2025-12-27T11:52:10","slug":"participa-en-el-concurso-de-fotografia-de-la-voz-y-gana-una-comida-para-dos-personas-en-lanzarote","status":"publish","type":"post","link":"https:\/\/www.europesays.com\/es\/309837\/","title":{"rendered":"Participa en el concurso de fotograf\u00eda de La Voz y gana una comida para dos personas en Lanzarote"},"content":{"rendered":"<p>Tras las \u00faltimas lluvias abundantes que est\u00e1n ti\u00f1endo de verde los campos de Lanzarote, La Voz ha decidido llevar a cabo un <strong>concurso\u00a0de fotograf\u00eda con im\u00e1genes de distintos rincones<\/strong> de la isla que nuestros lectores quieran compartir.<\/p>\n<p>El objetivo de este sorteo es<strong> poner en valor la belleza de Lanzarote y difundir su conservaci\u00f3n<\/strong>, pues se trata de una isla \u00fanica con una tierra m\u00e1s que agradecida tras las lluvias registradas hace unas semanas.\u00a0<\/p>\n<p>Una de las fotograf\u00edas que participen en el concurso <strong>ganar\u00e1 una comida para dos personas en el<a data-external=\"0\" data-intl-links-en=\"https:\/\/www.lavozdelanzarote.com\/en\/ekonomus\/gourmet\/evelyn-pena-venezuelan-and-rabbit-farmer-presents-her-new-establishment-in-santa-homemade-appetizing-and-accessible-food_240108_102.html\" data-intl-links-es=\"https:\/\/www.lavozdelanzarote.com\/ekonomus\/gourmet\/evelyn-vina-venezuela-lanzarote-cocinar-raices-sentirse-en-casa_240108_102.html\" href=\"https:\/\/www.lavozdelanzarote.com\/ekonomus\/gourmet\/evelyn-vina-venezuela-lanzarote-cocinar-raices-sentirse-en-casa_240108_102.html\" rel=\"follow nofollow noopener\" target=\"_self\" title=\"Evelyn Vi\u00f1a, de Venezuela a Lanzarote: cocinar las ra\u00edces para sentirse en casa\"> restaurante Ra\u00edces Lanzarote <\/a>de La Santa<\/strong>, un local que ofrece comida venezolana con empanadas, arepas,\u00a0cachapas y dem\u00e1s platos que unen\u00a0la gastronom\u00eda de este pa\u00eds y la canaria.<\/p>\n<p>Este concurso estar\u00e1 vigente desde este 27 de diciembre hasta el pr\u00f3ximo 6 de enero, D\u00eda de Reyes. As\u00ed,<strong> se desvelar\u00e1 al ganador el 8 de enero <\/strong>a trav\u00e9s de un sorteo.<\/p>\n<p>Los requisitos para participar en el concurso de fotograf\u00eda de La Voz de Lanzarote son:<\/p>\n<p><strong>\u2022\u2060\u00a0 \u2060Ser seguidor\/a<\/strong> de la cuenta de<a data-external=\"1\" href=\"https:\/\/www.instagram.com\/lavozdelanzarote\/\" rel=\"nofollow noopener\" target=\"_blank\" title=\" Instagram de La Voz\"> Instagram de La Voz<\/a><br \/><strong>\u2022\u2060\u00a0 \u2060\u2060Compartir en forma de publicaci\u00f3n de Instagram la fotograf\u00eda <\/strong>m\u00e1s especial que hayas tomado <strong>entre el 27 de diciembre y el 6 de enero<\/strong> del paisaje de Lanzarote tras\u00a0las lluvias.\u00a0<br \/><strong>\u2022\u2060\u00a0 \u2060\u2060Contarnos el motivo <\/strong>por el que esa fotograf\u00eda es especial para ti<br \/><strong>\u2022\u2060\u00a0 \u2060\u2060Etiquetarnos y mencionarnos<\/strong> en la fotograf\u00eda para asegurarnos que nos llegue<br \/><strong>\u2022\u2060\u00a0 \u2060\u2060Compartir tu publicaci\u00f3n en tus historias<\/strong> de Instagram y etiquetar a La Voz de Lanzarote<\/p>\n<p>Como recordatorio importante,<strong> no borres de tus publicaciones la imagen hasta que se resuelva el sorteo<\/strong>, que ser\u00e1 el pr\u00f3ximo 8 de enero.<\/p>\n<p><script async src=\"\/\/www.instagram.com\/embed.js\"><\/script><\/p>\n","protected":false},"excerpt":{"rendered":"Tras las \u00faltimas lluvias abundantes que est\u00e1n ti\u00f1endo de verde los campos de Lanzarote, La Voz ha decidido&hellip;\n","protected":false},"author":2,"featured_media":309838,"comment_status":"","ping_status":"","sticky":false,"template":"","format":"standard","meta":{"footnotes":""},"categories":[173],"tags":[229,233,231,230,232,234,146,147,25,24,23],"class_list":{"0":"post-309837","1":"post","2":"type-post","3":"status-publish","4":"format-standard","5":"has-post-thumbnail","7":"category-arte-y-diseno","8":"tag-arte","9":"tag-arte-y-diseno","10":"tag-arts","11":"tag-arts-and-design","12":"tag-design","13":"tag-diseno","14":"tag-entertainment","15":"tag-entretenimiento","16":"tag-es","17":"tag-espana","18":"tag-spain"},"share_on_mastodon":{"url":"https:\/\/pubeurope.com\/@es\/115791393143761132","error":""},"_links":{"self":[{"href":"https:\/\/www.europesays.com\/es\/wp-json\/wp\/v2\/posts\/309837","targetHints":{"allow":["GET"]}}],"collection":[{"href":"https:\/\/www.europesays.com\/es\/wp-json\/wp\/v2\/posts"}],"about":[{"href":"https:\/\/www.europesays.com\/es\/wp-json\/wp\/v2\/types\/post"}],"author":[{"embeddable":true,"href":"https:\/\/www.europesays.com\/es\/wp-json\/wp\/v2\/users\/2"}],"replies":[{"embeddable":true,"href":"https:\/\/www.europesays.com\/es\/wp-json\/wp\/v2\/comments?post=309837"}],"version-history":[{"count":0,"href":"https:\/\/www.europesays.com\/es\/wp-json\/wp\/v2\/posts\/309837\/revisions"}],"wp:featuredmedia":[{"embeddable":true,"href":"https:\/\/www.europesays.com\/es\/wp-json\/wp\/v2\/media\/309838"}],"wp:attachment":[{"href":"https:\/\/www.europesays.com\/es\/wp-json\/wp\/v2\/media?parent=309837"}],"wp:term":[{"taxonomy":"category","embeddable":true,"href":"https:\/\/www.europesays.com\/es\/wp-json\/wp\/v2\/categories?post=309837"},{"taxonomy":"post_tag","embeddable":true,"href":"https:\/\/www.europesays.com\/es\/wp-json\/wp\/v2\/tags?post=309837"}],"curies":[{"name":"wp","href":"https:\/\/api.w.org\/{rel}","templated":true}]}}