{"id":309842,"date":"2025-12-27T11:56:11","date_gmt":"2025-12-27T11:56:11","guid":{"rendered":"https:\/\/www.europesays.com\/es\/309842\/"},"modified":"2025-12-27T11:56:11","modified_gmt":"2025-12-27T11:56:11","slug":"avatar-el-plan-de-james-cameron-para-la-saga-si-finalmente-no-se-hacen-la-4-y-la-5","status":"publish","type":"post","link":"https:\/\/www.europesays.com\/es\/309842\/","title":{"rendered":"&#8216;Avatar&#8217;: El plan de James Cameron para la saga si finalmente no se hacen la 4 y la 5"},"content":{"rendered":"<p>James Cameron ha vuelto a situarse en el centro del debate cin\u00e9filo con la promoci\u00f3n de &#8216;<a href=\"https:\/\/www.ecartelera.com\/peliculas\/avatar-3\/\" data-mention-type=\"pelicula\" data-mention-id=\"10676\" rel=\"nofollow noopener\" target=\"_blank\">Avatar: Fuego y ceniza<\/a>&#8216; pero esta vez no por la escala visual de su universo de ciencia ficci\u00f3n, sino por <strong>la cautela con la que se ha referido al futuro de la saga<\/strong>. A pesar de que Disney mantiene en su calendario las dos pr\u00f3ximas entregas, el cineasta ha rebajado el tono triunfalista habitual en torno a las secuelas y ha recordado que <strong>cada pel\u00edcula debe justificarse por s\u00ed misma ante el p\u00fablico y la industria<\/strong>.<\/p>\n<p>Tr\u00e1iler #2 &#8216;Avatar: Fuego y ceniza&#8217;<\/p>\n<p><video id=\"vid-35773\" class=\"video-js vjs-default-skin\" data-title=\"Tr\u00e1iler #2 'Avatar: Fuego y ceniza'\" poster=\"https:\/\/www.ecartelera.com\/images\/videos\/35700\/f35773.jpg\" controls=\"\" preload=\"auto\" width=\"640\" height=\"360\" playsinline=\"\" data-vtt=\"\/\/v1.ecartelera.com\/video\/35700\/35773_sprite.vtt\" data-stream=\"1\">El navegador no soporta el tag de v\u00eddeo.<\/video><\/p>\n<p>X<\/p>\n<p>Durante la gira de prensa del nuevo cap\u00edtulo de la franquicia, Cameron ha explicado que &#8216;<a href=\"https:\/\/www.ecartelera.com\/peliculas\/avatar-4\/\" data-mention-type=\"pelicula\" data-mention-id=\"10677\" rel=\"nofollow noopener\" target=\"_blank\">Avatar 4<\/a>&#8216;  \u2014de la que ya se rodaron algunas secuencias mientras se filmaban la segunda y tercera parte\u2014 contin\u00faa prevista para 2029, mientras que &#8216;<a href=\"https:\/\/www.ecartelera.com\/peliculas\/avatar-5\/\" data-mention-type=\"pelicula\" data-mention-id=\"11245\" rel=\"nofollow noopener\" target=\"_blank\">Avatar 5<\/a>&#8216;  figura para 2031. Sin embargo, ha subrayado que nada est\u00e1 garantizado m\u00e1s all\u00e1 de &#8216;Fuego y ceniza&#8217; \u00ab<strong>No s\u00e9 si la saga ir\u00e1 m\u00e1s all\u00e1 de este punto. Ojal\u00e1 lo haga<\/strong>\u00ab, ha se\u00f1alado en conversaci\u00f3n con <a href=\"https:\/\/ew.com\/avatar-4-james-cameron-press-conference-if-sequels-dont-happen-11876189\" target=\"_blank\" rel=\"nofollow noopener\">Entertainment Weekly<\/a>, insistiendo en que cada estreno debe \u00abprobar su viabilidad\u00bb en taquilla.<\/p>\n<p>Con el estreno a\u00fan reciente y los primeros datos comerciales consolid\u00e1ndose, el director de &#8216;<a href=\"https:\/\/www.ecartelera.com\/peliculas\/titanic\/\" data-mention-type=\"pelicula\" data-mention-id=\"2425\" rel=\"nofollow noopener\" target=\"_blank\">Titanic<\/a>&#8216; y &#8216;<a href=\"https:\/\/www.ecartelera.com\/peliculas\/terminator\/\" data-mention-type=\"pelicula\" data-mention-id=\"5008\" rel=\"nofollow noopener\" target=\"_blank\">Terminator<\/a>&#8216; ha asegurado que <strong>cuenta con un plan alternativo en caso de que los dos pr\u00f3ximos t\u00edtulos no lleguen a materializarse<\/strong>. Si los planes se detuvieran \u00abpor cualquier motivo\u00bb, Cameron ha prometido que convocar\u00eda una rueda de prensa para desvelar qu\u00e9 rumbo narrativo habr\u00edan seguido las futuras entregas. Una declaraci\u00f3n que evidencia hasta qu\u00e9 punto el arco dram\u00e1tico de Pandora est\u00e1 dise\u00f1ado a largo plazo.<\/p>\n<p>\t\t\t\t\t\t\t<img decoding=\"async\" loading=\"lazy\" src=\"https:\/\/www.europesays.com\/es\/wp-content\/uploads\/2025\/12\/250164_james-cameron-est-listo-para-pasar-pgina-de-avatar-tengo-otras-historias-que-con.jpg\" alt=\"James Cameron y Oona Chaplin en el rodaje de 'Avatar: Fuego y ceniza': \" width=\"1200\" height=\"800\"\/><\/p>\n<p>\t\t\t\t\t\tJames Cameron y Oona Chaplin en el rodaje de &#8216;Avatar: Fuego y ceniza&#8217;:  (Disney)<br \/>\n\t\t\t\t\t\tSalto a las p\u00e1ginas<\/p>\n<p>El realizador tambi\u00e9n ha deslizado otra de sus aspiraciones creativas: trasladar el universo de <a href=\"https:\/\/www.ecartelera.com\/sagas\/avatar\/\" data-mention-type=\"saga\" data-mention-id=\"61\" rel=\"nofollow noopener\" target=\"_blank\">Avatar<\/a> <strong> al formato literario y escribir \u00e9l mismo una versi\u00f3n novelizada de las historias y culturas Na\u2019vi<\/strong>. Cameron ha explicado que existe una enorme cantidad de material de trasfondo y desarrollo de personajes que no siempre llega a la pantalla y que le gustar\u00eda preservar \u00abcon un nivel de detalle granular\u00bb. Al mismo tiempo, ha admitido que hoy resulta dif\u00edcil encontrar un modelo editorial claro para proyectos de esta naturaleza.<\/p>\n<p>Para el director, la posible escritura de esas novelas <strong>funcionar\u00eda como un \u00abregistro can\u00f3nico\u00bb de lo que la saga estaba destinada a contar<\/strong>, tanto si las pr\u00f3ximas pel\u00edculas se ruedan como si no. La idea encaja con su enfoque de construcci\u00f3n de mundo, desarrollado durante m\u00e1s de una d\u00e9cada desde el estreno de la cinta original de 2009.<\/p>\n<p>\t\t\t\t\t\t\t<img decoding=\"async\" loading=\"lazy\" src=\"https:\/\/www.europesays.com\/es\/wp-content\/uploads\/2025\/12\/248181_desvelada-la-duracin-de-avatar-fuego-y-ceniza-ser-ms-larga-que-titanic.jpg\" alt=\"'Avatar: Fuego y ceniza'\" width=\"1200\" height=\"503\"\/><\/p>\n<p>\t\t\t\t\t\t&#8216;Avatar: Fuego y ceniza&#8217; (Disney)<\/p>\n<p>En el terreno estrictamente narrativo, &#8216;Avatar: Fuego y ceniza&#8217; <strong>contin\u00faa la historia de la familia Sully<\/strong>, encabezada por Jake (<a href=\"https:\/\/www.ecartelera.com\/personas\/sam-worthington\/\" data-mention-type=\"persona\" data-mention-id=\"928\" rel=\"nofollow noopener\" target=\"_blank\">Sam Worthington<\/a>) y Neytiri (<a href=\"https:\/\/www.ecartelera.com\/personas\/zoe-saldana\/\" data-mention-type=\"persona\" data-mention-id=\"513\" rel=\"nofollow noopener\" target=\"_blank\">Zoe Salda\u00f1a<\/a>), tras las consecuencias de &#8216;<a href=\"https:\/\/www.ecartelera.com\/peliculas\/avatar-2\/\" data-mention-type=\"pelicula\" data-mention-id=\"4261\" rel=\"nofollow noopener\" target=\"_blank\">Avatar: El sentido del agua<\/a>&#8216;. La nueva entrega <strong>introduce al clan Ceniza<\/strong> \u2014una comunidad Na\u2019vi vinculada a territorios volc\u00e1nicos\u2014 y a su l\u00edder, Varang, interpretada por <a href=\"https:\/\/www.ecartelera.com\/personas\/oona-chaplin\/\" data-mention-type=\"persona\" data-mention-id=\"7848\" rel=\"nofollow noopener\" target=\"_blank\">Oona Chaplin<\/a>. El reparto re\u00fane de nuevo a <a href=\"https:\/\/www.ecartelera.com\/personas\/sigourney-weaver\/\" data-mention-type=\"persona\" data-mention-id=\"514\" rel=\"nofollow noopener\" target=\"_blank\">Sigourney Weaver<\/a> como Kiri, <a href=\"https:\/\/www.ecartelera.com\/personas\/britain-dalton\/\" data-mention-type=\"persona\" data-mention-id=\"21109\" rel=\"nofollow noopener\" target=\"_blank\">Britain Dalton<\/a> como Lo\u2019ak, <a href=\"https:\/\/www.ecartelera.com\/personas\/trinity-bliss\/\" data-mention-type=\"persona\" data-mention-id=\"21107\" rel=\"nofollow noopener\" target=\"_blank\">Trinity Bliss<\/a> como Tuk y <a href=\"https:\/\/www.ecartelera.com\/personas\/jack-champion\/\" data-mention-type=\"persona\" data-mention-id=\"21113\" rel=\"nofollow noopener\" target=\"_blank\">Jack Champion<\/a> como Spider, adem\u00e1s del regreso de <a href=\"https:\/\/www.ecartelera.com\/personas\/stephen-lang\/\" data-mention-type=\"persona\" data-mention-id=\"2689\" rel=\"nofollow noopener\" target=\"_blank\">Stephen Lang<\/a> como Quaritch y de <a href=\"https:\/\/www.ecartelera.com\/personas\/kate-winslet\/\" data-mention-type=\"persona\" data-mention-id=\"1368\" rel=\"nofollow noopener\" target=\"_blank\">Kate Winslet<\/a>, <a href=\"https:\/\/www.ecartelera.com\/personas\/cliff-curtis\/\" data-mention-type=\"persona\" data-mention-id=\"584\" rel=\"nofollow noopener\" target=\"_blank\">Cliff Curtis<\/a> y <a href=\"https:\/\/www.ecartelera.com\/personas\/bailey-bass\/\" data-mention-type=\"persona\" data-mention-id=\"21110\" rel=\"nofollow noopener\" target=\"_blank\">Bailey Bass<\/a>.<\/p>\n<p>Con la saga en plena fase de transici\u00f3n y el calendario de secuelas en el horizonte, Cameron ha planteado un <strong>equilibrio entre ambici\u00f3n creativa y prudencia industrial<\/strong>. Mientras &#8216;Fuego y ceniza&#8217; contin\u00faa su recorrido en cines y refuerza el tejido dram\u00e1tico de Pandora, el futuro de &#8216;Avatar&#8217; permanece abierto, sostenido entre la respuesta del p\u00fablico y la voluntad del cineasta de preservar su historia\u2026 sea en la gran pantalla o, llegado el caso, en las p\u00e1ginas de un libro.<\/p>\n","protected":false},"excerpt":{"rendered":"James Cameron ha vuelto a situarse en el centro del debate cin\u00e9filo con la promoci\u00f3n de &#8216;Avatar: Fuego&hellip;\n","protected":false},"author":2,"featured_media":309843,"comment_status":"","ping_status":"","sticky":false,"template":"","format":"standard","meta":{"footnotes":""},"categories":[169],"tags":[1014,1015,1013,177,1011,146,147,25,24,782,176,1019,1016,175,753,1012,23,1017,1018],"class_list":{"0":"post-309842","1":"post","2":"type-post","3":"status-publish","4":"format-standard","5":"has-post-thumbnail","7":"category-cine","8":"tag-actores","9":"tag-actrices","10":"tag-cartelera","11":"tag-cine","12":"tag-ecartelera","13":"tag-entertainment","14":"tag-entretenimiento","15":"tag-es","16":"tag-espana","17":"tag-estrellas","18":"tag-film","19":"tag-fotogramas","20":"tag-fotos","21":"tag-movies","22":"tag-peliculas","23":"tag-pelis","24":"tag-spain","25":"tag-trailers","26":"tag-videos"},"share_on_mastodon":{"url":"https:\/\/pubeurope.com\/@es\/115791409627182965","error":""},"_links":{"self":[{"href":"https:\/\/www.europesays.com\/es\/wp-json\/wp\/v2\/posts\/309842","targetHints":{"allow":["GET"]}}],"collection":[{"href":"https:\/\/www.europesays.com\/es\/wp-json\/wp\/v2\/posts"}],"about":[{"href":"https:\/\/www.europesays.com\/es\/wp-json\/wp\/v2\/types\/post"}],"author":[{"embeddable":true,"href":"https:\/\/www.europesays.com\/es\/wp-json\/wp\/v2\/users\/2"}],"replies":[{"embeddable":true,"href":"https:\/\/www.europesays.com\/es\/wp-json\/wp\/v2\/comments?post=309842"}],"version-history":[{"count":0,"href":"https:\/\/www.europesays.com\/es\/wp-json\/wp\/v2\/posts\/309842\/revisions"}],"wp:featuredmedia":[{"embeddable":true,"href":"https:\/\/www.europesays.com\/es\/wp-json\/wp\/v2\/media\/309843"}],"wp:attachment":[{"href":"https:\/\/www.europesays.com\/es\/wp-json\/wp\/v2\/media?parent=309842"}],"wp:term":[{"taxonomy":"category","embeddable":true,"href":"https:\/\/www.europesays.com\/es\/wp-json\/wp\/v2\/categories?post=309842"},{"taxonomy":"post_tag","embeddable":true,"href":"https:\/\/www.europesays.com\/es\/wp-json\/wp\/v2\/tags?post=309842"}],"curies":[{"name":"wp","href":"https:\/\/api.w.org\/{rel}","templated":true}]}}