{"id":309850,"date":"2025-12-27T12:02:12","date_gmt":"2025-12-27T12:02:12","guid":{"rendered":"https:\/\/www.europesays.com\/es\/309850\/"},"modified":"2025-12-27T12:02:12","modified_gmt":"2025-12-27T12:02:12","slug":"marte-y-venus-se-alinean-con-el-sol-en-un-raro-fenomeno-astronomico-nasanet","status":"publish","type":"post","link":"https:\/\/www.europesays.com\/es\/309850\/","title":{"rendered":"Marte y Venus se Alinean con el Sol en un Raro Fen\u00f3meno Astron\u00f3mico :: NASANET"},"content":{"rendered":"<p><a href=\"https:\/\/www.lanasa.net\/download_file\/view\/5979\/2882\" rel=\"nofollow noopener\" target=\"_blank\"><img loading=\"lazy\" decoding=\"async\" src=\"https:\/\/www.europesays.com\/es\/wp-content\/uploads\/2025\/12\/VenusyMarte.jpg\" alt=\"Marte y Venus se Alinean con el Sol en un Raro Fen\u00f3meno Astron\u00f3mico\" height=\"800\" width=\"800\"\/><\/a>&#13;<br \/>\nVenus y Marte est\u00e1n viajando actualmente junto al Sol cada d\u00eda. Esta imagen fue captada por la nave espacial SOHO, dedicada a la observaci\u00f3n solar. Aqu\u00ed, el Sol est\u00e1 oculto tras un disco que bloquea su intenso resplandor central.<strong> Credit: NASA\/SOHO<\/strong>&#13;<\/p>\n<p style=\"text-align: justify;\">El inicio del a\u00f1o viene acompa\u00f1ado de un evento astron\u00f3mico poco com\u00fan: Marte y Venus est\u00e1n pasando casi al mismo tiempo por detr\u00e1s del Sol, en una rara alineaci\u00f3n conocida como doble conjunci\u00f3n solar. Durante estos d\u00edas, ambos planetas se encuentran tan cerca del Sol en el cielo que resulta imposible observarlos sin instrumentos especiales y, por supuesto, nunca debe intentarse mirarlos directamente, ya que podr\u00eda causar da\u00f1o a la vista.<\/p>\n<p style=\"text-align: justify;\">Venus y Marte orbitan el Sol a ambos lados de la Tierra. Venus es el planeta interior y, adem\u00e1s, el m\u00e1s brillante que puede verse desde nuestro planeta, mientras que Marte es un planeta exterior, conocido por su caracter\u00edstico color rojizo. Sin embargo, actualmente los dos est\u00e1n viajando por el cielo pr\u00e1cticamente junto al Sol, lo que explica su desaparici\u00f3n temporal del firmamento nocturno.<br \/>&#13;<br \/>\n\u00a0<\/p>\n<p><a href=\"https:\/\/www.lanasa.net\/download_file\/view\/5980\/2882\" rel=\"nofollow noopener\" target=\"_blank\"><img loading=\"lazy\" decoding=\"async\" src=\"https:\/\/www.europesays.com\/es\/wp-content\/uploads\/2025\/12\/GOES.png\" alt=\"Imagen  GOES-19\" height=\"1168\" width=\"1166\"\/><\/a>&#13;<br \/>\n&#13;<br \/>\n<strong>Credit: NOAA\/GOES<\/strong>&#13;<\/p>\n<p style=\"text-align: justify;\">Im\u00e1genes captadas por sat\u00e9lites solares como GOES-19 y la nave SOHO permiten observar este fen\u00f3meno de manera segura. En estas im\u00e1genes, el intenso resplandor del Sol es bloqueado artificialmente para revelar lo que ocurre a su alrededor, mostrando a ambos planetas ocultos tras su luz.<\/p>\n<p style=\"text-align: justify;\">Venus alcanzar\u00e1 su conjunci\u00f3n solar superior el 6 de enero, cuando quede alineado de forma m\u00e1s directa detr\u00e1s del Sol visto desde la Tierra. Marte har\u00e1 lo mismo apenas tres d\u00edas despu\u00e9s, el 9 de enero, movi\u00e9ndose en sentido contrario en el cielo. Esta cercan\u00eda temporal entre ambas conjunciones es lo que hace que el evento sea especialmente raro y significativo para los astr\u00f3nomos.<\/p>\n<p style=\"text-align: justify;\">Tras este encuentro c\u00f3smico, los planetas reaparecer\u00e1n gradualmente en el cielo, pero de forma diferente. Marte comenzar\u00e1 a verse en las ma\u00f1anas antes del amanecer, primero en el hemisferio sur y m\u00e1s tarde en el hemisferio norte, probablemente hacia marzo. Venus, por su parte, tardar\u00e1 m\u00e1s en regresar y no volver\u00e1 a dominar el cielo del atardecer hasta febrero de 2026, cuando reaparezca como la brillante \u201cEstrella de la tarde\u201d.<\/p>\n<p style=\"text-align: justify;\">Este inusual cruce entre Marte, Venus y el Sol marca un comienzo de a\u00f1o especialmente interesante para la astronom\u00eda.<\/p>\n","protected":false},"excerpt":{"rendered":"&#13; Venus y Marte est\u00e1n viajando actualmente junto al Sol cada d\u00eda. Esta imagen fue captada por la&hellip;\n","protected":false},"author":2,"featured_media":309851,"comment_status":"","ping_status":"","sticky":false,"template":"","format":"standard","meta":{"footnotes":""},"categories":[81],"tags":[119,123,124,25,24,117,121,122,23,118,120],"class_list":{"0":"post-309850","1":"post","2":"type-post","3":"status-publish","4":"format-standard","5":"has-post-thumbnail","7":"category-ciencia-y-tecnologia","8":"tag-ciencia","9":"tag-ciencia-y-tecnologia","10":"tag-cienciaytecnologia","11":"tag-es","12":"tag-espana","13":"tag-science","14":"tag-science-and-technology","15":"tag-scienceandtechnology","16":"tag-spain","17":"tag-technology","18":"tag-tecnologia"},"share_on_mastodon":{"url":"https:\/\/pubeurope.com\/@es\/115791433104472121","error":""},"_links":{"self":[{"href":"https:\/\/www.europesays.com\/es\/wp-json\/wp\/v2\/posts\/309850","targetHints":{"allow":["GET"]}}],"collection":[{"href":"https:\/\/www.europesays.com\/es\/wp-json\/wp\/v2\/posts"}],"about":[{"href":"https:\/\/www.europesays.com\/es\/wp-json\/wp\/v2\/types\/post"}],"author":[{"embeddable":true,"href":"https:\/\/www.europesays.com\/es\/wp-json\/wp\/v2\/users\/2"}],"replies":[{"embeddable":true,"href":"https:\/\/www.europesays.com\/es\/wp-json\/wp\/v2\/comments?post=309850"}],"version-history":[{"count":0,"href":"https:\/\/www.europesays.com\/es\/wp-json\/wp\/v2\/posts\/309850\/revisions"}],"wp:featuredmedia":[{"embeddable":true,"href":"https:\/\/www.europesays.com\/es\/wp-json\/wp\/v2\/media\/309851"}],"wp:attachment":[{"href":"https:\/\/www.europesays.com\/es\/wp-json\/wp\/v2\/media?parent=309850"}],"wp:term":[{"taxonomy":"category","embeddable":true,"href":"https:\/\/www.europesays.com\/es\/wp-json\/wp\/v2\/categories?post=309850"},{"taxonomy":"post_tag","embeddable":true,"href":"https:\/\/www.europesays.com\/es\/wp-json\/wp\/v2\/tags?post=309850"}],"curies":[{"name":"wp","href":"https:\/\/api.w.org\/{rel}","templated":true}]}}