{"id":309884,"date":"2025-12-27T12:28:11","date_gmt":"2025-12-27T12:28:11","guid":{"rendered":"https:\/\/www.europesays.com\/es\/309884\/"},"modified":"2025-12-27T12:28:11","modified_gmt":"2025-12-27T12:28:11","slug":"zaragoza-obtiene-informacion-valiosa-de-su-pasado-historico-a-traves-de-los-sondeos-arqueologicos-de-la-plaza-de-san-miguel","status":"publish","type":"post","link":"https:\/\/www.europesays.com\/es\/309884\/","title":{"rendered":"Zaragoza obtiene informaci\u00f3n valiosa de su pasado hist\u00f3rico a trav\u00e9s de los sondeos arqueol\u00f3gicos de la plaza de San Miguel"},"content":{"rendered":"<p>      Cuerpo de la noticia<\/p>\n<p>El Ayuntamiento de Zaragoza prosigue con los trabajos arqueol\u00f3gicos programados de manera paralela a la reforma integral de la plaza de San Miguel, donde hasta el momento se han hallado restos, en muy mal estado de conservaci\u00f3n, pero que aportan informaci\u00f3n valiosa de cara a configurar y conocer el pasado hist\u00f3rico de la ciudad.<br \/>As\u00ed lo ha expresado el jefe de la Secci\u00f3n de Arqueolog\u00eda del Ayuntamiento de Zaragoza, Jos\u00e9 Juan Domingo, quien dirige desde el pasado mes de octubre las tareas, que ya cuentan con toda la informaci\u00f3n previa que aportaron los sondeos arqueol\u00f3gicos realizados en verano de 2024 para conocer el subsuelo tanto de la plaza San Miguel como del Coso y as\u00ed redactar el proyecto de reforma que ahora se est\u00e1 ejecutando.<br \/>Cuando el pasado mes de octubre se iniciaron las labores de transformaci\u00f3n de este espacio p\u00fablico, de manera coordinada y paralela, el Servicio de Arqueolog\u00eda comenz\u00f3 \u00abdos sondeos en la bandeja central de la plaza, que no se pudieron hacer el a\u00f1o pasado por cuestiones de movilidad, lo que se ha ido compaginando con el seguimiento de todas las zanjas de obra que se est\u00e1n abriendo para la sustituci\u00f3n de los servicios de abastecimiento de agua y vertido\u00bb, ha detallado Domingo.<\/p>\n<p><img decoding=\"async\" alt=\"\" class=\"img-responsive\" src=\"https:\/\/www.europesays.com\/es\/wp-content\/uploads\/2025\/12\/PARTE_DE_ALCANTARILLADO_DEL_SIGLO_XIX_Y_XX.jpeg\" style=\"width: 600px; height: 800px;\"\/><strong>*Restos del alcantarillado del siglo XIX y XX.<\/strong><\/p>\n<p>Los resultados de estos trabajos arqueol\u00f3gicos complementarios son \u00abm\u00e1s o menos los esperados y en la misma l\u00ednea que los sondeos realizados el a\u00f1o pasado\u00bb, ha aseverado Jos\u00e9 Juan Domingo, si bien ha a\u00f1adido que \u00abha habido alguna sorpresa\u00bb. \u00abToda esta informaci\u00f3n es trasladada de forma constante y en tiempo real a Patrimonio del Gobierno de Arag\u00f3n\u00bb, ha recordado Domingo, quien ha recordado que estas labores no interfieren en el proyecto de la reforma integral, dado que \u00abse realizan en profundidades de hasta 4,5 metros, que son mayores que las que ejecutan los operarios de la obra, y fuera de la zona donde se realizan los nuevos trazados de servicios\u00bb.<br \/>Respecto a los restos hallados, \u00abadem\u00e1s de encontrar algunos niveles o suelos de \u00e9poca romana fechados en el \u00faltimo tercio del siglo I d.C. que ya hab\u00edamos documentado en los sondeos previos del a\u00f1o pasado, ha aparecido parte de un suelo de baldosas cer\u00e1micas de \u00e9poca isl\u00e1mica, muy mal conservado, correspondiente al patio de una casa andalus\u00ed de \u00e9poca taifas del siglo XI\u00bb, ha apuntado Domingo. As\u00ed mismo, se han encontrado restos m\u00e1s actuales, correspondientes al sistema de alcantarillado que hab\u00eda en esta zona a finales del siglo XIX y principios del XX, o parte de la estructura y decoraci\u00f3n de la antigua fuente que decoraba el centro de la plaza en la misma \u00e9poca\u00bb, ha a\u00f1adido el arque\u00f3logo municipal.<br \/>\u00abEl hallazgo m\u00e1s importante hasta el momento es parte de la cimentaci\u00f3n de un tramo de la muralla medieval de la ciudad, al que aparecieron adosadas algunas de las cimentaciones y las bodegas de las casas que cerraban la plaza por el sur. Pero todos estos restos de muralla han aparecido muy afectados por el antiguo trazado de los servicios de agua, alumbrado, vertidos o telecomunicaciones que se construyeron hace d\u00e9cadas, antes del inicio de la arqueolog\u00eda urbana y la protecci\u00f3n patrimonial\u00bb, ha explicado Jos\u00e9 Juan Domingo.\u00a0<\/p>\n<p><img decoding=\"async\" alt=\"\" class=\"img-responsive\" src=\"https:\/\/www.europesays.com\/es\/wp-content\/uploads\/2025\/12\/RESTOS_DE_CIMENTACION_DE_LA_MURALLA_MEDIEVAL.jpeg\" style=\"width: 600px; height: 800px;\"\/><strong>*Restos de la cimentaci\u00f3n de la muralla medieval.<\/strong><\/p>\n<p>\u00abSin embargo, los restos encontrados, aunque en mal estado, ofrecen una informaci\u00f3n muy interesante sobre la ubicaci\u00f3n de la muralla, pudiendo confirmar que no hab\u00eda ninguna puerta en esta zona, adem\u00e1s de aportar datos sobre la estructura y las t\u00e9cnicas constructivas\u00bb, ha indicado el jefe del Servicio de Arqueolog\u00eda.<\/p>\n","protected":false},"excerpt":{"rendered":"Cuerpo de la noticia El Ayuntamiento de Zaragoza prosigue con los trabajos arqueol\u00f3gicos programados de manera paralela a&hellip;\n","protected":false},"author":2,"featured_media":309885,"comment_status":"","ping_status":"","sticky":false,"template":"","format":"standard","meta":{"footnotes":""},"categories":[8],"tags":[17,18,25,24,13,14,11,19,20,9,10,15,16,23,12,21,22],"class_list":{"0":"post-309884","1":"post","2":"type-post","3":"status-publish","4":"format-standard","5":"has-post-thumbnail","7":"category-espana","8":"tag-breaking-news","9":"tag-breakingnews","10":"tag-es","11":"tag-espana","12":"tag-featured-news","13":"tag-featurednews","14":"tag-headlines","15":"tag-latest-news","16":"tag-latestnews","17":"tag-news","18":"tag-noticias","19":"tag-noticias-destacadas","20":"tag-noticiasdestacadas","21":"tag-spain","22":"tag-titulares","23":"tag-ultimas-noticias","24":"tag-ultimasnoticias"},"share_on_mastodon":{"url":"https:\/\/pubeurope.com\/@es\/115791535447833808","error":""},"_links":{"self":[{"href":"https:\/\/www.europesays.com\/es\/wp-json\/wp\/v2\/posts\/309884","targetHints":{"allow":["GET"]}}],"collection":[{"href":"https:\/\/www.europesays.com\/es\/wp-json\/wp\/v2\/posts"}],"about":[{"href":"https:\/\/www.europesays.com\/es\/wp-json\/wp\/v2\/types\/post"}],"author":[{"embeddable":true,"href":"https:\/\/www.europesays.com\/es\/wp-json\/wp\/v2\/users\/2"}],"replies":[{"embeddable":true,"href":"https:\/\/www.europesays.com\/es\/wp-json\/wp\/v2\/comments?post=309884"}],"version-history":[{"count":0,"href":"https:\/\/www.europesays.com\/es\/wp-json\/wp\/v2\/posts\/309884\/revisions"}],"wp:featuredmedia":[{"embeddable":true,"href":"https:\/\/www.europesays.com\/es\/wp-json\/wp\/v2\/media\/309885"}],"wp:attachment":[{"href":"https:\/\/www.europesays.com\/es\/wp-json\/wp\/v2\/media?parent=309884"}],"wp:term":[{"taxonomy":"category","embeddable":true,"href":"https:\/\/www.europesays.com\/es\/wp-json\/wp\/v2\/categories?post=309884"},{"taxonomy":"post_tag","embeddable":true,"href":"https:\/\/www.europesays.com\/es\/wp-json\/wp\/v2\/tags?post=309884"}],"curies":[{"name":"wp","href":"https:\/\/api.w.org\/{rel}","templated":true}]}}