{"id":309913,"date":"2025-12-27T12:52:15","date_gmt":"2025-12-27T12:52:15","guid":{"rendered":"https:\/\/www.europesays.com\/es\/309913\/"},"modified":"2025-12-27T12:52:15","modified_gmt":"2025-12-27T12:52:15","slug":"tailandia-y-camboya-acuerdan-un-cese-al-fuego-en-la-frontera-tras-20-dias-de-hostilidades","status":"publish","type":"post","link":"https:\/\/www.europesays.com\/es\/309913\/","title":{"rendered":"Tailandia y Camboya acuerdan un cese al fuego en la frontera tras 20 d\u00edas de hostilidades"},"content":{"rendered":"<p class=\"article-text\">\n        Los jefes de Defensa de Tailandia y Camboya firmaron este s\u00e1bado un acuerdo de cese al fuego con efecto inmediato en la frontera com\u00fan, donde los enfrentamientos militares que arrancaron el 7 de diciembre han dejado un centenar de muertos y cerca de 700.000 desplazados.\n    <\/p>\n<p class=\"article-text\">\n        \u201cLas partes acordaron un inmediato cese al fuego a las 12 hora local (5:00 GMT), que incluya (el fin) de los ataques contra civiles, infraestructuras y objetivos militares en los dos lados de la l\u00ednea divisoria\u201d, de unos 820 kil\u00f3metros, dice la declaraci\u00f3n conjunta, difundida en principio por el Gobierno camboyano.\n    <\/p>\n<p class=\"article-text\">\n        Ambos Ej\u00e9rcitos se comprometieron a evitar provocaciones como el desplazamiento de tropas en las zonas lim\u00edtrofes que han sido el escenario de la hist\u00f3rica disputa territorial, as\u00ed como a garantizar el retorno seguro de los desplazados.\n    <\/p>\n<p class=\"article-text\">\n        En este sentido, pactaron al menos abordar, a trav\u00e9s de mecanismos bilaterales, la pol\u00e9mica demarcaci\u00f3n en zonas lim\u00edtrofes, un asunto por el que Camboya ha acudido ante instancias internacionales, lo que ha molestado a Tailandia.\n    <\/p>\n<p class=\"article-text\">\n        Asimismo, los militares acordaron trabajar de forma conjunta para retirar minas antipersona, uno de los principales reclamos de Bangkok, que acusa a Nom Pen de sembrar nuevos artefactos, que han causado heridas, algunas de ellas mortales, a varios soldados en los \u00faltimos dos meses.\n    <\/p>\n<p class=\"article-text\">\n        Entre otros puntos, las dos naciones asi\u00e1ticas se comprometieron a no incrementar el n\u00famero de tropas en la divisoria, a no difundir informaci\u00f3n falsa o tendenciosa sobre el conflicto y a luchar de forma conjunta contra el tr\u00e1fico de personas y las estafas digitales en la frontera.\n    <\/p>\n<p class=\"article-text\">\n        La declaraci\u00f3n fue firmada por los generales Tea Seiha y Nattaphon Narkphanit, titulares de Defensa de Camboya y Tailandia, respectivamente, y establece el rol que desarrollar\u00e1n emisarios de la Asociaci\u00f3n de Naciones del Sudeste Asi\u00e1tico (Asean) como observadores del alto el fuego.\n    <\/p>\n<p class=\"article-text\">\n        En una rueda de prensa, el portavoz de la cartera de Defensa de Tailandia confirm\u00f3 que los 18 soldados camboyanos detenidos en junio -durante cinco d\u00edas de enfrentamientos fronterizos que dejaron medio centenar de fallecidos- \u201cser\u00e1n liberados cuando cese la hostilidad, de acuerdo con las normas y pr\u00e1cticas internacionales\u201d.\n    <\/p>\n<p class=\"article-text\">\n        Hasta el viernes, seg\u00fan los balances oficiales, al menos 43 civiles y 24 militares hab\u00edan muerto en Tailandia, mientras se contabilizaban 31 civiles fallecidos en Camboya, que no informa de bajas en el sector castrense aun cuando numerosos informes hablan de decenas de soldados ca\u00eddos.\n    <\/p>\n<p>    <a href=\"https:\/\/www.eldiario.es\/internacional\/theguardian\/fronteras-coloniales-templos-historicos-mapas-centro-conflicto-camboya-tailandia_1_12868954.html\" data-mrf-recirculation=\"saber-mas-abajo\" data-dl-event=\"saber-mas-abajo\" rel=\"nofollow noopener\" target=\"_blank\"><\/p>\n<p class=\"know-more__title\">Fronteras coloniales y templos hist\u00f3ricos: los mapas en el centro del conflicto entre Camboya y Tailandia\n<\/p>\n<p>            <img decoding=\"async\" class=\"lazy\" loading=\"lazy\" data-src=\"https:\/\/static.eldiario.es\/clip\/5ac720c0-3434-47cc-9827-fa82c24a4cad_16-9-aspect-ratio_default_0.jpg\" src=\"data:image\/svg+xml,%3Csvg xmlns=\" http:=\"\" viewbox=\"0 0 880 495\" alt=\"Fronteras coloniales y templos hist\u00f3ricos: los mapas en el centro del conflicto entre Camboya y Tailandia\"\/><\/p>\n<p>                        <\/a><\/p>\n<p class=\"article-text\">\n        En el acuerdo, Bangkok y Nom Pen citan \u201cel esp\u00edritu\u201d de Kuala Lumpur, en alusi\u00f3n al acuerdo de paz firmado en octubre en Malasia con la mediaci\u00f3n del presidente de Estados Unidos, Donald Trump.\n    <\/p>\n","protected":false},"excerpt":{"rendered":"Los jefes de Defensa de Tailandia y Camboya firmaron este s\u00e1bado un acuerdo de cese al fuego con&hellip;\n","protected":false},"author":2,"featured_media":309914,"comment_status":"","ping_status":"","sticky":false,"template":"","format":"standard","meta":{"footnotes":""},"categories":[5],"tags":[4248,6886,17,18,2067,8842,960,25,24,13,14,2972,4513,11,73019,19,20,9,10,15,16,23,2066,12,21,22],"class_list":{"0":"post-309913","1":"post","2":"type-post","3":"status-publish","4":"format-standard","5":"has-post-thumbnail","7":"category-titulares","8":"tag-4248","9":"tag-acuerdan","10":"tag-breaking-news","11":"tag-breakingnews","12":"tag-camboya","13":"tag-cese","14":"tag-dias","15":"tag-es","16":"tag-espana","17":"tag-featured-news","18":"tag-featurednews","19":"tag-frontera","20":"tag-fuego","21":"tag-headlines","22":"tag-hostilidades","23":"tag-latest-news","24":"tag-latestnews","25":"tag-news","26":"tag-noticias","27":"tag-noticias-destacadas","28":"tag-noticiasdestacadas","29":"tag-spain","30":"tag-tailandia","31":"tag-titulares","32":"tag-ultimas-noticias","33":"tag-ultimasnoticias"},"share_on_mastodon":{"url":"https:\/\/pubeurope.com\/@es\/115791629109861947","error":""},"_links":{"self":[{"href":"https:\/\/www.europesays.com\/es\/wp-json\/wp\/v2\/posts\/309913","targetHints":{"allow":["GET"]}}],"collection":[{"href":"https:\/\/www.europesays.com\/es\/wp-json\/wp\/v2\/posts"}],"about":[{"href":"https:\/\/www.europesays.com\/es\/wp-json\/wp\/v2\/types\/post"}],"author":[{"embeddable":true,"href":"https:\/\/www.europesays.com\/es\/wp-json\/wp\/v2\/users\/2"}],"replies":[{"embeddable":true,"href":"https:\/\/www.europesays.com\/es\/wp-json\/wp\/v2\/comments?post=309913"}],"version-history":[{"count":0,"href":"https:\/\/www.europesays.com\/es\/wp-json\/wp\/v2\/posts\/309913\/revisions"}],"wp:featuredmedia":[{"embeddable":true,"href":"https:\/\/www.europesays.com\/es\/wp-json\/wp\/v2\/media\/309914"}],"wp:attachment":[{"href":"https:\/\/www.europesays.com\/es\/wp-json\/wp\/v2\/media?parent=309913"}],"wp:term":[{"taxonomy":"category","embeddable":true,"href":"https:\/\/www.europesays.com\/es\/wp-json\/wp\/v2\/categories?post=309913"},{"taxonomy":"post_tag","embeddable":true,"href":"https:\/\/www.europesays.com\/es\/wp-json\/wp\/v2\/tags?post=309913"}],"curies":[{"name":"wp","href":"https:\/\/api.w.org\/{rel}","templated":true}]}}