{"id":309919,"date":"2025-12-27T13:00:14","date_gmt":"2025-12-27T13:00:14","guid":{"rendered":"https:\/\/www.europesays.com\/es\/309919\/"},"modified":"2025-12-27T13:00:14","modified_gmt":"2025-12-27T13:00:14","slug":"hugo-gonzalez-el-nuevo-rostro-del-baloncesto-espanol-que-revoluciona-la-nba-con-los-boston-celtics","status":"publish","type":"post","link":"https:\/\/www.europesays.com\/es\/309919\/","title":{"rendered":"Hugo Gonz\u00e1lez, el nuevo rostro del baloncesto espa\u00f1ol que revoluciona la NBA con los Boston Celtics"},"content":{"rendered":"<p class=\"ft-text\">A sus 19 a\u00f1os, <strong>Hugo Gonz\u00e1lez Pe\u00f1a<\/strong> se ha convertido en <strong>una de las apuestas m\u00e1s prometedoras del baloncesto espa\u00f1ol en la \u00e9lite mundial<\/strong>. Seleccionado en <strong>el puesto 28 del Draft de la NBA de 2025 por los Boston Celtics<\/strong>, el escolta madrile\u00f1o ha dado el salto desde la cantera del Real Madrid a uno de los escenarios m\u00e1s exigentes del deporte. Y no s\u00f3lo por su proyecci\u00f3n t\u00e9cnica, sino por su car\u00e1cter y personalidad dentro y fuera de las pistas que ya da de qu\u00e9 hablar en Estados Unidos.<\/p>\n<p class=\"ft-text\">Hugo Gonz\u00e1lez naci\u00f3 el 5 de febrero de 2006 en Madrid, en una familia profundamente ligada al baloncesto ya que ambos padres fueron jugadores profesionales, y es precisamente esa herencia la que marc\u00f3 sus primeros contactos con la pelota naranja desde ni\u00f1o. <strong>Entr\u00f3 en la cantera del Real Madrid con solo<\/strong> <strong>9 a\u00f1os<\/strong>, destacando r\u00e1pidamente por su versatilidad y madurez en cada etapa formativa.<\/p>\n<p>Del Real Madrid a la NBA<\/p>\n<p class=\"ft-text\">Su progresi\u00f3n fue mete\u00f3rica. En la <strong>Liga EBA y en las categor\u00edas inferiores del club merengue <\/strong>se consolid\u00f3 como uno de los talentos m\u00e1s s\u00f3lidos de su generaci\u00f3n, liderando al equipo U18 del Real Madrid para conquistar el prestigioso <strong>Next Generation Tournament en 2023 y 2024<\/strong>, siendo elegido <strong>MVP en la edici\u00f3n de 2024<\/strong> por su dominio completo en puntos, rebotes y asistencias.<\/p>\n<p class=\"ft-text\">Con apenas <strong>16 a\u00f1os debut\u00f3 en la Liga ACB con el primer equipo blanco<\/strong>, convirti\u00e9ndose en uno de los jugadores m\u00e1s j\u00f3venes de la historia del Real Madrid en hacerlo y acumulando experiencia en partidos de m\u00e1ximo nivel europeo antes de dar el gran salto a Norteam\u00e9rica.<\/p>\n<p class=\"ft-text\">Con <strong>1,98 metros<\/strong> y una envergadura que le permite jugar tanto de escolta como de alero, <strong>Hugo Gonz\u00e1lez combina una lectura de juego avanzada con una defensa intensa y un tiro en constante mejora<\/strong>. Su f\u00edsico y su capacidad para defender a jugadores de diferentes perfiles le han valido elogios incluso en la <strong>Summer League de la NBA<\/strong>, donde mostr\u00f3 solidez defensiva y buenos destellos ofensivos frente a rivales de \u00e9lite.<\/p>\n<p class=\"ft-text\">En su <strong>temporada de <\/strong>&#8216;<strong>rookie&#8217; con los Celtics<\/strong>, Gonz\u00e1lez ha ido ganando progresivamente <strong>minutos y responsabilidad<\/strong>. Sus estad\u00edsticas sorprenden que que promedia unos 4,2 puntos y 2,8 rebotes en la temporada regular. Unos n\u00fameros que reflejan un rol creciente dentro de un equipo con aspiraciones altas, destacando especialmente por su energ\u00eda, rebote defensivo y lectura t\u00e1ctica, seg\u00fan apuntan desde los medios locales.<\/p>\n<p class=\"ft-text\">Adem\u00e1s, su impacto en la liga va m\u00e1s all\u00e1. Este pasado mes de octubre se convirti\u00f3 en <strong>uno de los titulares m\u00e1s j\u00f3venes en la historia de los Celtics<\/strong>, y es, junto Jayson Tatumun, el \u00fanico jugador menor de 20 a\u00f1os capaz de lograr un doble-doble como Celtic. Un hito para la franquicia m\u00e1s laureada de la NBA.<\/p>\n<p class=\"ft-text\">En sus primeras declaraciones como jugador de los Celtics, el espa\u00f1ol destac\u00f3 la importancia de la influencia de jugadores como Serge Ibaka o Rudy Fern\u00e1ndez, con los que coincidi\u00f3 en el Real Madrid y le pudieron preparar para su aventura en la NBA.<\/p>\n<p class=\"ft-text\">Ya habiendo dejado huella en sus primeros meses en la NBA, el pr\u00f3ximo paso para Gonz\u00e1lez es hacerse fuerte en la selecci\u00f3n nacional. Con Espa\u00f1a, Hugo ha logrado ya medallas de plata en el <strong>Mundial Sub-17 de 2022 y en el EuroBasket Sub-18 de 2023. <\/strong>En 2025 debut\u00f3 con la <strong>selecci\u00f3n absoluta espa\u00f1ola<\/strong>, aportando 11 puntos y 6 rebotes en un partido de clasificaci\u00f3n para el EuroBasket, y ahora, a sus 19 a\u00f1os, se espera que sea un habitual en las listas de Chus Mateo.<\/p>\n","protected":false},"excerpt":{"rendered":"A sus 19 a\u00f1os, Hugo Gonz\u00e1lez Pe\u00f1a se ha convertido en una de las apuestas m\u00e1s prometedoras del&hellip;\n","protected":false},"author":2,"featured_media":309920,"comment_status":"","ping_status":"","sticky":false,"template":"","format":"standard","meta":{"footnotes":""},"categories":[269],"tags":[299,298,27829,57354,168,25,24,45165,1725,23,167],"class_list":{"0":"post-309919","1":"post","2":"type-post","3":"status-publish","4":"format-standard","5":"has-post-thumbnail","7":"category-baloncesto","8":"tag-baloncesto","9":"tag-basketball","10":"tag-boston","11":"tag-celtics","12":"tag-deportes","13":"tag-es","14":"tag-espana","15":"tag-hugo-gonzalez","16":"tag-nba","17":"tag-spain","18":"tag-sports"},"share_on_mastodon":{"url":"https:\/\/pubeurope.com\/@es\/115791660894580837","error":""},"_links":{"self":[{"href":"https:\/\/www.europesays.com\/es\/wp-json\/wp\/v2\/posts\/309919","targetHints":{"allow":["GET"]}}],"collection":[{"href":"https:\/\/www.europesays.com\/es\/wp-json\/wp\/v2\/posts"}],"about":[{"href":"https:\/\/www.europesays.com\/es\/wp-json\/wp\/v2\/types\/post"}],"author":[{"embeddable":true,"href":"https:\/\/www.europesays.com\/es\/wp-json\/wp\/v2\/users\/2"}],"replies":[{"embeddable":true,"href":"https:\/\/www.europesays.com\/es\/wp-json\/wp\/v2\/comments?post=309919"}],"version-history":[{"count":0,"href":"https:\/\/www.europesays.com\/es\/wp-json\/wp\/v2\/posts\/309919\/revisions"}],"wp:featuredmedia":[{"embeddable":true,"href":"https:\/\/www.europesays.com\/es\/wp-json\/wp\/v2\/media\/309920"}],"wp:attachment":[{"href":"https:\/\/www.europesays.com\/es\/wp-json\/wp\/v2\/media?parent=309919"}],"wp:term":[{"taxonomy":"category","embeddable":true,"href":"https:\/\/www.europesays.com\/es\/wp-json\/wp\/v2\/categories?post=309919"},{"taxonomy":"post_tag","embeddable":true,"href":"https:\/\/www.europesays.com\/es\/wp-json\/wp\/v2\/tags?post=309919"}],"curies":[{"name":"wp","href":"https:\/\/api.w.org\/{rel}","templated":true}]}}