{"id":309921,"date":"2025-12-27T13:01:24","date_gmt":"2025-12-27T13:01:24","guid":{"rendered":"https:\/\/www.europesays.com\/es\/309921\/"},"modified":"2025-12-27T13:01:24","modified_gmt":"2025-12-27T13:01:24","slug":"las-tres-compras-de-un-arribas-que-sigue-esperando-una-auditoria-que-no-llega-en-el-cartagena","status":"publish","type":"post","link":"https:\/\/www.europesays.com\/es\/309921\/","title":{"rendered":"Las tres compras de un Arribas que sigue esperando una auditor\u00eda que no llega en el Cartagena"},"content":{"rendered":"<p>Alejandro Arribas crey\u00f3 comprar el FC Cartagena el 9 de julio. El propio club lo anunci\u00f3 en un comunicado y \u00e9l (o su padre) puso  &#8230; dos millones de euros que Felipe Moreno no ten\u00eda pensado poner. Se salv\u00f3 un &#8216;match-ball&#8217; y se apost\u00f3 por una transici\u00f3n ordenada que todos sab\u00edamos que iba a durar cinco minutos. No lleg\u00f3 a cuatro. El Efes\u00e9, entonces, ya era un club ahogado financieramente y Paco Belmonte no ten\u00eda capacidad para atajar la deuda ni para invertir. Tirar\u00eda con el fondo de compensaci\u00f3n por el descenso. Eso se dijo. Era mentira. Entonces ya se deb\u00edan 800.000 euros a Hacienda y Seguridad Social, aunque esto no se supo hasta que las dos partes rompieron relaciones a mediados de octubre y desde el entorno de Arribas se filtr\u00f3 que Belmonte hab\u00eda dejado de pagar a las administraciones p\u00fablicas.<\/p>\n<p class=\"v-p\">Alejandro Arribas tambi\u00e9n crey\u00f3 comprar el FC Cartagena el 30 de octubre. Ese d\u00eda se dio la mano con Belmonte y, tras el visto bueno de Moreno, sali\u00f3 a rueda de prensa \u00aba dar la cara\u00bb y \u00abempezar una nueva etapa\u00bb. Pero la felicidad dur\u00f3 menos de 48 horas. El 1 de noviembre se conoci\u00f3 que Arribas segu\u00eda sin ser el due\u00f1o del Cartagena. El exfutbolista \u00abno imagin\u00f3\u00bb que \u00abnos devolvieran un contrato completamente modificado y con cl\u00e1usulas que de ninguna manera pod\u00edamos aceptar\u00bb. Y dijo que se iba, para regresar en dos semanas. Y, de nuevo, vuelta a empezar. <\/p>\n<p><a href=\"http:\/\/www.laverdad.es\/fccartagena\/700000-euros-millones-deuda-crecer-medio-ano-20251227082204-nt.html#vtm_modulosEngag=mod-rel:fccartagena:noticia:1:cmp:2-not\" class=\"v-a-link\" title=\"De 700.000 euros a 3,5 millones, una deuda que no para de crecer en medio a\u00f1o de aut\u00e9ntica locura\" rel=\"nofollow noopener\" target=\"_blank\"><br \/>\n<img decoding=\"async\" loading=\"lazy\" class=\"v-a-img\" src=\"https:\/\/www.europesays.com\/es\/wp-content\/uploads\/2025\/12\/209818233-kc1--366x256@La Verdad.jpg\" alt=\"De 700.000 euros a 3,5 millones, una deuda que no para de crecer en medio a\u00f1o de aut\u00e9ntica locura\"\/><br \/>\n<\/a><\/p>\n<p><a href=\"http:\/\/www.laverdad.es\/fccartagena\/csd-autorizo-pasado-lunes-entrada-arribas-cartagena-20251226223251-nt.html#vtm_modulosEngag=mod-rel:fccartagena:noticia:2:cmp:2-not\" class=\"v-a-link\" title=\"El CSD autoriz\u00f3 el pasado lunes la entrada de Arribas en el Cartagena\" rel=\"nofollow noopener\" target=\"_blank\"><br \/>\n<img decoding=\"async\" loading=\"lazy\" class=\"v-a-img\" src=\"https:\/\/www.europesays.com\/es\/wp-content\/uploads\/2025\/12\/ArribasTorremolinos-kJ5C-U240674410175NMC-366x256@La Verdad.jpg\" alt=\"El CSD autoriz\u00f3 el pasado lunes la entrada de Arribas en el Cartagena\"\/><br \/>\n<\/a><\/p>\n<p class=\"v-p\">Alejandro Arribas tambi\u00e9n crey\u00f3 comprar el FC Cartagena el 26 de noviembre. \u00c9l, Moreno y Belmonte firmaron un nuevo acuerdo privado que convert\u00eda al primero en due\u00f1o del club. El precio final de la operaci\u00f3n se cerr\u00f3 en 5,5 millones de euros. Era la tercera vez que Arribas compraba lo mismo en un plazo de solo cinco meses. Pero en el colmo de los disparates, un mes despu\u00e9s, Belmonte sigue siendo el presidente del Cartagena y Arribas no controla el consejo de administraci\u00f3n de la SAD albinegra y tampoco ha elevado a p\u00fablico delante de un notario ese acuerdo privado del pasado 26 de noviembre. A la tercera, por tanto, tampoco ha ido la vencida.<\/p>\n<p class=\"v-p\">\u00bfA qu\u00e9 espera ahora Arribas? Si esta pregunta la responde gente del entorno de Belmonte, a encontrar el dinero que no tiene. Necesita 1.174.000 euros para quedarse ya con el 51% del club, m\u00e1s otros 300.000 euros para hacer frente a los finiquitos de Belmonte, S\u00e1nchez Breis, Sivori y C\u00e9sar Rem\u00f3n. Adem\u00e1s, cuando entre debe asumir pagos urgente con proveedores y con Hacienda que superan los 500.000 euros. Y en junio de 2027 tendr\u00e1 que poner otros 2,7 millones para completar la operaci\u00f3n. En el entorno de Belmonte deslizan que Arribas no tiene el m\u00fasculo econ\u00f3mico necesario para quedarse con el club y, por eso, est\u00e1 ralentizando su entrada.<\/p>\n<p>\u00abUnos d\u00edas m\u00e1s\u00bb<\/p>\n<p class=\"v-p\">Sin embargo, en el grupo de Arribas restan valor a esta tesis y recuerdan que tanto Belmonte como sus principales colaboradores carecen de \u00abcredibilidad\u00bb. Es cierto que la falta de transparencia y la desaparici\u00f3n de la directiva en el d\u00eda a d\u00eda del club hacen que la credibilidad actual de Belmonte sea pr\u00e1cticamente nula. Nadie le cree. Aficionados, empresarios, instituciones y medios de comunicaci\u00f3n han dado la espalda al proyecto en los \u00faltimos meses, debido a la actitud incomprensible de Belmonte, cuya manera de afrontar la crisis solo ha servido para empeorar las cosas. Pero eso es perfectamente compatible con que existan dudas muy razonables sobre la solvencia de un Alejandro Arribas que lleva medio a\u00f1o tropezando con la misma piedra y que tampoco es claro ni transparente. <\/p>\n<p class=\"v-p\">La auditor\u00eda que no le import\u00f3 en verano es ahora fundamental para \u00e9l. Y a solo cinco d\u00edas de que termine el a\u00f1o sigue sin llegar. Por ley tiene que estar entregada antes del 31 de diciembre. En el entorno de Arribas aseguran que el futuro presidente del Cartagena est\u00e1 \u00abmuy tranquilo\u00bb y que todos los pasos se dar\u00e1n cuando tenga en su poder ese documento. El exfutbolista madrile\u00f1o, que desde el lunes pasado tiene el visto bueno del CSD para cerrar la operaci\u00f3n, dar\u00e1 explicaciones cuando tenga en su poder el 100% de las acciones del Efes\u00e9, para no repetir \u00abel mismo error\u00bb de julio y octubre, cuando crey\u00f3 tener un poder que, de momento, sigue sin ostentar. Alegan en el grupo de Arribas que fueron \u00abenga\u00f1ados\u00bb en dos ocasiones y que, por tanto, toca seguir esperando. Primero, la auditor\u00eda. Y despu\u00e9s, su entrada definitiva en el club. Ese es su plan.<\/p>\n","protected":false},"excerpt":{"rendered":"Alejandro Arribas crey\u00f3 comprar el FC Cartagena el 9 de julio. El propio club lo anunci\u00f3 en un&hellip;\n","protected":false},"author":2,"featured_media":309922,"comment_status":"","ping_status":"","sticky":false,"template":"","format":"standard","meta":{"footnotes":""},"categories":[268],"tags":[11244,48523,4593,168,25,24,21870,280,282,5012,1262,281,23,167,603],"class_list":{"0":"post-309921","1":"post","2":"type-post","3":"status-publish","4":"format-standard","5":"has-post-thumbnail","7":"category-futbol","8":"tag-arribas","9":"tag-auditoria","10":"tag-compras","11":"tag-deportes","12":"tag-es","13":"tag-espana","14":"tag-esperando","15":"tag-football","16":"tag-futbol","17":"tag-llega","18":"tag-sigue","19":"tag-soccer","20":"tag-spain","21":"tag-sports","22":"tag-tres"},"share_on_mastodon":{"url":"https:\/\/pubeurope.com\/@es\/115791665235043132","error":""},"_links":{"self":[{"href":"https:\/\/www.europesays.com\/es\/wp-json\/wp\/v2\/posts\/309921","targetHints":{"allow":["GET"]}}],"collection":[{"href":"https:\/\/www.europesays.com\/es\/wp-json\/wp\/v2\/posts"}],"about":[{"href":"https:\/\/www.europesays.com\/es\/wp-json\/wp\/v2\/types\/post"}],"author":[{"embeddable":true,"href":"https:\/\/www.europesays.com\/es\/wp-json\/wp\/v2\/users\/2"}],"replies":[{"embeddable":true,"href":"https:\/\/www.europesays.com\/es\/wp-json\/wp\/v2\/comments?post=309921"}],"version-history":[{"count":0,"href":"https:\/\/www.europesays.com\/es\/wp-json\/wp\/v2\/posts\/309921\/revisions"}],"wp:featuredmedia":[{"embeddable":true,"href":"https:\/\/www.europesays.com\/es\/wp-json\/wp\/v2\/media\/309922"}],"wp:attachment":[{"href":"https:\/\/www.europesays.com\/es\/wp-json\/wp\/v2\/media?parent=309921"}],"wp:term":[{"taxonomy":"category","embeddable":true,"href":"https:\/\/www.europesays.com\/es\/wp-json\/wp\/v2\/categories?post=309921"},{"taxonomy":"post_tag","embeddable":true,"href":"https:\/\/www.europesays.com\/es\/wp-json\/wp\/v2\/tags?post=309921"}],"curies":[{"name":"wp","href":"https:\/\/api.w.org\/{rel}","templated":true}]}}