{"id":309939,"date":"2025-12-27T13:13:12","date_gmt":"2025-12-27T13:13:12","guid":{"rendered":"https:\/\/www.europesays.com\/es\/309939\/"},"modified":"2025-12-27T13:13:12","modified_gmt":"2025-12-27T13:13:12","slug":"solapas-de-pelo-en-americanas-y-abrigos","status":"publish","type":"post","link":"https:\/\/www.europesays.com\/es\/309939\/","title":{"rendered":"solapas de pelo en americanas y abrigos"},"content":{"rendered":"<p>El a\u00f1o todav\u00eda no ha arrancado y ya tenemos la primera <strong>microtendencia de 2026<\/strong>. Ignoramos si perdurar\u00e1 en el tiempo tanto como el <a href=\"https:\/\/www.glamour.es\/articulos\/color-marron-debate-si-o-no\" rel=\"nofollow noopener\" target=\"_blank\">marr\u00f3n chocolate<\/a> o la fiebre por las perlas, pero a juzgar por la rapidez con la que se est\u00e1 extendiendo, como m\u00ednimo va a contar con una viralidad envidiable. En realidad, en Glamur.es ya vimos venir esta propuesta, de la mano de las <a href=\"https:\/\/www.glamour.es\/articulos\/estolas-de-fiesta-mango-bershka\" rel=\"nofollow noopener\" target=\"_blank\">estolas de fiesta<\/a> que empezaron a poblar el street style hace un par de meses y que bautizamos como la manera m\u00e1s inteligente -y calentita- de animar nuestros abrigos b\u00e1sicos. Pero lo cierto es que la moda tiene una nueva vuelta de tuerca para hacer este dueto m\u00e1s sencillo todav\u00eda: las solapas de pelo incorporadas directamente en americanas, abrigos y cazadoras. Qu\u00e9date bien con la f\u00f3rmula porque ser\u00e1 lo que la barn jacket a 2025.<\/p>\n<p><img decoding=\"async\" alt=\"Gabrielle Caunesil Pozzoli con chaqueta negra con solapa de pelo vestido negro corto medias negras semitransparentes...\" loading=\"lazy\" class=\"ResponsiveImageContainer-eNxvmU cfBbTk responsive-image__image\"   src=\"https:\/\/www.europesays.com\/es\/wp-content\/uploads\/2025\/12\/GettyImages-2237418091.jpg\"\/><\/p>\n<p>Las solapas de pelo ser\u00e1n la obsesi\u00f3n de la moda en 2026.\u00a9 Edward Berthelot\/Getty Images<\/p>\n<p>Claves de la primera microtendencia de 2026<\/p>\n<ul>\n<li>Vista en: como en tantas ocasiones, <strong>Prada<\/strong> lo hizo primero. En su desfile O\/I 2025-2026 encontramos exactamente la idea que hoy se est\u00e1 extendiendo, adornando sus chaquetas y abrigos oversize. Pero la microtendencia no ha quedado ah\u00ed. Otros grandes nombres como <strong>Valentino o Gucci<\/strong> tambi\u00e9n se han apuntado a la fiesta, con todo tipo de americanas revestidas por este suave aliado.<\/li>\n<li>Llevado por: Bella Hadid, Alexa Chung, Sabrina Socol, Jeanette Madsen, Sabrina Carpenter\u2026 Ellas y la mitad de nuestro feed de Instagram, en realidad. Y lo mejor es que se adapta al estilo de todas y cada una de ellas.<\/li>\n<li>Inspirado en: El concepto que Miuccia Prada y Raf Simons quisieron transmitirnos en su colecci\u00f3n para la firma italiana versaba acerca de la contradicci\u00f3n, la dicotom\u00eda visual entre el material en crudo y el glamour tradicional. De este modo, la superposici\u00f3n de la solapas de pelo sobre la pieza en s\u00ed nos hablaba de la descontextualizaci\u00f3n y de c\u00f3mo integrar la prenda en un lenguaje nuevo, dando lugar a un discurso renovado y propio. Adem\u00e1s, qu\u00e9 duda cabe, algunas de las versiones que vemos hoy en las tiendas nos conectan directamente con <a href=\"https:\/\/www.glamour.es\/articulos\/que-es-el-abrigo-groupie-mas-calentito-mas-elegante-admite-botines\" rel=\"nofollow noopener\" target=\"_blank\">los abrigos de las groupies<\/a> setenteras, aunque en este caso se apuesta por patrones m\u00e1s formales y elegantes.<\/li>\n<\/ul>\n<p><img decoding=\"async\" alt=\"Prada OI 202526\" loading=\"lazy\" class=\"ResponsiveImageContainer-eNxvmU cfBbTk responsive-image__image\"   src=\"https:\/\/www.europesays.com\/es\/wp-content\/uploads\/2025\/12\/cq5dam.web.3360.3360.jpg\"\/><\/p>\n<p>Prada O\/I 2025-26\u00a9 Cortes\u00eda de Prada<\/p>\n<p><img decoding=\"async\" alt=\"Valentino OI 202526\" loading=\"lazy\" class=\"ResponsiveImageContainer-eNxvmU cfBbTk responsive-image__image\"   src=\"https:\/\/www.europesays.com\/es\/wp-content\/uploads\/2025\/12\/Compact-Drap-Caban-with-Shearling.jpg\"\/><\/p>\n<p>Valentino O\/I 2025-26\u00a9 Cortes\u00eda de Valentino<\/p>\n<p>\u2192 C\u00f3mo se lleva:<\/p>\n<p>Afortunadamente, ese tablero de inspiraci\u00f3n continuo que es Instagram nos ha brindado opciones tan dispares para combinar esta microtendencia y para incorporarla a nuestros looks, que tenemos mucho material para aprender a dominarla. Apunta:<\/p>\n<ul>\n<li>Uniendo tendencias: La solapa de pelo se encuentra con la chaqueta de ante y juntas fabrican la prenda m\u00e1s popular del a\u00f1o. Y se lleva, claro, con <a href=\"https:\/\/www.glamour.es\/moda\/tendencias\/articulos\/diccionario-denim-conoces-la-diferencia-entre-los-mom-jeans-frayed-jeans-crop-flare-jeans\/22495\" rel=\"nofollow noopener\" target=\"_blank\">vaqueros<\/a>.<\/li>\n<\/ul>\n","protected":false},"excerpt":{"rendered":"El a\u00f1o todav\u00eda no ha arrancado y ya tenemos la primera microtendencia de 2026. Ignoramos si perdurar\u00e1 en&hellip;\n","protected":false},"author":2,"featured_media":309940,"comment_status":"","ping_status":"","sticky":false,"template":"","format":"standard","meta":{"footnotes":""},"categories":[42],"tags":[49716,10645,17,18,39406,13,14,11,61,62,63,64,19,20,9,10,15,16,12,21,22,65,66,67],"class_list":{"0":"post-309939","1":"post","2":"type-post","3":"status-publish","4":"format-standard","5":"has-post-thumbnail","7":"category-internacional","8":"tag-abrigos","9":"tag-americana","10":"tag-breaking-news","11":"tag-breakingnews","12":"tag-chaqueta","13":"tag-featured-news","14":"tag-featurednews","15":"tag-headlines","16":"tag-internacional","17":"tag-international","18":"tag-international-news","19":"tag-internationalnews","20":"tag-latest-news","21":"tag-latestnews","22":"tag-news","23":"tag-noticias","24":"tag-noticias-destacadas","25":"tag-noticiasdestacadas","26":"tag-titulares","27":"tag-ultimas-noticias","28":"tag-ultimasnoticias","29":"tag-world","30":"tag-world-news","31":"tag-worldnews"},"share_on_mastodon":{"url":"","error":""},"_links":{"self":[{"href":"https:\/\/www.europesays.com\/es\/wp-json\/wp\/v2\/posts\/309939","targetHints":{"allow":["GET"]}}],"collection":[{"href":"https:\/\/www.europesays.com\/es\/wp-json\/wp\/v2\/posts"}],"about":[{"href":"https:\/\/www.europesays.com\/es\/wp-json\/wp\/v2\/types\/post"}],"author":[{"embeddable":true,"href":"https:\/\/www.europesays.com\/es\/wp-json\/wp\/v2\/users\/2"}],"replies":[{"embeddable":true,"href":"https:\/\/www.europesays.com\/es\/wp-json\/wp\/v2\/comments?post=309939"}],"version-history":[{"count":0,"href":"https:\/\/www.europesays.com\/es\/wp-json\/wp\/v2\/posts\/309939\/revisions"}],"wp:featuredmedia":[{"embeddable":true,"href":"https:\/\/www.europesays.com\/es\/wp-json\/wp\/v2\/media\/309940"}],"wp:attachment":[{"href":"https:\/\/www.europesays.com\/es\/wp-json\/wp\/v2\/media?parent=309939"}],"wp:term":[{"taxonomy":"category","embeddable":true,"href":"https:\/\/www.europesays.com\/es\/wp-json\/wp\/v2\/categories?post=309939"},{"taxonomy":"post_tag","embeddable":true,"href":"https:\/\/www.europesays.com\/es\/wp-json\/wp\/v2\/tags?post=309939"}],"curies":[{"name":"wp","href":"https:\/\/api.w.org\/{rel}","templated":true}]}}