{"id":309943,"date":"2025-12-27T13:15:10","date_gmt":"2025-12-27T13:15:10","guid":{"rendered":"https:\/\/www.europesays.com\/es\/309943\/"},"modified":"2025-12-27T13:15:10","modified_gmt":"2025-12-27T13:15:10","slug":"la-comunidad-de-madrid-destina-cerca-de-20-millones-de-euros-para-la-renovacion-y-ampliacion-de-los-vehiculos-municipales-en-86-localidades","status":"publish","type":"post","link":"https:\/\/www.europesays.com\/es\/309943\/","title":{"rendered":"La Comunidad de Madrid destina cerca de 20 millones de euros para la renovaci\u00f3n y ampliaci\u00f3n de los veh\u00edculos municipales en 86 localidades"},"content":{"rendered":"<p>La Comunidad de Madrid ha destinado 19,7 millones de euros para la renovaci\u00f3n y ampliaci\u00f3n de los veh\u00edculos municipales en 86 localidades. Esta actuaci\u00f3n, financiada por el Programa de Inversi\u00f3n Regional (PIR) 2022\/26, incluye la adquisici\u00f3n de unidades para los servicios de recogida de residuos, emergencias, limpieza, Polic\u00eda Local, adem\u00e1s de maquinaria para obras y barredoras. El consejero de Presidencia, Justicia y Administraci\u00f3n Local, Miguel \u00c1ngel Garc\u00eda Mart\u00edn, ha visitado hoy Braojos de la Sierra para conocer la flota asignada a este pueblo. <\/p>\n","protected":false},"excerpt":{"rendered":"La Comunidad de Madrid ha destinado 19,7 millones de euros para la renovaci\u00f3n y ampliaci\u00f3n de los veh\u00edculos&hellip;\n","protected":false},"author":2,"featured_media":309944,"comment_status":"","ping_status":"","sticky":false,"template":"","format":"standard","meta":{"footnotes":""},"categories":[5],"tags":[17,18,25,24,13,14,11,19,20,9,10,15,16,23,12,21,22],"class_list":{"0":"post-309943","1":"post","2":"type-post","3":"status-publish","4":"format-standard","5":"has-post-thumbnail","7":"category-titulares","8":"tag-breaking-news","9":"tag-breakingnews","10":"tag-es","11":"tag-espana","12":"tag-featured-news","13":"tag-featurednews","14":"tag-headlines","15":"tag-latest-news","16":"tag-latestnews","17":"tag-news","18":"tag-noticias","19":"tag-noticias-destacadas","20":"tag-noticiasdestacadas","21":"tag-spain","22":"tag-titulares","23":"tag-ultimas-noticias","24":"tag-ultimasnoticias"},"share_on_mastodon":{"url":"https:\/\/pubeurope.com\/@es\/115791719547106976","error":""},"_links":{"self":[{"href":"https:\/\/www.europesays.com\/es\/wp-json\/wp\/v2\/posts\/309943","targetHints":{"allow":["GET"]}}],"collection":[{"href":"https:\/\/www.europesays.com\/es\/wp-json\/wp\/v2\/posts"}],"about":[{"href":"https:\/\/www.europesays.com\/es\/wp-json\/wp\/v2\/types\/post"}],"author":[{"embeddable":true,"href":"https:\/\/www.europesays.com\/es\/wp-json\/wp\/v2\/users\/2"}],"replies":[{"embeddable":true,"href":"https:\/\/www.europesays.com\/es\/wp-json\/wp\/v2\/comments?post=309943"}],"version-history":[{"count":0,"href":"https:\/\/www.europesays.com\/es\/wp-json\/wp\/v2\/posts\/309943\/revisions"}],"wp:featuredmedia":[{"embeddable":true,"href":"https:\/\/www.europesays.com\/es\/wp-json\/wp\/v2\/media\/309944"}],"wp:attachment":[{"href":"https:\/\/www.europesays.com\/es\/wp-json\/wp\/v2\/media?parent=309943"}],"wp:term":[{"taxonomy":"category","embeddable":true,"href":"https:\/\/www.europesays.com\/es\/wp-json\/wp\/v2\/categories?post=309943"},{"taxonomy":"post_tag","embeddable":true,"href":"https:\/\/www.europesays.com\/es\/wp-json\/wp\/v2\/tags?post=309943"}],"curies":[{"name":"wp","href":"https:\/\/api.w.org\/{rel}","templated":true}]}}