{"id":309973,"date":"2025-12-27T13:38:15","date_gmt":"2025-12-27T13:38:15","guid":{"rendered":"https:\/\/www.europesays.com\/es\/309973\/"},"modified":"2025-12-27T13:38:15","modified_gmt":"2025-12-27T13:38:15","slug":"cuatro-espanoles-desaparecidos-tras-el-naufragio-de-una-embarcacion-en-indonesia","status":"publish","type":"post","link":"https:\/\/www.europesays.com\/es\/309973\/","title":{"rendered":"Cuatro espa\u00f1oles desaparecidos tras el naufragio de una embarcaci\u00f3n en Indonesia"},"content":{"rendered":"<p class=\"article-text\">\n        Equipos de rescate de Indonesia buscan este s\u00e1bado a cuatro espa\u00f1oles, un adulto y tres menores procedentes de Valencia, que desaparecieron el viernes tras el naufragio de una embarcaci\u00f3n cerca de la isla de Padar, al este de la tur\u00edstica Bali.\n    <\/p>\n<p class=\"article-text\">\n        El servicio de emergencia indonesio SAR explic\u00f3 en un comunicado que los desaparecidos (un padre y tres de sus hijos) son procedentes de Espa\u00f1a, igual que otras dos personas que ya fueron rescatadas junto a cuatro tripulantes y un gu\u00eda tur\u00edstico.\n    <\/p>\n<p class=\"article-text\">\n        Seg\u00fan los datos facilitados a EFE este s\u00e1bado por el servicio de emergencia indonesio SAR, se trata de Fernando Mart\u00edn Carreras, exfutbolista y entrenador del equipo femenino B del Valencia CF de 44 a\u00f1os, dos de sus hijos y una hija.\n    <\/p>\n<p class=\"article-text\">\n        La embarcaci\u00f3n de uso tur\u00edstico, llamada KM Putri Sakinah, se hundi\u00f3 en las aguas de Padar alrededor de las 20.30 del viernes (13.30 GMT) al sufrir una aver\u00eda en el motor, seg\u00fan el reporte preliminar.\n    <\/p>\n<p class=\"article-text\">\n        Los rescatistas empezaron la b\u00fasqueda la noche del viernes y se mantiene este s\u00e1bado con el despliegue de lanchas y equipos de buceo.\n    <\/p>\n<p class=\"article-text\">\n        Los accidentes mar\u00edtimos son comunes en Indonesia debido a las infraestructuras precarias, la sobrecarga de pasajeros y mercanc\u00edas, el cumplimiento laxo de las normas de seguridad y las inclemencias meteorol\u00f3gicas.\n    <\/p>\n<p class=\"article-text\">\n        El barco es uno de los principales medios de transporte en el archipi\u00e9lago indonesio, formado por m\u00e1s de 17.000 islas y con una poblaci\u00f3n de m\u00e1s de 270 millones de habitantes.\n    <\/p>\n<p class=\"article-text\">\n        Enrique Ortu\u00f1o, abuelo y suegro de las cuatro personas que han desaparecido en el naufragio, ha explicado que la probabilidad de que sus tres nietos y su yerno sean hallados con vida son pocas.\n    <\/p>\n<p class=\"article-text\">\n        En declaraciones a EFE este s\u00e1bado, Ortu\u00f1o ha indicado que est\u00e1 en contacto continuo con su hija (madre de los tres menores desaparecidos), que ha sobrevivido al naufragio junto a una de sus hijas.\n    <\/p>\n<p class=\"article-text\">\n        \u201cMi hija y mi nieta salieron despedidas del barco porque se encontraban en una parte m\u00e1s alta. Cayeron al mar y han sido rescatadas, pero mis tres nietos y mi yerno posiblemente quedaron atrapados en el barco, que se parti\u00f3 y se hundi\u00f3 r\u00e1pidamente\u201d, ha explicado el abuelo.\n    <\/p>\n<p>    La embajada est\u00e1 en contacto con los familiares de los espa\u00f1oles<\/p>\n<p class=\"article-text\">\n        El Ministerio de Asuntos Exteriores est\u00e1 en contacto con los familiares de los cuatro espa\u00f1oles. Personal de la embajada se ha desplazado hasta Padar.\n    <\/p>\n<p class=\"article-text\">\n        Las autoridades indonesias han confirmado que contin\u00faan con las labores de rescate, que podr\u00edan extenderse hasta tres o cuatro d\u00edas, seg\u00fan han informado fuentes diplom\u00e1ticas este s\u00e1bado.\n    <\/p>\n<p class=\"article-text\">\n        Las mismas fuentes han indicado que el consulado en Yakarta est\u00e1 prestando toda la atenci\u00f3n consular a otras dos personas del grupo, que est\u00e1n fuera de peligro, a trav\u00e9s de un oficial de la embajada que ya ha llegado a Labuan Bajo, lugar de partida de las excursiones a la isla de Padar.\n    <\/p>\n","protected":false},"excerpt":{"rendered":"Equipos de rescate de Indonesia buscan este s\u00e1bado a cuatro espa\u00f1oles, un adulto y tres menores procedentes de&hellip;\n","protected":false},"author":2,"featured_media":309974,"comment_status":"","ping_status":"","sticky":false,"template":"","format":"standard","meta":{"footnotes":""},"categories":[5],"tags":[17,18,954,8056,27241,25,24,11907,13,14,11,12606,19,20,20886,9,10,15,16,23,12,21,22],"class_list":{"0":"post-309973","1":"post","2":"type-post","3":"status-publish","4":"format-standard","5":"has-post-thumbnail","7":"category-titulares","8":"tag-breaking-news","9":"tag-breakingnews","10":"tag-cuatro","11":"tag-desaparecidos","12":"tag-embarcacion","13":"tag-es","14":"tag-espana","15":"tag-espanoles","16":"tag-featured-news","17":"tag-featurednews","18":"tag-headlines","19":"tag-indonesia","20":"tag-latest-news","21":"tag-latestnews","22":"tag-naufragio","23":"tag-news","24":"tag-noticias","25":"tag-noticias-destacadas","26":"tag-noticiasdestacadas","27":"tag-spain","28":"tag-titulares","29":"tag-ultimas-noticias","30":"tag-ultimasnoticias"},"share_on_mastodon":{"url":"https:\/\/pubeurope.com\/@es\/115791809925661957","error":""},"_links":{"self":[{"href":"https:\/\/www.europesays.com\/es\/wp-json\/wp\/v2\/posts\/309973","targetHints":{"allow":["GET"]}}],"collection":[{"href":"https:\/\/www.europesays.com\/es\/wp-json\/wp\/v2\/posts"}],"about":[{"href":"https:\/\/www.europesays.com\/es\/wp-json\/wp\/v2\/types\/post"}],"author":[{"embeddable":true,"href":"https:\/\/www.europesays.com\/es\/wp-json\/wp\/v2\/users\/2"}],"replies":[{"embeddable":true,"href":"https:\/\/www.europesays.com\/es\/wp-json\/wp\/v2\/comments?post=309973"}],"version-history":[{"count":0,"href":"https:\/\/www.europesays.com\/es\/wp-json\/wp\/v2\/posts\/309973\/revisions"}],"wp:featuredmedia":[{"embeddable":true,"href":"https:\/\/www.europesays.com\/es\/wp-json\/wp\/v2\/media\/309974"}],"wp:attachment":[{"href":"https:\/\/www.europesays.com\/es\/wp-json\/wp\/v2\/media?parent=309973"}],"wp:term":[{"taxonomy":"category","embeddable":true,"href":"https:\/\/www.europesays.com\/es\/wp-json\/wp\/v2\/categories?post=309973"},{"taxonomy":"post_tag","embeddable":true,"href":"https:\/\/www.europesays.com\/es\/wp-json\/wp\/v2\/tags?post=309973"}],"curies":[{"name":"wp","href":"https:\/\/api.w.org\/{rel}","templated":true}]}}