{"id":310005,"date":"2025-12-27T14:10:18","date_gmt":"2025-12-27T14:10:18","guid":{"rendered":"https:\/\/www.europesays.com\/es\/310005\/"},"modified":"2025-12-27T14:10:18","modified_gmt":"2025-12-27T14:10:18","slug":"la-facilidad-y-elegancia-de-tibor-del-grosso-vienen-de-serie","status":"publish","type":"post","link":"https:\/\/www.europesays.com\/es\/310005\/","title":{"rendered":"La facilidad y elegancia de Tibor del Grosso vienen de serie"},"content":{"rendered":"<p><img fetchpriority=\"high\" decoding=\"async\" class=\"aligncenter size-full wp-image-67398\" src=\"data:image\/svg+xml,%3Csvg%20xmlns=\" http:=\"\" alt=\"\" width=\"1025\" height=\"400\" data-lazy- data-lazy- data-lazy-src=\"https:\/\/www.europesays.com\/es\/wp-content\/uploads\/2025\/11\/anunci-generic-bla-1-1024x120-px-v3-02.jpg\"\/><\/p>\n<p>La facilidad y elegancia de Tibor del Grosso vienen de serie<\/p>\n<p>El ciclocross, esa disciplina que a menudo parece un bucle infinito entre dos nombres, nos regal\u00f3 en Heusden-Zolder una de esas escenas que obligan a levantar la ceja, una imagen complementada por el podio de Gavere, tras Van der Poel y Nys, ojo al peso de los apellidos.<\/p>\n<p>En la v\u00edspera de Navidad, bajo el cielo plomizo de Flandes, no vimos la en\u00e9sima cabalgada de Mathieu van der Poel, sino la confirmaci\u00f3n de su sombra proyectada hacia el futuro.<\/p>\n<p><a class=\"wppaslink\" href=\"https:\/\/joanseguidor.com\/pas\/ccmm-valenciana\/44016\/0\" target=\"_blank\" rel=\"nofollow noopener\"><img decoding=\"async\" src=\"data:image\/svg+xml,%3Csvg%20xmlns=\" http:=\"\" alt=\"CCMM Valenciana\" border=\"0\" data-lazy-src=\"https:\/\/www.europesays.com\/es\/wp-content\/uploads\/2025\/12\/1766844618_24_aralleida-hivern-970x250-crea2-es.jpg\"\/><\/a><\/p>\n<p>Tibor del Grosso, con el maillot de campe\u00f3n neerland\u00e9s y la estructura del Alpecin-Deceuninck a su espalda, no solo gan\u00f3; <strong>ejecut\u00f3 un calco emocional de lo que su jefe de filas lleva a\u00f1os haciendo<\/strong>.<\/p>\n<p>Lo de Zolder tuvo un aroma familiar, casi cruel para nuestro querido Wout van Aert.<\/p>\n<p>Ver al belga batido al sprint, en una recta de asfalto que se le hizo eterna, nos teletransport\u00f3 inevitablemente a aquel octubre de 2020.<\/p>\n<p><strong>Aquel Tour de Flandes donde Van Aert, vestido de amarillo y con la vitola de invencible, claudic\u00f3 ante un Van der Poel<\/strong> que le oblig\u00f3 a lanzar un sprint ag\u00f3nico para terminar muriendo en la orilla.<\/p>\n<p>En Zolder, el guion fue el mismo, pero el verdugo ten\u00eda 22 a\u00f1os y una frescura que asusta.<\/p>\n<p><strong>Del Grosso no es un invitado de piedra<\/strong>.<\/p>\n<p>Es, por derecho propio, el heredero natural en la casa Alpecin.<\/p>\n<p>Mientras Mathieu dosifica sus apariciones y coquetea con la idea de que el barro ya no es su prioridad absoluta, Tibor emerge como el relevo necesario.<\/p>\n<p>No es solo que gane, es c\u00f3mo lo hace: con esa frialdad neerlandesa, aguantando los hachazos de un Van Aert que buscaba su primer triunfo tras meses de sequ\u00eda, para luego rematarlo con una punta de velocidad que parece gen\u00e9tica en su equipo.<\/p>\n<p>La t\u00e9cnica de este chaval abruma.<\/p>\n<p>Para Van Aert, el golpe es doble.<\/p>\n<p>No solo es la derrota ante un \u201cni\u00f1o\u201d, sino la constataci\u00f3n de que la jerarqu\u00eda del Alpecin no depende de un solo hombre.<\/p>\n<p>Del Grosso se postula como el nuevo rival, el que no tiene memoria de las derrotas pasadas y solo entiende de ambici\u00f3n presente.<\/p>\n<p><strong>Si el ciclismo son ciclos, en Zolder volvimos a comprobar el inicio de uno nuevo.<\/strong><\/p>\n<p>El Alpecin tiene recambio; Van Aert, por desgracia para \u00e9l, tiene un nuevo dolor de cabeza que, casualmente, viste los mismos colores que su eterno n\u00e9mesis.<\/p>\n<p>La historia, caprichosa, se repite bajo un nuevo nombre, pero misma piel.<\/p>\n","protected":false},"excerpt":{"rendered":"La facilidad y elegancia de Tibor del Grosso vienen de serie El ciclocross, esa disciplina que a menudo&hellip;\n","protected":false},"author":2,"featured_media":310006,"comment_status":"","ping_status":"","sticky":false,"template":"","format":"standard","meta":{"footnotes":""},"categories":[273],"tags":[313,312,168,25,24,2548,23,167,68278],"class_list":{"0":"post-310005","1":"post","2":"type-post","3":"status-publish","4":"format-standard","5":"has-post-thumbnail","7":"category-ciclismo","8":"tag-ciclismo","9":"tag-cycling","10":"tag-deportes","11":"tag-es","12":"tag-espana","13":"tag-featured","14":"tag-spain","15":"tag-sports","16":"tag-tibor-del-grosso"},"share_on_mastodon":{"url":"https:\/\/pubeurope.com\/@es\/115791935754713307","error":""},"_links":{"self":[{"href":"https:\/\/www.europesays.com\/es\/wp-json\/wp\/v2\/posts\/310005","targetHints":{"allow":["GET"]}}],"collection":[{"href":"https:\/\/www.europesays.com\/es\/wp-json\/wp\/v2\/posts"}],"about":[{"href":"https:\/\/www.europesays.com\/es\/wp-json\/wp\/v2\/types\/post"}],"author":[{"embeddable":true,"href":"https:\/\/www.europesays.com\/es\/wp-json\/wp\/v2\/users\/2"}],"replies":[{"embeddable":true,"href":"https:\/\/www.europesays.com\/es\/wp-json\/wp\/v2\/comments?post=310005"}],"version-history":[{"count":0,"href":"https:\/\/www.europesays.com\/es\/wp-json\/wp\/v2\/posts\/310005\/revisions"}],"wp:featuredmedia":[{"embeddable":true,"href":"https:\/\/www.europesays.com\/es\/wp-json\/wp\/v2\/media\/310006"}],"wp:attachment":[{"href":"https:\/\/www.europesays.com\/es\/wp-json\/wp\/v2\/media?parent=310005"}],"wp:term":[{"taxonomy":"category","embeddable":true,"href":"https:\/\/www.europesays.com\/es\/wp-json\/wp\/v2\/categories?post=310005"},{"taxonomy":"post_tag","embeddable":true,"href":"https:\/\/www.europesays.com\/es\/wp-json\/wp\/v2\/tags?post=310005"}],"curies":[{"name":"wp","href":"https:\/\/api.w.org\/{rel}","templated":true}]}}