{"id":310009,"date":"2025-12-27T14:13:14","date_gmt":"2025-12-27T14:13:14","guid":{"rendered":"https:\/\/www.europesays.com\/es\/310009\/"},"modified":"2025-12-27T14:13:14","modified_gmt":"2025-12-27T14:13:14","slug":"el-valencia-presenta-una-oferta-de-compra-por-umar-sadiq-lo-que-pide-la-real-sociedad","status":"publish","type":"post","link":"https:\/\/www.europesays.com\/es\/310009\/","title":{"rendered":"El Valencia presenta una oferta de compra por Umar Sadiq: lo que pide la Real Sociedad"},"content":{"rendered":"<p>El club che est\u00e1 dispuesto a hacer un esfuerzo para adquirir el pase del delantero nigeriano, en lugar de solicitar una cesi\u00f3n, pero est\u00e1 lejos de las pretensiones de la entidad donostiarra<\/p>\n<p class=\"parrafo\">Al igual que sucedi\u00f3 el pasado verano,<strong> el nombre de Umar Sadiq promete protagonizar uno de los culebrones del inminente mercado de enero. <\/strong>El nigeriano quiere regresar a toda costa al <strong>Valencia<\/strong>, donde ya jug\u00f3 cedido con \u00e9xito en la segunda mitad de la pasada campa\u00f1a. En Mestalla, por su parte, suspiran tambi\u00e9n por volver a contar con sus servicios, avalado especialmente por<strong> Carlos Corber\u00e1n.<\/strong> Y como tercera pata de esta historia est\u00e1 la <strong>Real Sociedad<\/strong>, que anhela encontrarle una salida a un jugador cuyo fichaje supuso un desembolso de 20 millones de euros, <a href=\"https:\/\/www.estadiodeportivo.com\/futbol\/real-sociedad\/fracaso-real-sociedad-desde-umar-sadiq-yangel-herrera-20251226-524827.html\" target=\"_blank\" class=\"intext-link\" rel=\"nofollow noopener\">convirti\u00e9ndose a la postre en un aut\u00e9ntico fracaso.<\/a>  <\/p>\n<p class=\"parrafo\"><strong>\u00bfQu\u00e9 falta entonces para que encajen todas las piezas de este puzzle? Pues como siempre sucede en estos casos, el acuerdo econ\u00f3mico entre clubes. <\/strong>El delantero s\u00ed lo tendr\u00eda ya todo arreglado con el conjunto che. De hecho, tambi\u00e9n lo ten\u00eda acordado en verano, cuando<a href=\"https:\/\/www.estadiodeportivo.com\/futbol\/girona\/sadiq-opcion-real-20250819-508475.html\" target=\"_blank\" class=\"intext-link\" rel=\"nofollow noopener\"> se cerr\u00f3 en banda a aceptar otras ofertas, como la del Giron<\/a>a, para apretar y hacer valer su trato con los valencianistas. Pero el club donostiarra se mantuvo firme y no cedi\u00f3. Antes que &#8216;regalarlo&#8217; prefiri\u00f3 darle dorsal y dejarlo en su plantilla, pese a no contar para Sergio Francisco.<\/p>\n<p>Los n\u00fameros de Umar Sadiq<\/p>\n<p class=\"parrafo\">Finalmente, el ya destituido t\u00e9cnico oriotarra se anim\u00f3 a darle alguna oportunidad. Lo puso en liza en <strong>cinco encuentros en LaLiga y otros dos de la Copa del Rey. 275 minutos en total <\/strong>en los que ha firmado un gol, frente al modesto Reus, y dos asistencias. Pero seg\u00fan informe Deportes Cope, <strong>Pellegrino Matarazzo<\/strong>, antes siquiera de dirigir su primer sesi\u00f3n al frente de la Real Sociedad este pr\u00f3ximo lunes,<strong> ya ha tomado la decisi\u00f3n de abrirle la puerta a Umar Sadiq.  <\/strong><\/p>\n<p><img decoding=\"async\" src=\"https:\/\/www.europesays.com\/es\/wp-content\/uploads\/2025\/12\/49a4e47d-c985-437b-9d30-9033fa58e972_800x532.jpeg\" loading=\"lazy\"\/><\/p>\n<p class=\"parrafo\">Esto <a href=\"https:\/\/www.estadiodeportivo.com\/futbol\/real-sociedad\/valencia-acelera-por-sadiq-real-sociedad-duda-con-caletacar-20251224-524714.html\" target=\"_blank\" class=\"intext-link\" rel=\"nofollow noopener\">ha animado al Valencia a pasar a la acci\u00f3n<\/a>. D\u00edas atr\u00e1s se apunt\u00f3 incluso la cercan\u00eda de un acuerdo que en realidad se encuentra lejos. Y es que en Anoeta siguen en sus trece de recuperar buena parte de lo invertido por un futbolista que tiene contrato en vigor hasta 2028, lo que alarga hasta esa fecha la amortizaci\u00f3n pendiente. As\u00ed, seg\u00fan apunta Tribuna VCF, desde Mestalla ya han lanzando <strong>una primera oferta formal, que en este caso no ser\u00eda por una cesi\u00f3n, sino por un traspaso definitivo, pero la misma anda lejos<\/strong> de lo que solicita Jokin Aperribay.<\/p>\n<p>Entre 4 y 5 millones de euros<\/p>\n<p class=\"parrafo\">No ha trascendido la cuant\u00eda de la propuesta che, que har\u00eda de ese modo un esfuerzo para trata de contentar a Corber\u00e1n, pues en principio la idea era solo optar a pr\u00e9stamos para reforzar la plantilla en enero. Lo que parece dif\u00edcil es que Peter Lim abra el grifo lo suficiente como para llegar a las exigencias de la entidad realista, que<strong> pretende ingresar entre 4 y 5 millones de euros <\/strong>por el africano, lo que se corresponde con el valor te\u00f3rico que le otorga la web especializada Transfermarkt.<\/p>\n<p><a class=\"elementos-rel-t2\" href=\"https:\/\/www.estadiodeportivo.com\/futbol\/valencia\/umar-sadiq-valencia-segunda-parte-20251223-524579.html\" title=\"Umar Sadiq y el Valencia: segunda parte\" rel=\"nofollow noopener\" target=\"_blank\"><\/p>\n<p class=\"titular titulo-4\">Umar Sadiq y el Valencia: segunda parte<\/p>\n<p><img decoding=\"async\" src=\"https:\/\/www.europesays.com\/es\/wp-content\/uploads\/2025\/12\/67908679-004c-4c10-b5ec-4b0bc502ede6_320x180.jpeg\" alt=\"Umar Sadiq y el Valencia: segunda parte\"\/><\/a><a class=\"elementos-rel-t2\" href=\"https:\/\/www.estadiodeportivo.com\/futbol\/valencia\/umar-sadiq-dice-fichaje-por-valencia-20251221-524383.html\" title=\"Umar Sadiq dice &#039;s\u00ed&#039; a su fichaje por el Valencia\" rel=\"nofollow noopener\" target=\"_blank\"><\/p>\n<p class=\"titular titulo-4\">Umar Sadiq dice &#8216;s\u00ed&#8217; a su fichaje por el Valencia<\/p>\n<p><img decoding=\"async\" src=\"https:\/\/www.europesays.com\/es\/wp-content\/uploads\/2025\/12\/4452adbe-ace9-4e97-b3c2-c608b07f6496_320x180.jpeg\" alt=\"Umar Sadiq dice 's\u00ed' a su fichaje por el Valencia\"\/><\/a><a class=\"elementos-rel-t2\" href=\"https:\/\/www.estadiodeportivo.com\/futbol\/real-sociedad\/real-sociedad-anuncia-salidas-pone-foco-umar-sadiq-fue-muy-duro-para-20251222-524539.html\" title=\"La Real Sociedad anuncia salidas y pone el foco en Umar Sadiq: &quot;Fue muy duro para \u00e9l&quot;\" rel=\"nofollow noopener\" target=\"_blank\"><\/p>\n<p class=\"titular titulo-4\">La Real Sociedad anuncia salidas y pone el foco en Umar Sadiq: \u00abFue muy duro para \u00e9l\u00bb<\/p>\n<p><img decoding=\"async\" src=\"https:\/\/www.europesays.com\/es\/wp-content\/uploads\/2025\/12\/4f84c9fb-db51-4dd4-91d6-6f632c9be2eb_320x180.jpeg\" alt=\"La Real Sociedad anuncia salidas y pone el foco en Umar Sadiq: &quot;Fue muy duro para \u00e9l&quot;\"\/><\/a>Las alternativas a Umar Sadiq<\/p>\n<p class=\"parrafo\">Adem\u00e1s del delantero, el Valencia pretende incorporar a<strong> un central, un mediocentro defensivo y, como guinda, un extremo<\/strong>. Por ello, no resulta f\u00e1cil llegar a lo que pide la Real Sociedad. En su lugar, se manejan otras alternativas como las del neerland\u00e9s<strong> Thijs Dallinga, del Bolonia<\/strong>, o <a href=\"https:\/\/www.estadiodeportivo.com\/futbol\/valencia\/vinculan-munteanu-otro-plan-valencia-por-falla-umar-sadiq-20251222-524534.html\" target=\"_blank\" class=\"intext-link\" rel=\"nofollow noopener\">el rumano Louis Munteanu, del Cluj<\/a>.<\/p>\n","protected":false},"excerpt":{"rendered":"El club che est\u00e1 dispuesto a hacer un esfuerzo para adquirir el pase del delantero nigeriano, en lugar&hellip;\n","protected":false},"author":2,"featured_media":310010,"comment_status":"","ping_status":"","sticky":false,"template":"","format":"standard","meta":{"footnotes":""},"categories":[268],"tags":[168,25,24,284,285,280,282,7209,73036,281,23,167,5419],"class_list":{"0":"post-310009","1":"post","2":"type-post","3":"status-publish","4":"format-standard","5":"has-post-thumbnail","7":"category-futbol","8":"tag-deportes","9":"tag-es","10":"tag-espana","11":"tag-estadio-deportivo","12":"tag-fichajes","13":"tag-football","14":"tag-futbol","15":"tag-real-sociedad","16":"tag-sadiq-umar","17":"tag-soccer","18":"tag-spain","19":"tag-sports","20":"tag-valencia-cf"},"share_on_mastodon":{"url":"https:\/\/pubeurope.com\/@es\/115791948241737952","error":""},"_links":{"self":[{"href":"https:\/\/www.europesays.com\/es\/wp-json\/wp\/v2\/posts\/310009","targetHints":{"allow":["GET"]}}],"collection":[{"href":"https:\/\/www.europesays.com\/es\/wp-json\/wp\/v2\/posts"}],"about":[{"href":"https:\/\/www.europesays.com\/es\/wp-json\/wp\/v2\/types\/post"}],"author":[{"embeddable":true,"href":"https:\/\/www.europesays.com\/es\/wp-json\/wp\/v2\/users\/2"}],"replies":[{"embeddable":true,"href":"https:\/\/www.europesays.com\/es\/wp-json\/wp\/v2\/comments?post=310009"}],"version-history":[{"count":0,"href":"https:\/\/www.europesays.com\/es\/wp-json\/wp\/v2\/posts\/310009\/revisions"}],"wp:featuredmedia":[{"embeddable":true,"href":"https:\/\/www.europesays.com\/es\/wp-json\/wp\/v2\/media\/310010"}],"wp:attachment":[{"href":"https:\/\/www.europesays.com\/es\/wp-json\/wp\/v2\/media?parent=310009"}],"wp:term":[{"taxonomy":"category","embeddable":true,"href":"https:\/\/www.europesays.com\/es\/wp-json\/wp\/v2\/categories?post=310009"},{"taxonomy":"post_tag","embeddable":true,"href":"https:\/\/www.europesays.com\/es\/wp-json\/wp\/v2\/tags?post=310009"}],"curies":[{"name":"wp","href":"https:\/\/api.w.org\/{rel}","templated":true}]}}