{"id":310020,"date":"2025-12-27T14:22:14","date_gmt":"2025-12-27T14:22:14","guid":{"rendered":"https:\/\/www.europesays.com\/es\/310020\/"},"modified":"2025-12-27T14:22:14","modified_gmt":"2025-12-27T14:22:14","slug":"el-traje-de-ana-boyer-es-la-confirmacion-ultima-del-color-mas-festivo-y-elegante-de-la-temporada","status":"publish","type":"post","link":"https:\/\/www.europesays.com\/es\/310020\/","title":{"rendered":"El traje de Ana Boyer es la confirmaci\u00f3n \u00faltima del color m\u00e1s festivo y elegante de la temporada"},"content":{"rendered":"<p>Cuando hablamos de looks discretos, sobrios e impecables dentro del <strong>clan Preysler<\/strong>, hay un nombre que destaca m\u00e1s que los dem\u00e1s. No es el de Isabel Preysler ni el de <a href=\"https:\/\/www.glamour.es\/articulos\/tamara-falco-top-botones-joya-zara\" rel=\"nofollow noopener\" target=\"_blank\">Tamara Falc\u00f3<\/a>, sino el de <strong>Ana Boyer<\/strong>. La socialit\u00e9 est\u00e1 viviendo, junto a Fernando Verdasco, uno de los momentos m\u00e1s emotivos en familia y no solo a causa de las fiestas navide\u00f1as. Est\u00e1n esperando su cuarto hijo y tal como ya revel\u00f3 la socialit\u00e9 en su perfil de Instagram ser\u00e1 una ni\u00f1a. La \u00faltima estampa navide\u00f1a que ha dejado la hija menor de <a href=\"https:\/\/www.glamour.es\/articulos\/isabel-preysler-el-hormiguero-vaqueros-joya-redondo\" rel=\"nofollow noopener\" target=\"_blank\">Isabel Preysler<\/a> nos confirma que es fiel defensora del \u2018menos es m\u00e1s\u2019.<\/p>\n<p>El protagonista absoluto ha sido, con permiso del gran \u00e1rbol lleno de luces y adornos, un <strong>traje de dos piezas,<\/strong> que imaginamos debe ser hecho a medida para Boyer porque no hay rastro de \u00e9l en la web de la marca. El autor es el dise\u00f1ador espa\u00f1ol <strong>Juan Avellaneda,<\/strong> uno de los grandes nombres de la <a href=\"https:\/\/www.glamour.es\/articulos\/letizia-ortiz-traje-sastre-chaleco-gris-tendencia\" rel=\"nofollow noopener\" target=\"_blank\">sastrer\u00eda contempor\u00e1nea nacional<\/a> y habitual del armario de mujeres como Nieves \u00c1lvarez.<\/p>\n<p>En un sofisticado y acertado rojo oscuro (s\u00ed, <a href=\"https:\/\/www.glamour.es\/galerias\/compras-color-burdeos-tendencia\" rel=\"nofollow noopener\" target=\"_blank\">burdeos<\/a>), el conjunto destaca por su silueta cuidada: pantal\u00f3n ligeramente acampanado, chaqueta de corte oversize bien equilibrado y unas destacas hombreras que estructuran la figura y estilizan el conjunto, haciendo que la blazer siente mucho mejor. C\u00f3modo, vers\u00e1til y perfecto para el momento en el que se encuentra la hermana de Tamara Falc\u00f3. Y, aunque es cl\u00e1sico y sencillo, no es un look t\u00edpico en estas fechas, lo que convierte en una elecci\u00f3n diferente, sin necesidad de estridencias. Ser\u00eda raro que no posicionar\u00e1 como una de las mejores vestidas del d\u00eda de Navidad con este conjunto, si hasta <a href=\"https:\/\/www.glamour.es\/articulos\/como-ser-elegante-en-chanclas-y-bikini-ana-boyer\" rel=\"nofollow noopener\" target=\"_blank\">es la m\u00e1s elegante del chiringuito en chanclas y bikini.<\/a><\/p>\n","protected":false},"excerpt":{"rendered":"Cuando hablamos de looks discretos, sobrios e impecables dentro del clan Preysler, hay un nombre que destaca m\u00e1s&hellip;\n","protected":false},"author":2,"featured_media":310021,"comment_status":"","ping_status":"","sticky":false,"template":"","format":"standard","meta":{"footnotes":""},"categories":[91],"tags":[12465,146,147,25,24,23],"class_list":{"0":"post-310020","1":"post","2":"type-post","3":"status-publish","4":"format-standard","5":"has-post-thumbnail","7":"category-entretenimiento","8":"tag-ana-boyer","9":"tag-entertainment","10":"tag-entretenimiento","11":"tag-es","12":"tag-espana","13":"tag-spain"},"share_on_mastodon":{"url":"https:\/\/pubeurope.com\/@es\/115791983285920862","error":""},"_links":{"self":[{"href":"https:\/\/www.europesays.com\/es\/wp-json\/wp\/v2\/posts\/310020","targetHints":{"allow":["GET"]}}],"collection":[{"href":"https:\/\/www.europesays.com\/es\/wp-json\/wp\/v2\/posts"}],"about":[{"href":"https:\/\/www.europesays.com\/es\/wp-json\/wp\/v2\/types\/post"}],"author":[{"embeddable":true,"href":"https:\/\/www.europesays.com\/es\/wp-json\/wp\/v2\/users\/2"}],"replies":[{"embeddable":true,"href":"https:\/\/www.europesays.com\/es\/wp-json\/wp\/v2\/comments?post=310020"}],"version-history":[{"count":0,"href":"https:\/\/www.europesays.com\/es\/wp-json\/wp\/v2\/posts\/310020\/revisions"}],"wp:featuredmedia":[{"embeddable":true,"href":"https:\/\/www.europesays.com\/es\/wp-json\/wp\/v2\/media\/310021"}],"wp:attachment":[{"href":"https:\/\/www.europesays.com\/es\/wp-json\/wp\/v2\/media?parent=310020"}],"wp:term":[{"taxonomy":"category","embeddable":true,"href":"https:\/\/www.europesays.com\/es\/wp-json\/wp\/v2\/categories?post=310020"},{"taxonomy":"post_tag","embeddable":true,"href":"https:\/\/www.europesays.com\/es\/wp-json\/wp\/v2\/tags?post=310020"}],"curies":[{"name":"wp","href":"https:\/\/api.w.org\/{rel}","templated":true}]}}