{"id":310024,"date":"2025-12-27T14:24:21","date_gmt":"2025-12-27T14:24:21","guid":{"rendered":"https:\/\/www.europesays.com\/es\/310024\/"},"modified":"2025-12-27T14:24:21","modified_gmt":"2025-12-27T14:24:21","slug":"el-euromillones-deja-un-pellizcazo-de-dinero-en-el-centro-de-leon","status":"publish","type":"post","link":"https:\/\/www.europesays.com\/es\/310024\/","title":{"rendered":"El Euromillones deja un pellizcazo de dinero en el centro de Le\u00f3n"},"content":{"rendered":"<p><a class=\"v-mdl-ath__fig-a\" href=\"https:\/\/www.leonoticias.com\/autor\/leonoticias-2282.html\" title=\"A.G.B\" rel=\"nofollow noopener\" target=\"_blank\"><br \/>\n<img decoding=\"async\" class=\"v-mdl-ath__img\" src=\"https:\/\/www.europesays.com\/es\/wp-content\/uploads\/2025\/11\/1764073091_330_autor-2282-foto-1.jpeg\" alt=\"A.G.B\"\/><br \/>\n<\/a><\/p>\n<p class=\"v-mdl-ath__p v-mdl-ath__p--6\">\nS\u00e1bado, 27 de diciembre 2025, 09:46<\/p>\n<p>| Actualizado 11:07h.<\/p>\n<p class=\"v-p\">Tras &#8216;El Gordo&#8217; de la Loter\u00eda de Navidad que regaba Le\u00f3n con una lluvia de millones -y de l\u00e1grima no precisamente de felicidad en Villaman\u00edn por el esc\u00e1ndalo de las participaciones- la suerte vuelve a sonre\u00edr a la provincia de Le\u00f3n este mes de diciembre gracias al sorteo de Euromillones.<\/p>\n<p class=\"v-p\">Un acertante de segunda categor\u00eda se lleva el premio en la administraci\u00f3n de Loter\u00edas n\u00famero 4 de Le\u00f3n, la m\u00edtica Santa Clara, y se lleva un premio de 73.045.24 euros. Un premio que cae en el centro de Le\u00f3n, en la administraci\u00f3n regentada por Concha Fern\u00e1ndez, y que supone un importante pellizco en la capital.<\/p>\n<p class=\"v-cnt-m__t\">\nEsc\u00e1ndalo en Villaman\u00edn por El Gordo\n<\/p>\n<p class=\"v-p\">En el sorteo celebrado el 26 de diciembre solo se registr\u00f3 un \u00fanico boleto acertante de primera categor\u00eda que fue validado en el despacho receptor n\u00famero 66.455 de Arrasate, en la localidad gipuzkoana de Mondrag\u00f3n. <\/p>\n<p><img decoding=\"async\" loading=\"lazy\" src=\"https:\/\/www.europesays.com\/es\/wp-content\/uploads\/2025\/12\/euromillones (2)-U2201640569398pg-U240677547764ZdE-650x455@Leonoticias.jpg\" class=\"v-a-img\" width=\"650\" height=\"455\" alt=\"Las responsables de la administraci\u00f3n de Santa Clara que han repartido el premio.\" data-voc-vtm-id=\"in-text-traffic\"\/><\/p>\n<p>Las responsables de la administraci\u00f3n de Santa Clara que han repartido el premio.<\/p>\n<p><img loading=\"lazy\" decoding=\"async\" src=\"https:\/\/www.europesays.com\/es\/wp-content\/uploads\/2025\/12\/euromillones (2)-U2201640569398pg-U240677547764ZJ-1920x1344@Leonoticias.jpg\" class=\"v-mdl__img-z\" width=\"1920\" height=\"1344\" alt=\"\"\/><\/p>\n<p class=\"v-p\">En toda Europa solo se registraron nueve boletos acertantes de segunda categor\u00eda.<\/p>\n<p>Reporta un error<\/p>\n","protected":false},"excerpt":{"rendered":"S\u00e1bado, 27 de diciembre 2025, 09:46 | Actualizado 11:07h. Tras &#8216;El Gordo&#8217; de la Loter\u00eda de Navidad que&hellip;\n","protected":false},"author":2,"featured_media":310025,"comment_status":"","ping_status":"","sticky":false,"template":"","format":"standard","meta":{"footnotes":""},"categories":[80],"tags":[82,245,51,534,95,94,25,24,3037,4108,73037,23],"class_list":{"0":"post-310024","1":"post","2":"type-post","3":"status-publish","4":"format-standard","5":"has-post-thumbnail","7":"category-economia","8":"tag-business","9":"tag-centro","10":"tag-deja","11":"tag-dinero","12":"tag-economia","13":"tag-economy","14":"tag-es","15":"tag-espana","16":"tag-euromillones","17":"tag-leon","18":"tag-pellizcazo","19":"tag-spain"},"share_on_mastodon":{"url":"https:\/\/pubeurope.com\/@es\/115791991637483844","error":""},"_links":{"self":[{"href":"https:\/\/www.europesays.com\/es\/wp-json\/wp\/v2\/posts\/310024","targetHints":{"allow":["GET"]}}],"collection":[{"href":"https:\/\/www.europesays.com\/es\/wp-json\/wp\/v2\/posts"}],"about":[{"href":"https:\/\/www.europesays.com\/es\/wp-json\/wp\/v2\/types\/post"}],"author":[{"embeddable":true,"href":"https:\/\/www.europesays.com\/es\/wp-json\/wp\/v2\/users\/2"}],"replies":[{"embeddable":true,"href":"https:\/\/www.europesays.com\/es\/wp-json\/wp\/v2\/comments?post=310024"}],"version-history":[{"count":0,"href":"https:\/\/www.europesays.com\/es\/wp-json\/wp\/v2\/posts\/310024\/revisions"}],"wp:featuredmedia":[{"embeddable":true,"href":"https:\/\/www.europesays.com\/es\/wp-json\/wp\/v2\/media\/310025"}],"wp:attachment":[{"href":"https:\/\/www.europesays.com\/es\/wp-json\/wp\/v2\/media?parent=310024"}],"wp:term":[{"taxonomy":"category","embeddable":true,"href":"https:\/\/www.europesays.com\/es\/wp-json\/wp\/v2\/categories?post=310024"},{"taxonomy":"post_tag","embeddable":true,"href":"https:\/\/www.europesays.com\/es\/wp-json\/wp\/v2\/tags?post=310024"}],"curies":[{"name":"wp","href":"https:\/\/api.w.org\/{rel}","templated":true}]}}