{"id":310026,"date":"2025-12-27T14:25:14","date_gmt":"2025-12-27T14:25:14","guid":{"rendered":"https:\/\/www.europesays.com\/es\/310026\/"},"modified":"2025-12-27T14:25:14","modified_gmt":"2025-12-27T14:25:14","slug":"nigeria-asegura-que-los-ataques-apoyados-por-ee-uu-impactaron-en-dos-campamentos-del-estado-islamico","status":"publish","type":"post","link":"https:\/\/www.europesays.com\/es\/310026\/","title":{"rendered":"Nigeria asegura que los ataques apoyados por EE UU impactaron en dos campamentos del Estado Isl\u00e1mico"},"content":{"rendered":"<p>Los ataques a\u00e9reos de esta semana en Nigeria respaldados por Estados Unidos impactaron en dos campamentos vinculados al grupo terrorista Estado Isl\u00e1mico (EI) en el bosque de Bauni (noroeste), y golpearon a combatientes extranjeros procedentes del Sahel, inform\u00f3 el Gobierno nigeriano.<\/p>\n<p>\u00abEstos lugares estaban siendo utilizados como bases de concentraci\u00f3n y preparaci\u00f3n por elementos extranjeros del EI que se infiltraban en Nigeria desde la regi\u00f3n del Sahel, en colaboraci\u00f3n con afiliados locales, para planificar y ejecutar ataques terroristas a gran escala en territorio nigeriano\u00bb, se\u00f1al\u00f3 el Ministerio de Informaci\u00f3n en un comunicado publicado a \u00faltima hora del viernes.<\/p>\n<p>Seg\u00fan la nota, las operaciones de \u00abataque de precisi\u00f3n\u00bb se efectuaron el viernes entre las 00:12 y la 01:30 horas (23:12 del jueves y 00:30 del viernes GMT), \u00abtras la aprobaci\u00f3n expl\u00edcita del Presidente de la Rep\u00fablica Federal de Nigeria\u00bb, Bola Ahmed Tinubu.<\/p>\n<p>Los ataques se lanzaron desde plataformas mar\u00edtimas ubicadas en el golfo de Guinea, tras una \u00abexhaustiva recopilaci\u00f3n de inteligencia, planificaci\u00f3n operativa y reconocimiento\u00bb.<\/p>\n<p>\u00abSe desplegaron un total de 16 municiones de precisi\u00f3n guiadas por GPS utilizando plataformas a\u00e9reas no tripuladas MQ-9 Reaper, neutralizando con \u00e9xito a los elementos del EI que intentaban penetrar en Nigeria desde el corredor del Sahel\u00bb, precis\u00f3.<\/p>\n<p>Durante la operaci\u00f3n, cayeron restos de municiones utilizadas en Jabo, en el \u00e1rea de gobierno local de Tambuwal, en el estado de Sokoto; y en Offa, estado de Kwara (oeste), cerca de las instalaciones de un hotel.<\/p>\n<p>\u00abNo se registraron v\u00edctimas civiles en ninguno de los dos lugares, y las autoridades competentes aseguraron r\u00e1pidamente las zonas afectadas\u00bb, explic\u00f3 el Gobierno nigeriano, al reiterar su \u00abfirme determinaci\u00f3n de enfrentar, reducir y eliminar las amenazas terroristas\u00bb en colaboraci\u00f3n con sus \u00absocios estrat\u00e9gicos\u00bb.<\/p>\n<p>\u00abSe insta a la ciudadan\u00eda a mantener la calma y la vigilancia mientras contin\u00faan las acciones decisivas contra todos los grupos terroristas que amenazan a la naci\u00f3n\u00bb, a\u00f1adi\u00f3.<\/p>\n<p>El Gobierno y las Fuerzas Armadas de Nigeria ya confirmaron este viernes que lanzaron ataques a\u00e9reos de manera conjunta con EE.UU. contra objetivos de EI, despu\u00e9s de que el presidente estadounidense, Donald Trump, anunciara el jueves los bombardeos.<\/p>\n<p>\u00abMasacre\u00bb de cristianos<\/p>\n<p>Trump indic\u00f3 que su pa\u00eds lanz\u00f3 un ataque \u00abpoderoso y mortal\u00bb contra campamentos del EI en el noroeste de Nigeria.<\/p>\n<p>Seg\u00fan el Pent\u00e1gono, los ataques requirieron el lanzamiento de una decena de misiles Tomahawk desde un nav\u00edo de la Armada estadounidense desplegado en el Golfo de Guinea, y provocaron \u00abm\u00faltiples\u00bb v\u00edctimas en Sokoto, cerca de la frontera con N\u00edger.<\/p>\n<p>En su red Truth Social, el presidente estadounidense agreg\u00f3: \u00abPreviamente, les advert\u00ed a estos terroristas de que si no deten\u00edan la masacre de cristianos, se desatar\u00eda un infierno, y esta noche lo hubo\u00bb.<\/p>\n<p>El pasado noviembre, Trump denunci\u00f3, sin aportar pruebas, una supuesta \u00abmasacre\u00bb de cristianos en Nigeria, anunci\u00f3 la designaci\u00f3n del pa\u00eds como \u00abde especial preocupaci\u00f3n\u00bb (categor\u00eda reservada para las naciones implicadas en \u00abgraves violaciones de la libertad religiosa\u00bb) y amenaz\u00f3 con una posible intervenci\u00f3n militar.<\/p>\n<p>El Gobierno nigeriano asegur\u00f3 entonces que tomaba nota de esas declaraciones, pero afirm\u00f3 que las acusaciones \u00abno reflejan la realidad sobre el terreno\u00bb.<\/p>\n<p>El noreste de Nigeria sufre ataques del grupo yihadista Boko Haram desde 2009, una violencia que empeor\u00f3 a partir de 2016 con el surgimiento de su escisi\u00f3n, el Estado Isl\u00e1mico de la Provincia de \u00c1frica Occidental (ISWAP).<\/p>\n<p>Ambos grupos pretenden imponer un Estado de corte isl\u00e1mico en Nigeria, pa\u00eds de mayor\u00eda musulmana en el norte y predominantemente cristiano en el sur.<\/p>\n<p>Boko Haram y el ISWAP han matado a m\u00e1s de 35.000 personas -muchas de ellas musulmanas- y han causado unos 2,7 millones de desplazados internos, sobre todo en Nigeria, pero tambi\u00e9n en pa\u00edses vecinos como Camer\u00fan, Chad y N\u00edger, seg\u00fan datos oficiales.<\/p>\n","protected":false},"excerpt":{"rendered":"Los ataques a\u00e9reos de esta semana en Nigeria respaldados por Estados Unidos impactaron en dos campamentos vinculados al&hellip;\n","protected":false},"author":2,"featured_media":310027,"comment_status":"","ping_status":"","sticky":false,"template":"","format":"standard","meta":{"footnotes":""},"categories":[42],"tags":[17,18,13,14,11,61,62,63,64,19,20,9,10,15,16,12,21,22,65,66,67],"class_list":{"0":"post-310026","1":"post","2":"type-post","3":"status-publish","4":"format-standard","5":"has-post-thumbnail","7":"category-internacional","8":"tag-breaking-news","9":"tag-breakingnews","10":"tag-featured-news","11":"tag-featurednews","12":"tag-headlines","13":"tag-internacional","14":"tag-international","15":"tag-international-news","16":"tag-internationalnews","17":"tag-latest-news","18":"tag-latestnews","19":"tag-news","20":"tag-noticias","21":"tag-noticias-destacadas","22":"tag-noticiasdestacadas","23":"tag-titulares","24":"tag-ultimas-noticias","25":"tag-ultimasnoticias","26":"tag-world","27":"tag-world-news","28":"tag-worldnews"},"share_on_mastodon":{"url":"https:\/\/pubeurope.com\/@es\/115791994755638145","error":""},"_links":{"self":[{"href":"https:\/\/www.europesays.com\/es\/wp-json\/wp\/v2\/posts\/310026","targetHints":{"allow":["GET"]}}],"collection":[{"href":"https:\/\/www.europesays.com\/es\/wp-json\/wp\/v2\/posts"}],"about":[{"href":"https:\/\/www.europesays.com\/es\/wp-json\/wp\/v2\/types\/post"}],"author":[{"embeddable":true,"href":"https:\/\/www.europesays.com\/es\/wp-json\/wp\/v2\/users\/2"}],"replies":[{"embeddable":true,"href":"https:\/\/www.europesays.com\/es\/wp-json\/wp\/v2\/comments?post=310026"}],"version-history":[{"count":0,"href":"https:\/\/www.europesays.com\/es\/wp-json\/wp\/v2\/posts\/310026\/revisions"}],"wp:featuredmedia":[{"embeddable":true,"href":"https:\/\/www.europesays.com\/es\/wp-json\/wp\/v2\/media\/310027"}],"wp:attachment":[{"href":"https:\/\/www.europesays.com\/es\/wp-json\/wp\/v2\/media?parent=310026"}],"wp:term":[{"taxonomy":"category","embeddable":true,"href":"https:\/\/www.europesays.com\/es\/wp-json\/wp\/v2\/categories?post=310026"},{"taxonomy":"post_tag","embeddable":true,"href":"https:\/\/www.europesays.com\/es\/wp-json\/wp\/v2\/tags?post=310026"}],"curies":[{"name":"wp","href":"https:\/\/api.w.org\/{rel}","templated":true}]}}