{"id":310057,"date":"2025-12-27T15:02:19","date_gmt":"2025-12-27T15:02:19","guid":{"rendered":"https:\/\/www.europesays.com\/es\/310057\/"},"modified":"2025-12-27T15:02:19","modified_gmt":"2025-12-27T15:02:19","slug":"lamine-yamal-raphinha-vinicius-un-fisioterapeuta-explica-el-motivo-real-por-el-que-los-futbolistas-se-vendan-las-manos","status":"publish","type":"post","link":"https:\/\/www.europesays.com\/es\/310057\/","title":{"rendered":"Lamine Yamal, Raphinha, Vinicius&#8230; Un fisioterapeuta explica el motivo real por el que los futbolistas se vendan las manos"},"content":{"rendered":"<p class=\"ft-text\">Durante la temporada pasada fue bastante pol\u00e9mica la <strong>mano vendada de algunos de los futbolistas del FC Barcelona<\/strong>. Tanto que incuso desde algunas partes de Espa\u00f1a se aseguraba que respond\u00eda al hecho de que pudiera estar usando <strong>sustancias que le ayudaran en el rendimiento deportivo<\/strong>, siendo este quiz\u00e1s el mayor halago a la gran temporada de <strong>Lamine Yamal<\/strong> y compa\u00f1\u00eda.<\/p>\n<p class=\"ft-text\">En el caso del extremo de Rocafonda su origen es una <strong>lesi\u00f3n en dos de sus dedos<\/strong> de la mano derecha en febrero, aunque al notarse tan c\u00f3modo sobre el campo ha decidido mantenerlo hasta d\u00eda de hoy. Algo parecido pas\u00f3 con <strong>Raphinha<\/strong>, quien se lastim\u00f3 la mano en una concentraci\u00f3n con Brasil y mantuvo el vendaje hasta el final, incluso <strong>se\u00f1al\u00e1ndose la mano tras marcar en el Cl\u00e1sico<\/strong> del mes de mayo, reivindic\u00e1ndose.<\/p>\n<p><img decoding=\"async\" src=\"https:\/\/www.europesays.com\/es\/wp-content\/uploads\/2025\/12\/b4c9155a-59d5-4db3-8303-bae3b9df37ef_alta-libre-aspect-ratio_default_0.jpg\" width=\"1200\" height=\"675\" alt=\"Raphinha celebra su gol se\u00f1al\u00e1ndose el vendaje que tanta tirria gener\u00f3 en Madrid.\" class=\"ft-helper-img-rd\" loading=\"lazy\"\/><\/p>\n<p class=\"ft-helper-fontColor-quaternary ft-helper-fontSize-body-S ft-helper-spacer-t-xxs\">Raphinha celebra su gol se\u00f1al\u00e1ndose el vendaje que tanta tirria gener\u00f3 en Madrid.  \/ EFE<\/p>\n<p class=\"ft-text\">Sin embargo, el motivo de los vendajes en las manos de los futbolistas tienen or\u00edgenes diversos, seg\u00fan ha revelado <strong>el fisioterapeuta m\u00e1s famoso de Instagram, Antonio P\u00e9rez<\/strong>.<\/p>\n<p class=\"ft-text\">\u00abHay tres razones\u00bb, comenta el experto. La primera ser\u00eda los esguinces de mu\u00f1eca: \u00ab<strong>La gran mayor\u00eda se provocan por ca\u00eddas y en el f\u00fatbol hay muchas<\/strong>. Esto hace que muchos jugadores sientan molestias y se pongan estos llamativos vendajes, que adem\u00e1s les <strong>aportan mucha seguridad<\/strong>\u00ab, puntualiza.<\/p>\n<p class=\"ft-text\">En el caso de los que llevan dos o m\u00e1s dedos unidos suele responder a \u00ab<strong>un peque\u00f1o esguince en el dedo que hace que al correr le moleste<\/strong>\u00ab, contin\u00faa.<\/p>\n<p class=\"ft-text\">Sin embargo, sea porque le ayuda a mentalizarse o por otra cosa, el fisio indica que en el caso de Lamine Yamal \u00ab<strong>entra un poco el postureo<\/strong>\u00ab, ya que aunque la lesi\u00f3n original era solo en el dedo tambi\u00e9n se vendan la mu\u00f1eca \u00ab<strong>para sumar aura<\/strong>\u00ab.<\/p>\n<p class=\"ft-text\">Pese a ello, su caso, como coment\u00e1bamos podr\u00eda responder al siguiente de las situaciones que menciona: \u00ab<strong>Lo usan como amuleto<\/strong>\u00ab, para mantener una buena din\u00e1mica conseguida durante su uso.<\/p>\n<p class=\"ft-text\">Esto no es exclusivo del f\u00fatbol, ya que en <strong>baloncesto<\/strong>, por ejemplo, muchos jugadores usan <strong>mangas compresoras o mallas<\/strong> bajo la equipaci\u00f3n cuyo beneficio es m\u00ednimo o nulo, aunque la simple sensaci\u00f3n de llevarlo les ayuda a poner el cerebro en modo competitivo, o bien simplemente por <strong>motivos est\u00e9ticos<\/strong>.<\/p>\n","protected":false},"excerpt":{"rendered":"Durante la temporada pasada fue bastante pol\u00e9mica la mano vendada de algunos de los futbolistas del FC Barcelona.&hellip;\n","protected":false},"author":2,"featured_media":310058,"comment_status":"","ping_status":"","sticky":false,"template":"","format":"standard","meta":{"footnotes":""},"categories":[268],"tags":[168,25,24,57494,280,282,11680,8138,11679,281,23,167,13334,14780],"class_list":{"0":"post-310057","1":"post","2":"type-post","3":"status-publish","4":"format-standard","5":"has-post-thumbnail","7":"category-futbol","8":"tag-deportes","9":"tag-es","10":"tag-espana","11":"tag-fisioterapeuta","12":"tag-football","13":"tag-futbol","14":"tag-lamine","15":"tag-lamine-yamal","16":"tag-raphinha","17":"tag-soccer","18":"tag-spain","19":"tag-sports","20":"tag-vinicius","21":"tag-yamal"},"share_on_mastodon":{"url":"https:\/\/pubeurope.com\/@es\/115792141175164003","error":""},"_links":{"self":[{"href":"https:\/\/www.europesays.com\/es\/wp-json\/wp\/v2\/posts\/310057","targetHints":{"allow":["GET"]}}],"collection":[{"href":"https:\/\/www.europesays.com\/es\/wp-json\/wp\/v2\/posts"}],"about":[{"href":"https:\/\/www.europesays.com\/es\/wp-json\/wp\/v2\/types\/post"}],"author":[{"embeddable":true,"href":"https:\/\/www.europesays.com\/es\/wp-json\/wp\/v2\/users\/2"}],"replies":[{"embeddable":true,"href":"https:\/\/www.europesays.com\/es\/wp-json\/wp\/v2\/comments?post=310057"}],"version-history":[{"count":0,"href":"https:\/\/www.europesays.com\/es\/wp-json\/wp\/v2\/posts\/310057\/revisions"}],"wp:featuredmedia":[{"embeddable":true,"href":"https:\/\/www.europesays.com\/es\/wp-json\/wp\/v2\/media\/310058"}],"wp:attachment":[{"href":"https:\/\/www.europesays.com\/es\/wp-json\/wp\/v2\/media?parent=310057"}],"wp:term":[{"taxonomy":"category","embeddable":true,"href":"https:\/\/www.europesays.com\/es\/wp-json\/wp\/v2\/categories?post=310057"},{"taxonomy":"post_tag","embeddable":true,"href":"https:\/\/www.europesays.com\/es\/wp-json\/wp\/v2\/tags?post=310057"}],"curies":[{"name":"wp","href":"https:\/\/api.w.org\/{rel}","templated":true}]}}