{"id":310111,"date":"2025-12-27T15:42:16","date_gmt":"2025-12-27T15:42:16","guid":{"rendered":"https:\/\/www.europesays.com\/es\/310111\/"},"modified":"2025-12-27T15:42:16","modified_gmt":"2025-12-27T15:42:16","slug":"ela-expresa-su-pesame-por-el-fallecimiento-de-alfonso-etxeberria-ela-sindikatua","status":"publish","type":"post","link":"https:\/\/www.europesays.com\/es\/310111\/","title":{"rendered":"ELA expresa su p\u00e9same por el fallecimiento de Alfonso Etxeberria \u2014 ELA Sindikatua"},"content":{"rendered":"<p>\n              Con motivo del fallecimiento de Alfonso Etxeberria, ex secretario general de ELA y una de las figuras m\u00e1s relevantes de la historia reciente del sindicalismo vasco, ELA desea trasladar su m\u00e1s sentido p\u00e9same a su familia y amistades.\n              <\/p>\n<p>La trayectoria de Alfonso Etxeberria est\u00e1 estrechamente vinculada al proceso de reorganizaci\u00f3n y fortalecimiento de ELA en una etapa de gran trascendencia hist\u00f3rica. En un contexto marcado por el final del franquismo y por la necesidad de reconstruir el sindicalismo vasco desde la ra\u00edz, su papel fue clave para asentar las bases organizativas, pol\u00edticas y estrat\u00e9gicas de un proyecto sindical aut\u00f3nomo, nacional y de clase, que hoy sigue vigente.<\/p>\n<p>A mediados de los a\u00f1os 70, Alfonso Etxeberria lider\u00f3 uno de los principales grupos de militantes que, tras a\u00f1os de actividad en condiciones de clandestinidad, impulsaron la reconstrucci\u00f3n de ELA como organizaci\u00f3n cohesionada, con presencia territorial plena en Hegoalde y con vocaci\u00f3n de permanencia. Su compromiso con una visi\u00f3n sindical que integrara el trabajo organizativo, la identidad nacional y la perspectiva social fue decisivo para dotar al sindicato de un marco estructurado y estrat\u00e9gico.<br \/>En 1975, ese proceso culmin\u00f3 con la incorporaci\u00f3n de su grupo a la direcci\u00f3n de ELA, en un acuerdo que permiti\u00f3 cerrar un ciclo de fragmentaci\u00f3n e iniciar una nueva etapa de unidad organizativa. Su contribuci\u00f3n fue determinante en la preparaci\u00f3n del III Congreso de ELA, celebrado en 1976, que supuso la superaci\u00f3n de la excepcionalidad impuesta por el franquismo, y en el que se definieron con claridad las bases ideol\u00f3gicas y organizativas de un nuevo modelo sindical.<\/p>\n<p>Durante esa etapa, Alfonso Etxeberria defendi\u00f3 una concepci\u00f3n de ELA como organizaci\u00f3n plenamente aut\u00f3noma, desvinculada de estructuras partidarias, con una pr\u00e1ctica sindical centrada en la defensa de los intereses materiales y pol\u00edticos de la clase trabajadora vasca, y con una estructura interna basada en la afiliaci\u00f3n y la financiaci\u00f3n independiente.<br \/>Su labor como secretario general se desarroll\u00f3 en un momento especialmente delicado. Bajo su impulso, ELA consolid\u00f3 una direcci\u00f3n renovada, ampli\u00f3 su base social, reforz\u00f3 sus v\u00ednculos con el sindicalismo internacional y se dot\u00f3 de los instrumentos necesarios para intervenir en la realidad sociolaboral de Euskal Herria con mayor eficacia y coherencia.<\/p>\n<p>ELA desea dejar constancia de su reconocimiento a la contribuci\u00f3n hist\u00f3rica de Alfonso Etxeberria, tanto por el trabajo que desempe\u00f1\u00f3 directamente como por el legado organizativo que ayud\u00f3 a construir. Su aportaci\u00f3n forma parte de un proceso colectivo de transformaci\u00f3n, pero tiene tambi\u00e9n una impronta personal que el sindicato valora y agradece.<br \/>En nombre de ELA, queremos expresar nuestro afecto y cercan\u00eda a sus familiares y personas queridas en estos momentos de duelo.<\/p>\n","protected":false},"excerpt":{"rendered":"Con motivo del fallecimiento de Alfonso Etxeberria, ex secretario general de ELA y una de las figuras m\u00e1s&hellip;\n","protected":false},"author":2,"featured_media":310112,"comment_status":"","ping_status":"","sticky":false,"template":"","format":"standard","meta":{"footnotes":""},"categories":[8],"tags":[17,18,25,24,13,14,11,19,20,9,10,15,16,23,12,21,22],"class_list":{"0":"post-310111","1":"post","2":"type-post","3":"status-publish","4":"format-standard","5":"has-post-thumbnail","7":"category-espana","8":"tag-breaking-news","9":"tag-breakingnews","10":"tag-es","11":"tag-espana","12":"tag-featured-news","13":"tag-featurednews","14":"tag-headlines","15":"tag-latest-news","16":"tag-latestnews","17":"tag-news","18":"tag-noticias","19":"tag-noticias-destacadas","20":"tag-noticiasdestacadas","21":"tag-spain","22":"tag-titulares","23":"tag-ultimas-noticias","24":"tag-ultimasnoticias"},"share_on_mastodon":{"url":"https:\/\/pubeurope.com\/@es\/115792297698516700","error":""},"_links":{"self":[{"href":"https:\/\/www.europesays.com\/es\/wp-json\/wp\/v2\/posts\/310111","targetHints":{"allow":["GET"]}}],"collection":[{"href":"https:\/\/www.europesays.com\/es\/wp-json\/wp\/v2\/posts"}],"about":[{"href":"https:\/\/www.europesays.com\/es\/wp-json\/wp\/v2\/types\/post"}],"author":[{"embeddable":true,"href":"https:\/\/www.europesays.com\/es\/wp-json\/wp\/v2\/users\/2"}],"replies":[{"embeddable":true,"href":"https:\/\/www.europesays.com\/es\/wp-json\/wp\/v2\/comments?post=310111"}],"version-history":[{"count":0,"href":"https:\/\/www.europesays.com\/es\/wp-json\/wp\/v2\/posts\/310111\/revisions"}],"wp:featuredmedia":[{"embeddable":true,"href":"https:\/\/www.europesays.com\/es\/wp-json\/wp\/v2\/media\/310112"}],"wp:attachment":[{"href":"https:\/\/www.europesays.com\/es\/wp-json\/wp\/v2\/media?parent=310111"}],"wp:term":[{"taxonomy":"category","embeddable":true,"href":"https:\/\/www.europesays.com\/es\/wp-json\/wp\/v2\/categories?post=310111"},{"taxonomy":"post_tag","embeddable":true,"href":"https:\/\/www.europesays.com\/es\/wp-json\/wp\/v2\/tags?post=310111"}],"curies":[{"name":"wp","href":"https:\/\/api.w.org\/{rel}","templated":true}]}}