{"id":310121,"date":"2025-12-27T15:54:12","date_gmt":"2025-12-27T15:54:12","guid":{"rendered":"https:\/\/www.europesays.com\/es\/310121\/"},"modified":"2025-12-27T15:54:12","modified_gmt":"2025-12-27T15:54:12","slug":"el-museo-reina-sofia-se-hace-con-este-cuadro-de-maruja-mallo-por-570-000-euros-estas-son-todas-las-nuevas-adquisiciones-del-centro","status":"publish","type":"post","link":"https:\/\/www.europesays.com\/es\/310121\/","title":{"rendered":"El Museo Reina Sof\u00eda se hace con este cuadro de Maruja Mallo por 570.000 euros: estas son todas las nuevas adquisiciones del centro"},"content":{"rendered":"<p><img alt=\"El Reina Sof\u00eda se hace\" class=\"global-image\" decoding=\"async\" fetchpriority=\"high\" height=\"556\" loading=\"eager\" src=\"https:\/\/www.europesays.com\/es\/wp-content\/uploads\/2025\/12\/X4VESZEXMVAJ5NPYOP5DP35CDE.jpg\" width=\"992\"\/>El Reina Sof\u00eda se hace con uno de los cuadros m\u00e1s importantes de Maruja Mallo<\/p>\n<p class=\"paragraph\">El <b>Museo Nacional Centro de Arte Reina Sof\u00eda<\/b> cierra el a\u00f1o con la adquisici\u00f3n de <b>Verbena de Pascua (Carnaval de Navidad)<\/b> (1928), de <b>Maruja Mallo<\/b>, por 570.000 euros, seg\u00fan ha informado Aitor Merino Mart\u00ednez, historiador y mediador cultural, a trav\u00e9s de su perfil en X. Esta nueva incorporaci\u00f3n fortalece el patrimonio de la instituci\u00f3n, que apuesta por enriquecer su acervo con piezas de la vanguardia espa\u00f1ola y obras de autor\u00eda femenina. La compra posiciona al <a href=\"https:\/\/www.infobae.com\/espana\/2025\/09\/17\/de-maruja-mallo-a-oliver-laxe-el-museo-reina-sofia-anuncia-su-calendario-de-nuevas-exposiciones-para-la-temporada-2025-2026\/\" target=\"_blank\" rel=\"noreferrer nofollow noopener\" title=\"https:\/\/www.infobae.com\/espana\/2025\/09\/17\/de-maruja-mallo-a-oliver-laxe-el-museo-reina-sofia-anuncia-su-calendario-de-nuevas-exposiciones-para-la-temporada-2025-2026\/\">museo <\/a>entre los principales referentes en la conservaci\u00f3n y exhibici\u00f3n de arte contempor\u00e1neo en Espa\u00f1a.<\/p>\n<p class=\"paragraph\">La pintura de <b>Maruja Mallo<\/b> integra una serie realizada originalmente para la <b>Revista de Occidente<\/b> y se vincula con el ambiente ca\u00f3tico, surrealista y subversivo de las fiestas populares al aire libre en Madrid. La <a href=\"https:\/\/www.infobae.com\/cultura\/2025\/12\/15\/maruja-mallo-rompe-moldes-surrealismo-geometrica-o-algo-totalmente-distinto\/\" target=\"_blank\" rel=\"noreferrer nofollow noopener\" title=\"https:\/\/www.infobae.com\/cultura\/2025\/12\/15\/maruja-mallo-rompe-moldes-surrealismo-geometrica-o-algo-totalmente-distinto\/\">artista<\/a>, nacida en Galicia en 1902, se consolid\u00f3 como una de las figuras esenciales de la modernidad art\u00edstica en Espa\u00f1a. Su trabajo durante los a\u00f1os veinte y treinta se centr\u00f3 en plasmar escenas multitudinarias y la energ\u00eda de la vida urbana, utilizando colores intensos y composiciones innovadoras. Esta adquisici\u00f3n responde a la estrategia del Reina Sof\u00eda de visibilizar a creadoras hist\u00f3ricamente relevantes y completar vac\u00edos dentro de su colecci\u00f3n permanente.<\/p>\n<p class=\"paragraph\">El anuncio realizado por Aitor Merino Mart\u00ednez sit\u00faa la cifra de compra en 570.000 euros, un monto que la convierte en una de las operaciones econ\u00f3micas m\u00e1s destacadas del museo en los \u00faltimos a\u00f1os. Seg\u00fan su publicaci\u00f3n, Verbena de Pascua (Carnaval de Navidad) \u00abconstituye un testimonio \u00fanico de la experimentaci\u00f3n formal y el esp\u00edritu rupturista de la autora en la <a href=\"https:\/\/www.infobae.com\/espana\/2025\/09\/22\/hogares-rotos-e-infancias-perdidas-tras-la-guerra-civil-la-vida-de-los-ninos-y-ninas-que-ejercieron-como-pastores-sirvientas-y-prostitutas-para-poder-comer\/\" target=\"_blank\" rel=\"noreferrer nofollow noopener\" title=\"https:\/\/www.infobae.com\/espana\/2025\/09\/22\/hogares-rotos-e-infancias-perdidas-tras-la-guerra-civil-la-vida-de-los-ninos-y-ninas-que-ejercieron-como-pastores-sirvientas-y-prostitutas-para-poder-comer\/\">preguerra espa\u00f1ola<\/a>\u201c. La obra se integrar\u00e1 en la pr\u00f3xima reordenaci\u00f3n de las salas permanentes del museo, prevista para los meses iniciales de 2026.<\/p>\n<p><img alt=\"Imagen del cuadro 'Verbena de\" class=\"global-image\" decoding=\"async\" fetchpriority=\"low\" height=\"745\" loading=\"lazy\" src=\"https:\/\/www.europesays.com\/es\/wp-content\/uploads\/2025\/12\/OHYTN7WC2FB4DGFIELHYOYBKPQ.jpg\" width=\"1199\"\/>Imagen del cuadro &#8216;Verbena de Pascua&#8217;, de Maruja Mallo<\/p>\n<p class=\"paragraph\">El propio Merino Mart\u00ednez detall\u00f3 en su hilo de X que la adquisici\u00f3n de la obra de Mallo no fue la \u00fanica acci\u00f3n de compra relevante de la instituci\u00f3n al cierre de 2025. Entre las piezas sumadas recientemente al cat\u00e1logo del museo destaca <b>Proyecto de uso de la Chantr\u00eda<\/b><b> <\/b>(1990), de <b>Isidoro Valc\u00e1rcel Medina<\/b>, por 136.000 euros. Tambi\u00e9n se incorpor\u00f3 <b>L\u2019Aragonais. Oui, jeune homme \u00e0 la marguerite<\/b><b> <\/b>(1927),<b> <\/b>de <b>Pablo Gargallo, <\/b>por 90.000 euros, as\u00ed como <b>Playa<\/b><b> (2005), <\/b>de <b>Maider L\u00f3pez<\/b>,<b> <\/b>por 26.000 euros.<\/p>\n<p class=\"paragraph\">Seg\u00fan la misma fuente, el <b>Reina Sof\u00eda<\/b> tambi\u00e9n formaliz\u00f3 la compra de la serie <b>Herbarium<\/b><b>, de Joan Fontcuberta, <\/b>por 70.000 euros, y de <b>A barca de Caronte<\/b>, de <b>Isaac D\u00edaz Pardo<\/b>, por 120.000 euros. El lote se ampl\u00eda con tres obras de <b>Delhy Tejero<\/b>, cuyo valor conjunto asciende a 187.000 euros. Estas adquisiciones refuerzan la pol\u00edtica de diversificaci\u00f3n del fondo art\u00edstico de la instituci\u00f3n y la apuesta por artistas con trayectorias consolidadas o propuestas singulares en el panorama contempor\u00e1neo.<\/p>\n<p class=\"paragraph\">En el tramo final de su hilo, Aitor Merino Mart\u00ednez present\u00f3 la que probablemente ser\u00e1 la \u00faltima compra del a\u00f1o: Arquera<b> <\/b>(1935), de Rafael Pellicer, por 50.000 euros. Seg\u00fan el historiador, se trata de una pieza excepcional donde confluyen referencias a la est\u00e9tica nacionalsocialista y al simbolismo. \u201cDialogar\u00e1 bien con la \u2018Vicetiple\u2019 que ya cuelga en el museo\u201d, indic\u00f3 en su mensaje, anticipando su integraci\u00f3n en el recorrido muse\u00edstico.<\/p>\n<p class=\"paragraph\">Las adquisiciones de fin de a\u00f1o ratifican la orientaci\u00f3n del <a href=\"https:\/\/www.infobae.com\/espana\/2025\/11\/28\/el-museo-nacional-de-arte-reina-sofia-reune-40-anos-de-la-obra-de-juan-usle-en-una-gran-retrospectiva\/\" target=\"_blank\" rel=\"noreferrer nofollow noopener\" title=\"https:\/\/www.infobae.com\/espana\/2025\/11\/28\/el-museo-nacional-de-arte-reina-sofia-reune-40-anos-de-la-obra-de-juan-usle-en-una-gran-retrospectiva\/\">Museo Reina Sof\u00eda<\/a> hacia la actualizaci\u00f3n, el equilibrio de g\u00e9neros y la representaci\u00f3n plural de la historia del arte espa\u00f1ol. El proceso, acompa\u00f1ado de la reordenaci\u00f3n de las salas permanentes, busca consolidar a la instituci\u00f3n como un referente internacional en arte moderno y contempor\u00e1neo.<\/p>\n","protected":false},"excerpt":{"rendered":"El Reina Sof\u00eda se hace con uno de los cuadros m\u00e1s importantes de Maruja Mallo El Museo Nacional&hellip;\n","protected":false},"author":2,"featured_media":310122,"comment_status":"","ping_status":"","sticky":false,"template":"","format":"standard","meta":{"footnotes":""},"categories":[173],"tags":[229,233,231,230,232,234,146,147,25,24,23],"class_list":{"0":"post-310121","1":"post","2":"type-post","3":"status-publish","4":"format-standard","5":"has-post-thumbnail","7":"category-arte-y-diseno","8":"tag-arte","9":"tag-arte-y-diseno","10":"tag-arts","11":"tag-arts-and-design","12":"tag-design","13":"tag-diseno","14":"tag-entertainment","15":"tag-entretenimiento","16":"tag-es","17":"tag-espana","18":"tag-spain"},"share_on_mastodon":{"url":"https:\/\/pubeurope.com\/@es\/115792345404035403","error":""},"_links":{"self":[{"href":"https:\/\/www.europesays.com\/es\/wp-json\/wp\/v2\/posts\/310121","targetHints":{"allow":["GET"]}}],"collection":[{"href":"https:\/\/www.europesays.com\/es\/wp-json\/wp\/v2\/posts"}],"about":[{"href":"https:\/\/www.europesays.com\/es\/wp-json\/wp\/v2\/types\/post"}],"author":[{"embeddable":true,"href":"https:\/\/www.europesays.com\/es\/wp-json\/wp\/v2\/users\/2"}],"replies":[{"embeddable":true,"href":"https:\/\/www.europesays.com\/es\/wp-json\/wp\/v2\/comments?post=310121"}],"version-history":[{"count":0,"href":"https:\/\/www.europesays.com\/es\/wp-json\/wp\/v2\/posts\/310121\/revisions"}],"wp:featuredmedia":[{"embeddable":true,"href":"https:\/\/www.europesays.com\/es\/wp-json\/wp\/v2\/media\/310122"}],"wp:attachment":[{"href":"https:\/\/www.europesays.com\/es\/wp-json\/wp\/v2\/media?parent=310121"}],"wp:term":[{"taxonomy":"category","embeddable":true,"href":"https:\/\/www.europesays.com\/es\/wp-json\/wp\/v2\/categories?post=310121"},{"taxonomy":"post_tag","embeddable":true,"href":"https:\/\/www.europesays.com\/es\/wp-json\/wp\/v2\/tags?post=310121"}],"curies":[{"name":"wp","href":"https:\/\/api.w.org\/{rel}","templated":true}]}}