{"id":310131,"date":"2025-12-27T16:04:28","date_gmt":"2025-12-27T16:04:28","guid":{"rendered":"https:\/\/www.europesays.com\/es\/310131\/"},"modified":"2025-12-27T16:04:28","modified_gmt":"2025-12-27T16:04:28","slug":"jacob-petrus-y-juanma-lopez-iturriaga-en-rtve-responde","status":"publish","type":"post","link":"https:\/\/www.europesays.com\/es\/310131\/","title":{"rendered":"Jacob Petrus y Juanma L\u00f3pez Iturriaga, en RTVE Responde"},"content":{"rendered":"<p>Dos de los presentadores de la Gala Inocente 2025, <strong>Jacob Petrus y Juanma L\u00f3pez Iturriaga<\/strong>, desvelar\u00e1n este domingo en <strong><a href=\"https:\/\/www.rtve.es\/rtve-responde\/\" rel=\"nofollow noopener\" target=\"_blank\">\u2018RTVE Responde\u2019<\/a><\/strong> algunos de los entresijos del programa del 28 de diciembre. Hablar\u00e1n con Beatriz Ari\u00f1o, <strong>Defensora de la Audiencia<\/strong>, de los momentos m\u00e1s complicados y divertidos que suceden en un formato de televisi\u00f3n que busca entretener con un fin solidario: <strong>colaborar en la lucha contra el c\u00e1ncer infantil e impulsar programas asistenciales y de investigaci\u00f3n para los menores y sus familias.  <\/strong><\/p>\n<p><strong>Petrus<\/strong> <strong>e<\/strong> <strong>Iturriaga<\/strong> contar\u00e1n an\u00e9cdotas de este tradicional programa navide\u00f1o que celebra su edici\u00f3n <strong>n\u00famero 30<\/strong>. Y en uno de los reportajes, el espectador podr\u00e1 ver un ejemplo del <strong>destino del dinero que se recauda. <\/strong><\/p>\n<p><strong>\u2018RTVE Responde\u2019<\/strong> repasar\u00e1 tambi\u00e9n algunos de los asuntos por los que m\u00e1s han preguntado los espectadores, oyentes y usuarios de la radiotelevisi\u00f3n p\u00fablica. Con el director del \u00c1rea de Pol\u00edtica Audiovisual y Servicio P\u00fablico, <strong>Javier S\u00e1nchez<\/strong>, abordar\u00e1 el <strong>fin de las emisiones en Onda Media de RNE<\/strong> y la apuesta por la radio digital, que se abre camino a partir de ahora con m\u00e1s fuerza. Y <strong>Javier Gonz\u00e1lez<\/strong>, director Comercial de RTVE explicar\u00e1 algunos de los ajustes que est\u00e1n llevando a cabo para armonizar los <strong>contenidos publicitarios de RTVE Play con el visionado de los usuarios.  <\/strong><\/p>\n<p>Adem\u00e1s, la pr\u00f3xima <strong>Gala de Reyes de la Orquesta y Coro de RTVE<\/strong> permitir\u00e1 conocer un poco mejor a esta formaci\u00f3n de 150 m\u00fasicos que tiene en estas fechas navide\u00f1as uno de los momentos del calendario m\u00e1s ocupados del a\u00f1o. <\/p>\n","protected":false},"excerpt":{"rendered":"Dos de los presentadores de la Gala Inocente 2025, Jacob Petrus y Juanma L\u00f3pez Iturriaga, desvelar\u00e1n este domingo&hellip;\n","protected":false},"author":2,"featured_media":310132,"comment_status":"","ping_status":"","sticky":false,"template":"","format":"standard","meta":{"footnotes":""},"categories":[91],"tags":[146,147,25,24,23],"class_list":{"0":"post-310131","1":"post","2":"type-post","3":"status-publish","4":"format-standard","5":"has-post-thumbnail","7":"category-entretenimiento","8":"tag-entertainment","9":"tag-entretenimiento","10":"tag-es","11":"tag-espana","12":"tag-spain"},"share_on_mastodon":{"url":"https:\/\/pubeurope.com\/@es\/115792384450658097","error":""},"_links":{"self":[{"href":"https:\/\/www.europesays.com\/es\/wp-json\/wp\/v2\/posts\/310131","targetHints":{"allow":["GET"]}}],"collection":[{"href":"https:\/\/www.europesays.com\/es\/wp-json\/wp\/v2\/posts"}],"about":[{"href":"https:\/\/www.europesays.com\/es\/wp-json\/wp\/v2\/types\/post"}],"author":[{"embeddable":true,"href":"https:\/\/www.europesays.com\/es\/wp-json\/wp\/v2\/users\/2"}],"replies":[{"embeddable":true,"href":"https:\/\/www.europesays.com\/es\/wp-json\/wp\/v2\/comments?post=310131"}],"version-history":[{"count":0,"href":"https:\/\/www.europesays.com\/es\/wp-json\/wp\/v2\/posts\/310131\/revisions"}],"wp:featuredmedia":[{"embeddable":true,"href":"https:\/\/www.europesays.com\/es\/wp-json\/wp\/v2\/media\/310132"}],"wp:attachment":[{"href":"https:\/\/www.europesays.com\/es\/wp-json\/wp\/v2\/media?parent=310131"}],"wp:term":[{"taxonomy":"category","embeddable":true,"href":"https:\/\/www.europesays.com\/es\/wp-json\/wp\/v2\/categories?post=310131"},{"taxonomy":"post_tag","embeddable":true,"href":"https:\/\/www.europesays.com\/es\/wp-json\/wp\/v2\/tags?post=310131"}],"curies":[{"name":"wp","href":"https:\/\/api.w.org\/{rel}","templated":true}]}}