{"id":310151,"date":"2025-12-27T16:21:19","date_gmt":"2025-12-27T16:21:19","guid":{"rendered":"https:\/\/www.europesays.com\/es\/310151\/"},"modified":"2025-12-27T16:21:19","modified_gmt":"2025-12-27T16:21:19","slug":"la-epifania-del-pintor-almela-costa-hace-un-siglo","status":"publish","type":"post","link":"https:\/\/www.europesays.com\/es\/310151\/","title":{"rendered":"La epifan\u00eda del pintor Almela Costa hace un siglo"},"content":{"rendered":"<p><a class=\"v-mdl-ath__fig-a\" href=\"https:\/\/www.laverdad.es\/autor\/jose-antonio-melgares-guerrero-3223.html\" title=\"Jos\u00e9 Antonio Melgares Guerrero\" rel=\"nofollow noopener\" target=\"_blank\"><br \/>\n<img decoding=\"async\" class=\"v-mdl-ath__img\" src=\"https:\/\/www.europesays.com\/es\/wp-content\/uploads\/2025\/12\/autor-3223-foto-1.jpeg\" alt=\"Jos\u00e9 Antonio Melgares Guerrero\"\/><br \/>\n<\/a><\/p>\n<p class=\"v-mdl-ath__p v-mdl-ath__p--6\">\nS\u00e1bado, 27 de diciembre 2025, 08:33<\/p>\n<p class=\"v-p\">A lo largo de este 2025 a punto de concluir se ha cumplido el siglo de la puesta de largo como pintor del catedr\u00e1tico murciano Jos\u00e9 Mar\u00eda Almela Costa, quien fue profeta en Madrid antes de serlo en su tierra, donde expuso, con mucho \u00e9xito social y de cr\u00edtica, primero en Cartagena en el mes de abril, y un mes despu\u00e9s en la capital. En la primera, en los salones de la Real Sociedad Econ\u00f3mica de Amigos del Pa\u00eds, propiciada por el periodista Miguel Pelayo, y en Murcia en el entonces floreciente y prestigioso C\u00edrculo de Bellas Artes (en la calle Traper\u00eda).<\/p>\n<p class=\"v-p\">Almela hab\u00eda sido condisc\u00edpulo en la Sociedad Econ\u00f3mica de Murcia, de Pedro Flores, Luis Garay y Joaqu\u00edn, aunque muy distante del quehacer pict\u00f3rico de aquellos. Posteriormente marcho a Madrid, a la Academia de Bellas Artes de San Fernando, donde fue disc\u00edpulo de Sorolla, Romero de Torres y Simonet.<\/p>\n<p class=\"v-p\">Sus primeras exposiciones tuvieron lugar en Madrid (en enero de 1924) en el Sal\u00f3n Permanente del C\u00edrculo de Bellas Artes, (plaza de las Cortes), a la que asisti\u00f3 la Infanta Do\u00f1a Isabel; Oviedo y Bilbao, tierras estas \u00faltimas donde pint\u00f3 mucho paisaje, que trajo a la Regi\u00f3n en 1925. En Cartagena lo hizo en los mismos d\u00edas en que lleg\u00f3 a la ciudad la imagen de La Piedad (de Jos\u00e9 Capuz), para la Cofrad\u00eda Marraja. De la exposici\u00f3n de pintura de Almela hizo muy elogiosa cr\u00edtica el tambi\u00e9n pintor y cr\u00edtico de arte Luis Gil de Vicario, quien incluye a Almela en el mundo del Impresionismo art\u00edstico y menciona uno a uno todos los cuadros expuestos, algunos de los cuales se encontrar\u00e1n en colecciones particulares. Entre ellos, muchos pintados durante su reciente estancia en tierras vascas, como &#8216;Pinos de Ulla&#8217;, &#8216;Oto\u00f1o en Guip\u00fazcoa&#8217;, &#8216;El Puerto de San Sebasti\u00e1n al anochecer&#8217;, y &#8216;Plaza de Zubieta&#8217;, entre otros. El comentario de Gil de Vicario concluye diciendo que \u00aben los cuadros de Almela se aprecia la luz ecl\u00e9ctica de la pintura actual y las nieblas dormidas sobre los valles vascos, como en los cuentos y leyendas de los Pirineos&#8230;\u00bb.<\/p>\n<p><img decoding=\"async\" loading=\"lazy\" src=\"https:\/\/www.europesays.com\/es\/wp-content\/uploads\/2025\/12\/huertano-kwXB--650x455@La Verdad.jpg\" class=\"v-a-img\" width=\"650\" height=\"455\" alt=\"'Interior huertano'. Pintura de Jos\u00e9 Mar\u00eda Almela incluida en la colecci\u00f3n fotogr\u00e1fica de obras de arte del Museo de Bellas Artes de Murcia.\" data-voc-vtm-id=\"in-text-traffic\"\/><\/p>\n<p>&#8216;Interior huertano&#8217;. Pintura de Jos\u00e9 Mar\u00eda Almela incluida en la colecci\u00f3n fotogr\u00e1fica de obras de arte del Museo de Bellas Artes de Murcia.<\/p>\n<p>Archivo Regional<\/p>\n<p><img loading=\"lazy\" decoding=\"async\" src=\"https:\/\/www.europesays.com\/es\/wp-content\/uploads\/2025\/12\/huertano.jpg\" class=\"v-mdl__img-z\" width=\"1920\" height=\"1344\" alt=\"\"\/><\/p>\n<p class=\"v-p\">El domingo 16 de mayo abri\u00f3 exposici\u00f3n en Murcia de la que un comentario an\u00f3nimo en &#8216;El Liberal&#8217; dice de \u00e9l ser un joven y aventajado artista (contaba con 25 a\u00f1os), que \u00abhab\u00eda merecido gratos elogios de la cr\u00edtica madrile\u00f1a, y recientemente en Cartagena\u00bb. La muestra pict\u00f3rica hab\u00eda sido muy esperada entre la sociedad capitalina, por lo que se hab\u00eda o\u00eddo y le\u00eddo de las realizadas en otros lugares. Hasta el extremo que el Ayuntamiento, en sesi\u00f3n plenaria celebrada el 3 de junio siguiente, adopt\u00f3 el acuerdo, a propuesta del concejal Navarro, \u00abde adquirir uno de los cuadros que figuran en la exposici\u00f3n, con los fondos econ\u00f3micos procedentes de la becerrada celebrada d\u00edas atr\u00e1s\u00bb. As\u00ed mismo, la Diputaci\u00f3n Provincial, que en ese tiempo presid\u00eda el rector Jos\u00e9 Loustau, en sesi\u00f3n ordinaria celebrada el 16 de agosto, \u00abacord\u00f3 adquirir para esta Corporaci\u00f3n, el cuadro del pintor murciano D. Jos\u00e9 Almela Costa titulado &#8216;A la fiesta&#8217;, cuyo importe se abonar\u00e1 con cargo a la consignaci\u00f3n correspondiente al presupuesto en ejercicio\u00bb.<\/p>\n<p class=\"v-p\">Cincuenta a\u00f1os despu\u00e9s de aquella muestra, la galer\u00eda de arte ZERO, que regentaba mi amigo Juan Bautista Sanz, en la Plaza de la Cruz, organiz\u00f3 (en noviembre de 1975) otra exposici\u00f3n (antol\u00f3gica) \u00abhomenaje al viejo profesor\u00bb, que tambi\u00e9n despert\u00f3 el inter\u00e9s social y art\u00edstico en la capital.<\/p>\n<p>\nCompatibiliz\u00f3 la creaci\u00f3n pl\u00e1stica con el ejercicio de la docencia como catedr\u00e1tico de Dibujo, en Lorca, Orihuela y, finalmente, en Murcia; dej\u00f3 muy buen recuerdo pict\u00f3rico y docente\n<\/p>\n<p class=\"v-p\">Almela Costa, que como es sabido compatibiliz\u00f3 la creaci\u00f3n pl\u00e1stica con el ejercicio de la docencia como catedr\u00e1tico de Dibujo, en Lorca, Orihuela y finalmente en Murcia, dej\u00f3 muy buen recuerdo pict\u00f3rico y docente entre sus admiradores y alumnos, quienes siempre han tenido y tienen a gala haber convivido con un pintor \u00abde moda\u00bb, muy prol\u00edfico hasta su muerte, ocurrida en su casa de la calle Jaime I el Conquistador en 1989.<\/p>\n<p class=\"v-p\">Aquel a\u00f1o de 1925, ahora hace un siglo, tambi\u00e9n expusieron, en Murcia, con \u00e9xito social y de cr\u00edtica, Pedro Flores (quien no cont\u00f3 para hacerlo con la aprobaci\u00f3n de su amigo Luis Garay) y los artistas Francisco Portela y Roig Asuar, en Cartagena. <\/p>\n<p>Reporta un error<\/p>\n<p class=\"v-crt__t\"> L\u00edmite de sesiones alcanzadas<\/p>\n<p class=\"v-crt__p\">El acceso al contenido Premium est\u00e1 abierto por cortes\u00eda del establecimiento donde te encuentras, pero ahora mismo hay demasiados usuarios conectados a las vez.<\/p>\n<p class=\"v-crt__p\">Por favor, int\u00e9ntalo pasados unos minutos.<\/p>\n<p>\nVolver a intentar\n<\/p>\n<p class=\"v-crt__t\">Sesi\u00f3n cerrada<\/p>\n<p class=\"v-crt__p\">Al iniciar sesi\u00f3n desde un dispositivo distinto, por seguridad, se cerr\u00f3 la \u00faltima sesi\u00f3n en este.<\/p>\n<p class=\"v-crt__p\">Para continuar disfrutando de su suscripci\u00f3n digital, inicie sesi\u00f3n en este dispositivo.<\/p>\n<p>\nEste contenido es exclusivo para suscriptores\n<\/p>\n<p class=\"text\">\u00bfTienes una suscripci\u00f3n? <a href=\"https:\/\/secure.laverdad.es\/identidad\/inicio#vca=suscribete&amp;vso=laverdad&amp;vmc=on&amp;vli=cdn-ce-link-login\" class=\"login\" data-voc-vtm-id=\"comienzoSuscripcionON\" data-voc-vtm-info=\"cdn-ce-link-login\" rel=\"nofollow noopener\" target=\"_blank\">Inicia sesi\u00f3n<\/a><\/p>\n","protected":false},"excerpt":{"rendered":"S\u00e1bado, 27 de diciembre 2025, 08:33 A lo largo de este 2025 a punto de concluir se ha&hellip;\n","protected":false},"author":2,"featured_media":310152,"comment_status":"","ping_status":"","sticky":false,"template":"","format":"standard","meta":{"footnotes":""},"categories":[173],"tags":[73063,229,233,231,230,2828,232,234,146,147,5413,25,24,475,9218,23],"class_list":{"0":"post-310151","1":"post","2":"type-post","3":"status-publish","4":"format-standard","5":"has-post-thumbnail","7":"category-arte-y-diseno","8":"tag-almela","9":"tag-arte","10":"tag-arte-y-diseno","11":"tag-arts","12":"tag-arts-and-design","13":"tag-costa","14":"tag-design","15":"tag-diseno","16":"tag-entertainment","17":"tag-entretenimiento","18":"tag-epifania","19":"tag-es","20":"tag-espana","21":"tag-pintor","22":"tag-siglo","23":"tag-spain"},"share_on_mastodon":{"url":"https:\/\/pubeurope.com\/@es\/115792452014603026","error":""},"_links":{"self":[{"href":"https:\/\/www.europesays.com\/es\/wp-json\/wp\/v2\/posts\/310151","targetHints":{"allow":["GET"]}}],"collection":[{"href":"https:\/\/www.europesays.com\/es\/wp-json\/wp\/v2\/posts"}],"about":[{"href":"https:\/\/www.europesays.com\/es\/wp-json\/wp\/v2\/types\/post"}],"author":[{"embeddable":true,"href":"https:\/\/www.europesays.com\/es\/wp-json\/wp\/v2\/users\/2"}],"replies":[{"embeddable":true,"href":"https:\/\/www.europesays.com\/es\/wp-json\/wp\/v2\/comments?post=310151"}],"version-history":[{"count":0,"href":"https:\/\/www.europesays.com\/es\/wp-json\/wp\/v2\/posts\/310151\/revisions"}],"wp:featuredmedia":[{"embeddable":true,"href":"https:\/\/www.europesays.com\/es\/wp-json\/wp\/v2\/media\/310152"}],"wp:attachment":[{"href":"https:\/\/www.europesays.com\/es\/wp-json\/wp\/v2\/media?parent=310151"}],"wp:term":[{"taxonomy":"category","embeddable":true,"href":"https:\/\/www.europesays.com\/es\/wp-json\/wp\/v2\/categories?post=310151"},{"taxonomy":"post_tag","embeddable":true,"href":"https:\/\/www.europesays.com\/es\/wp-json\/wp\/v2\/tags?post=310151"}],"curies":[{"name":"wp","href":"https:\/\/api.w.org\/{rel}","templated":true}]}}